{"id":172759,"date":"2025-10-12T23:07:14","date_gmt":"2025-10-12T23:07:14","guid":{"rendered":"https:\/\/www.europesays.com\/es\/172759\/"},"modified":"2025-10-12T23:07:14","modified_gmt":"2025-10-12T23:07:14","slug":"espana-se-proclama-campeona-en-el-iii-torneo-internacional-de-balonmano-villa-de-iscar-2025","status":"publish","type":"post","link":"https:\/\/www.europesays.com\/es\/172759\/","title":{"rendered":"ESPA\u00d1A SE PROCLAMA CAMPEONA EN EL III TORNEO INTERNACIONAL DE BALONMANO VILLA DE \u00cdSCAR 2025"},"content":{"rendered":"<p>&#13;<br \/>\n        &#13;<br \/>\n&#13;<br \/>\n        &#13;<\/p>\n<p>            <a href=\"https:\/\/www.villadeiscar.es\/wp-content\/uploads\/2025\/10\/Texto-1-1.jpg\" data-caption=\"\" rel=\"nofollow noopener\" target=\"_blank\"><img loading=\"lazy\" decoding=\"async\" width=\"1068\" height=\"1068\" class=\"entry-thumb td-modal-image\" src=\"https:\/\/www.europesays.com\/es\/wp-content\/uploads\/2025\/10\/Texto-1-1-1068x1068.jpg\"   alt=\"\" title=\"Texto (1)\"\/><\/a><\/p>\n<p>Doble victoria para las \u00abGuerreras promesas\u00bb ante Portugal, en el III TORNEO INTERNACIONAL DE BALONMANO VILLA DE \u00cdSCAR 2025<\/p>\n<p>Espa\u00f1a 43-11 Portugal<\/p>\n<p>El Alcalde de \u00cdscar, Jos\u00e9 Andr\u00e9s Sanz, recibi\u00f3 ayer la camiseta honor\u00edfica entregada por la Federaci\u00f3n Espa\u00f1ola de Balonmano.<\/p>\n<p>#iscarconeldeporte<\/p>\n<p>#iscardepuertasalmundo<\/p>\n<p><img fetchpriority=\"high\" decoding=\"async\" class=\"alignnone size-large wp-image-71066\" src=\"https:\/\/www.europesays.com\/es\/wp-content\/uploads\/2025\/10\/III-TORNEO-INTERNACIONAL-DE-BALONMANO-VILLA-DE-ISCAR-2025-1-1024x576.jpeg\" alt=\"\" width=\"696\" height=\"392\"  \/> <img loading=\"lazy\" decoding=\"async\" class=\"alignnone size-large wp-image-71067\" src=\"https:\/\/www.europesays.com\/es\/wp-content\/uploads\/2025\/10\/III-TORNEO-INTERNACIONAL-DE-BALONMANO-VILLA-DE-ISCAR-2025-2-768x1024.jpeg\" alt=\"\" width=\"696\" height=\"928\"  \/> <img loading=\"lazy\" decoding=\"async\" class=\"alignnone size-large wp-image-71068\" src=\"https:\/\/www.europesays.com\/es\/wp-content\/uploads\/2025\/10\/III-TORNEO-INTERNACIONAL-DE-BALONMANO-VILLA-DE-ISCAR-2025-3-768x1024.jpeg\" alt=\"\" width=\"696\" height=\"928\"  \/> <img loading=\"lazy\" decoding=\"async\" class=\"alignnone size-large wp-image-71069\" src=\"https:\/\/www.europesays.com\/es\/wp-content\/uploads\/2025\/10\/III-TORNEO-INTERNACIONAL-DE-BALONMANO-VILLA-DE-ISCAR-2025-4-768x1024.jpeg\" alt=\"\" width=\"696\" height=\"928\"  \/> <img loading=\"lazy\" decoding=\"async\" class=\"alignnone size-large wp-image-71070\" src=\"https:\/\/www.europesays.com\/es\/wp-content\/uploads\/2025\/10\/III-TORNEO-INTERNACIONAL-DE-BALONMANO-VILLA-DE-ISCAR-2025-5-1024x473.jpeg\" alt=\"\" width=\"696\" height=\"321\"  \/><\/p>\n<p>        &#13;<br \/>\n&#13;<br \/>\n        &#13;<br \/>\n                        &#13;<br \/>\n            &#13;<br \/>\n&#13;<br \/>\n                        Art\u00edculo anterior<a href=\"https:\/\/www.villadeiscar.es\/i-gala-del-deporte-en-iscar-celebrada-el-10-de-octubre-de-2025\/\" rel=\"nofollow noopener\" target=\"_blank\">I GALA DEL DEPORTE EN \u00cdSCAR CELEBRADA EL 10 DE OCTUBRE DE 2025<\/a>                                &#13;<br \/>\n&#13;<\/p>\n","protected":false},"excerpt":{"rendered":"&#13; &#13; &#13; &#13; Doble victoria para las \u00abGuerreras promesas\u00bb ante Portugal, en el III TORNEO INTERNACIONAL DE&hellip;\n","protected":false},"author":2,"featured_media":172760,"comment_status":"","ping_status":"","sticky":false,"template":"","format":"standard","meta":{"footnotes":""},"categories":[278],"tags":[376,168,25,24,375,23,167],"class_list":{"0":"post-172759","1":"post","2":"type-post","3":"status-publish","4":"format-standard","5":"has-post-thumbnail","7":"category-balonmano","8":"tag-balonmano","9":"tag-deportes","10":"tag-es","11":"tag-espana","12":"tag-handball","13":"tag-spain","14":"tag-sports"},"share_on_mastodon":{"url":"","error":""},"_links":{"self":[{"href":"https:\/\/www.europesays.com\/es\/wp-json\/wp\/v2\/posts\/172759","targetHints":{"allow":["GET"]}}],"collection":[{"href":"https:\/\/www.europesays.com\/es\/wp-json\/wp\/v2\/posts"}],"about":[{"href":"https:\/\/www.europesays.com\/es\/wp-json\/wp\/v2\/types\/post"}],"author":[{"embeddable":true,"href":"https:\/\/www.europesays.com\/es\/wp-json\/wp\/v2\/users\/2"}],"replies":[{"embeddable":true,"href":"https:\/\/www.europesays.com\/es\/wp-json\/wp\/v2\/comments?post=172759"}],"version-history":[{"count":0,"href":"https:\/\/www.europesays.com\/es\/wp-json\/wp\/v2\/posts\/172759\/revisions"}],"wp:featuredmedia":[{"embeddable":true,"href":"https:\/\/www.europesays.com\/es\/wp-json\/wp\/v2\/media\/172760"}],"wp:attachment":[{"href":"https:\/\/www.europesays.com\/es\/wp-json\/wp\/v2\/media?parent=172759"}],"wp:term":[{"taxonomy":"category","embeddable":true,"href":"https:\/\/www.europesays.com\/es\/wp-json\/wp\/v2\/categories?post=172759"},{"taxonomy":"post_tag","embeddable":true,"href":"https:\/\/www.europesays.com\/es\/wp-json\/wp\/v2\/tags?post=172759"}],"curies":[{"name":"wp","href":"https:\/\/api.w.org\/{rel}","templated":true}]}}