{"id":172761,"date":"2025-10-12T23:08:08","date_gmt":"2025-10-12T23:08:08","guid":{"rendered":"https:\/\/www.europesays.com\/es\/172761\/"},"modified":"2025-10-12T23:08:08","modified_gmt":"2025-10-12T23:08:08","slug":"el-torero-y-el-taxista","status":"publish","type":"post","link":"https:\/\/www.europesays.com\/es\/172761\/","title":{"rendered":"&#8216;El torero y el taxista&#8217;"},"content":{"rendered":"<p class=\"v-p\">Hoy toca hablar de una ficci\u00f3n taurina, pero antes de que ustedes se enzarcen en una pelea entre los que est\u00e1n a favor y en  &#8230; contra de la tauromaquia, les adelanto que en ella no se muestra ninguna corrida ni muere ning\u00fan toro. Se titula &#8216;La suerte&#8217;, lleva el subt\u00edtulo de &#8216;una serie de casualidades&#8217;, tras ella est\u00e1 Paco Plaza y se puede ver en Disney+. Para animarles les dir\u00e9 que adem\u00e1s de excelente, es ins\u00f3lita, completamente distinta a todo lo que se ha hecho sobre el mundo taurino. Se podr\u00eda decir que es lo opuesto a &#8216;Tardes de soledad&#8217;. Sigue a un torero y su cuadrilla por las ferias de diferentes ciudades espa\u00f1olas, narrado desde la perspectiva de un joven taxista que jam\u00e1s a visto una corrida y que prepara oposiciones a la judicatura: un t\u00edmido taxista se convierte inesperadamente en el ch\u00f3fer de &#8216;el Maestro&#8217;, una figura del toreo que sale de su retiro para intentar recuperar el prestigio perdido y el taxista le trae suerte. El t\u00edtulo de &#8216;La suerte&#8217; tiene aqu\u00ed el doble sentido de las cosas que a uno le salen bien y el que se utiliza en el toreo para definir una corrida y sus partes.<\/p>\n<p class=\"v-p\">Protagonizada por \u00d3scar Jaenada como &#8216;el Maestro&#8217; y Ricardo G\u00f3mez como &#8216;el taxista&#8217;, muestra un mundo muy masculino, como es el de la tauromaquia, incidiendo en el contraste entre dos mundos, con mucho humor esperp\u00e9ntico, que incide en las supersticiones y rituales taurinos. &#8216;La suerte&#8217; apuesta por la comprensi\u00f3n entre opuestos con una evidente reflexi\u00f3n social y con una est\u00e9tica muy cuidada. Hay que destacar las interpretaciones: Jaenada siempre imperturbable, serio, como por encima del bien y del mal, y Ricardo G\u00f3mez perplejo, que busca no cagarla, cosa que no siempre consigue. Una simbiosis perfecta.<\/p>\n<p class=\"v-crt__t\"> L\u00edmite de sesiones alcanzadas<\/p>\n<p class=\"v-crt__p\">El acceso al contenido Premium est\u00e1 abierto por cortes\u00eda del establecimiento donde te encuentras, pero ahora mismo hay demasiados usuarios conectados a las vez.<\/p>\n<p class=\"v-crt__p\">Por favor, int\u00e9ntalo pasados unos minutos.<\/p>\n<p>\nVolver a intentar\n<\/p>\n<p class=\"v-crt__t\">Sesi\u00f3n cerrada<\/p>\n<p class=\"v-crt__p\">Al iniciar sesi\u00f3n desde un dispositivo distinto, por seguridad, se cerr\u00f3 la \u00faltima sesi\u00f3n en este.<\/p>\n<p class=\"v-crt__p\">Para continuar disfrutando de su suscripci\u00f3n digital, inicie sesi\u00f3n en este dispositivo.<\/p>\n<p>\nEste contenido es exclusivo para suscriptores\n<\/p>\n<p class=\"text\">\u00bfTienes una suscripci\u00f3n? <a href=\"https:\/\/secure.lasprovincias.es\/login\/login.html#vca=suscribete&amp;vso=lasprovincias&amp;vmc=on&amp;vli=cdn-ce-link-login\" class=\"login\" data-voc-vtm-id=\"comienzoSuscripcionON\" data-voc-vtm-info=\"cdn-ce-link-login\" rel=\"nofollow noopener\" target=\"_blank\">Inicia sesi\u00f3n<\/a><\/p>\n<p>Reporta un error<\/p>\n","protected":false},"excerpt":{"rendered":"Hoy toca hablar de una ficci\u00f3n taurina, pero antes de que ustedes se enzarcen en una pelea entre&hellip;\n","protected":false},"author":2,"featured_media":172762,"comment_status":"","ping_status":"","sticky":false,"template":"","format":"standard","meta":{"footnotes":""},"categories":[277],"tags":[373,168,25,24,23,167,38036,374,1570],"class_list":{"0":"post-172761","1":"post","2":"type-post","3":"status-publish","4":"format-standard","5":"has-post-thumbnail","7":"category-toreo","8":"tag-bullfighting","9":"tag-deportes","10":"tag-es","11":"tag-espana","12":"tag-spain","13":"tag-sports","14":"tag-taxista","15":"tag-toreo","16":"tag-torero"},"share_on_mastodon":{"url":"","error":""},"_links":{"self":[{"href":"https:\/\/www.europesays.com\/es\/wp-json\/wp\/v2\/posts\/172761","targetHints":{"allow":["GET"]}}],"collection":[{"href":"https:\/\/www.europesays.com\/es\/wp-json\/wp\/v2\/posts"}],"about":[{"href":"https:\/\/www.europesays.com\/es\/wp-json\/wp\/v2\/types\/post"}],"author":[{"embeddable":true,"href":"https:\/\/www.europesays.com\/es\/wp-json\/wp\/v2\/users\/2"}],"replies":[{"embeddable":true,"href":"https:\/\/www.europesays.com\/es\/wp-json\/wp\/v2\/comments?post=172761"}],"version-history":[{"count":0,"href":"https:\/\/www.europesays.com\/es\/wp-json\/wp\/v2\/posts\/172761\/revisions"}],"wp:featuredmedia":[{"embeddable":true,"href":"https:\/\/www.europesays.com\/es\/wp-json\/wp\/v2\/media\/172762"}],"wp:attachment":[{"href":"https:\/\/www.europesays.com\/es\/wp-json\/wp\/v2\/media?parent=172761"}],"wp:term":[{"taxonomy":"category","embeddable":true,"href":"https:\/\/www.europesays.com\/es\/wp-json\/wp\/v2\/categories?post=172761"},{"taxonomy":"post_tag","embeddable":true,"href":"https:\/\/www.europesays.com\/es\/wp-json\/wp\/v2\/tags?post=172761"}],"curies":[{"name":"wp","href":"https:\/\/api.w.org\/{rel}","templated":true}]}}