{"id":172793,"date":"2025-10-12T23:29:16","date_gmt":"2025-10-12T23:29:16","guid":{"rendered":"https:\/\/www.europesays.com\/es\/172793\/"},"modified":"2025-10-12T23:29:16","modified_gmt":"2025-10-12T23:29:16","slug":"deportaciones-y-salida-de-la-ue","status":"publish","type":"post","link":"https:\/\/www.europesays.com\/es\/172793\/","title":{"rendered":"deportaciones y salida de la UE"},"content":{"rendered":"<p>Se acab\u00f3 la fiesta. As\u00ed clam\u00f3 <strong>Luis Alvise P\u00e9rez<\/strong> este domingo desde el <strong>Palacio de Vistalegre<\/strong> ante 7.000 simpatizantes -seg\u00fan los convocantes, este s\u00e1bado anunciaron que hab\u00edan vendido m\u00e1s de 5.000- que acudieron a la puesta de largo de su partido, <strong>SALF<\/strong>. Alvise oficializ\u00f3 en enero la marca registrando como partido la agrupaci\u00f3n de electores con la que concurri\u00f3 a las europeas en 2024. Y eligi\u00f3 este enclave, el mismo d\u00eda de la <strong>Fiesta Nacional<\/strong>, para cargar contra \u00abel sistema partitocr\u00e1tico\u00bb y las instituciones del r\u00e9gimen del 78. Pero principalmente para hacer competencia a <strong>Vox <\/strong>-elige su feudo desde 2018- dado que puja con <strong>Santiago Abascal<\/strong> por nichos de votantes potentes, como los m\u00e1s j\u00f3venes o el p\u00fablico m\u00e1s radicalizado en la extrema derecha.<\/p>\n<p>En un acto prolongado desde las cuatro hasta las seis y media de la tarde, Alvise ahond\u00f3 en algunas de sus banderas principales, como el <strong>rechazo a la inmigraci\u00f3n<\/strong>, al <strong>Estado <\/strong>o a los partidos tradicionales.<\/p>\n<p>\u00abEl 12 de octubre es una fecha esencial, pero no queda nada de esa grandeza. <strong>Espa\u00f1a <\/strong>est\u00e1 secuestrada y humillada por sus gobernantes. Nos dijeron que \u00e9ramos una anomal\u00eda. Aqu\u00ed est\u00e1 la anomal\u00eda, el pueblo espa\u00f1ol, que se niega a aceptar la decadencia. Llevamos medio siglo con un sistema que hace que vivamos como esclavos. Hoy no nos resignamos. Presentamos las l\u00edneas maestras de nuestra oferta para las generales. Se acab\u00f3 la fiesta y el saqueo y comienza el momento del sentido com\u00fan\u00bb, arranc\u00f3 Alvise en su discurso. <\/p>\n<p>            <a class=\"articulo-relacionado__media\" href=\"https:\/\/www.elindependiente.com\/espana\/2025\/10\/11\/alvise-desafia-a-vox-desde-vistalegre-en-un-primer-paso-electoral-para-las-generales\/\" title=\"Alvise desaf\u00eda a Vox desde Vistalegre en un primer paso electoral para las generales\" rel=\"nofollow noopener\" target=\"_blank\"><\/p>\n<p>                <img loading=\"lazy\" decoding=\"async\" src=\"data:image\/svg+xml,%3Csvg%20xmlns=\" http:=\"\" width=\"390\" height=\"220\" alt=\"Alvise desaf\u00eda a Vox desde Vistalegre en un primer paso electoral para las generales\" data-lazy-src=\"https:\/\/www.europesays.com\/es\/wp-content\/uploads\/2025\/10\/alvise-salf-supremo-390x220.jpg\"\/><\/p>\n<p>\t\t\t            <\/a><\/p>\n<p>El pol\u00edtico estructur\u00f3 su proyecto en diversos pilares. Empezando por el primero, que es la <strong>seguridad<\/strong>. Sin ella, asegur\u00f3 que no hay \u00ablibertad\u00bb, justo antes de poner el foco en la inmigraci\u00f3n. \u00abLa tasa de criminalidad de extranjeros triplica la normal. Por ello, anuncio un plan de deportaci\u00f3n masiva de inmigrantes ilegales financiado con los millones de ayuda en cooperaci\u00f3n internacional a la cooperaci\u00f3n, empezando por Marruecos. No usaremos barcos para escoltar flotillas, sino para expulsar del pa\u00eds y vetar la entrada ilegal\u00bb, subray\u00f3.<\/p>\n<p>El segundo pilar, continu\u00f3 Alvise, es la soberan\u00eda, que afirm\u00f3 que \u00abtambi\u00e9n se decide en <strong>Bruselas<\/strong>\u00ab: \u00abLa <strong>UE <\/strong>ha traicionado los principios fundacionales con una visi\u00f3n globalista que quiere enviaros a morir a conflictos que no son nuestros. Ni una gota de sangre espa\u00f1ola para defender los intereses de la UE\u00bb, destac\u00f3, haciendo referencia a la guerra de <strong>Ucrania<\/strong>.<\/p>\n<p>En esa misma l\u00ednea, sigui\u00f3 disparando contra Bruselas: \u00ab\u00bfY qu\u00e9 clase de UE es esa que desmantela nuestra productividad? \u00bfQu\u00e9 es esa UE que destruye nuestro campo y a nuestros agricultores? Europa nos ha traicionado. Pedimos respeto, somos la cuarta econom\u00eda de la zona euro. O la UE respeta de una vez a Espa\u00f1a o someter\u00e1 a un refer\u00e9ndum. \u00a1Que decida el pueblo espa\u00f1ol! Si Europa nos da la espalda, miraremos a nuestros hermanos de Hispanoam\u00e9rica, que tienen nuestra misma lengua, valores y cristianismo. Vamos a potenciarlo\u00bb. <\/p>\n<p>El tercer pilar del programa de SALF ser\u00e1 la Justicia. Ante ello, Alvise mira a Nayib Bukele, el presidente de El Salvador y a sus proyectos carcelarios. \u00abHemos desarrollado los planos de una primera macro c\u00e1rcel. Se acabaron los permisos, habr\u00e1 disciplina. Si quieren permisos que trabajen. \u00a1Se va a acabar ya!\u00bb, exclam\u00f3. Los corruptos, avis\u00f3, \u00abir\u00e1n a prisi\u00f3n\u00bb. Para ello, propone reformar el C\u00f3digo Penal para que este tipo de delitos no prescriban. Aunque cabe recordar que el propio Alvise tiene una causa abierta en el <strong>Tribunal Supremo<\/strong> por el supuesto cobro de 100.000 euros para financiar irregularmente la campa\u00f1a pol\u00edtica de las pasadas elecciones europeas.<\/p>\n<p>            <a class=\"articulo-relacionado__media\" href=\"https:\/\/www.elindependiente.com\/espana\/2025\/08\/28\/el-atraco-en-casa-del-socio-de-alvise-mucho-mas-que-criptos-20-monedas-de-oro-7-diamantes-y-35-relojes-de-medio-millon\/\" title=\"El atraco en casa del &#039;socio de Alvise&#039;, mucho m\u00e1s que criptos: 20 monedas de oro, 7 diamantes y 35 relojes de medio mill\u00f3n\" rel=\"nofollow noopener\" target=\"_blank\"><\/p>\n<p>                <img loading=\"lazy\" decoding=\"async\" src=\"data:image\/svg+xml,%3Csvg%20xmlns=\" http:=\"\" width=\"390\" height=\"220\" alt=\"El atraco en casa del 'socio de Alvise', mucho m\u00e1s que criptos: 20 monedas de oro, 7 diamantes y 35 relojes de medio mill\u00f3n\" data-lazy-src=\"https:\/\/www.europesays.com\/es\/wp-content\/uploads\/2025\/10\/robo-romillo-01-390x220.jpg\"\/><\/p>\n<p>\t\t\t            <\/a><\/p>\n<p>La \u00ablibertad\u00bb es el cuarto pilar de su programa: \u00ab<strong>Hacienda <\/strong>ha creado un clima del terror, la inseguridad fiscal espanta al capital. Por eso no hay inversi\u00f3n internacional. Con los de a pie no tienen piedad, pero con <strong>\u00c1balos <\/strong>y <strong>Koldo <\/strong>son ciegos. Por ello, anunciamos el 0% del IRPF al espa\u00f1ol que cobre menos de 30.000 euros, y rebajaremos medio punto por cada hijo que se tenga para aumentar la natalidad\u00bb. <\/p>\n<p>En quinto lugar, prometi\u00f3 prohibir que los partidos se puedan financiar con dinero p\u00fablico y reducir el tama\u00f1o del Estado gracias a la inteligencia artificial (IA). Algo que ayudar\u00e1 a eliminar \u00abtoda la burocracia prescindible\u00bb, consiguiendo una reducci\u00f3n \u00abmasiva\u00bb de cargos pol\u00edticos y un \u00abadelgazamiento\u00bb del sistema. <\/p>\n<p>\u00abUna persona vale lo que vale su palabra. Agradezco a la gente que confi\u00f3 en m\u00ed. Yo no he venido a la pol\u00edtica como un par\u00e1sito. Vine a cumplir\u00bb, manifest\u00f3 el pol\u00edtico justo antes de anunciar que donar\u00e1 50.000 euros de su sueldo acumulado a los hu\u00e9rfanos de la Guardia Civil. De nuevo, hay que recordar que en las anteriores elecciones europeas prometi\u00f3 donar su sueldo mensualmente por sorteo, pero no lo hizo con regularidad. <\/p>\n<p>El sexto pilar es la cohesi\u00f3n social. \u00abPero no con mentiras. El sistema de pensiones no es sostenible, las pensiones ya se pagan con deudas y el poder pretende una guerra entre j\u00f3venes y abuelos\u00bb, destac\u00f3. Tambi\u00e9n critic\u00f3 las \u00ablargas\u00bb listas de espera del sistema sanitario: \u00abLa <strong>Sanidad <\/strong>de antes, que era la mejor del mundo, no es la que hemos heredado. Pero esta mierda la vamos a cambiar ya. Cuando dependa de nosotros haremos que ning\u00fan espa\u00f1ol tenga que verse tirado como tu con horas de espera mientras tienen preferencia los que vienen de la mano de las ONG\u00bb.<\/p>\n<p>Otro de los puntos principales para Alvise es el de la vivienda. Un tema en el que prometi\u00f3 no utilizar \u00abparches\u00bb, sino proponer un \u00abplan \u00f3ptimo\u00bb que pasar\u00eda por la democratizaci\u00f3n total del suelo. \u00abTodo debe ser urbanizable, salvo razones objetivas. Quien construya tendr\u00e1 ventajas fiscales\u00bb, declar\u00f3. <\/p>\n<p>Igualmente, otra medida importante del programa es la que hace referencia a la seguridad jur\u00eddica, en la que incluye la lucha contra la okupaci\u00f3n basada en penas inmediatas de prisi\u00f3n y un plan inmediato de desalojo.<\/p>\n<p>\u00ab<strong>Las promesas no bastan. Nos enfrentamos a un sistema que manipula y que no evitar\u00e1 robar las elecciones <\/strong>si ven que pierde. Por eso iniciamos un tour para presentar dos herramientas fundamentales para ganar: una memoria econ\u00f3mica para ver c\u00f3mo se acaba el despilfarro y nuestro software, EscrutinIA 2.0, para saber qu\u00e9 resultados reales tenemos y para denunciar casos de pucherazo en mesas electorales v\u00eda WhatsApp o Telegram. Cuando os pregunten, decid que vot\u00e1is a otro a Feij\u00f3o o a Irene Montero para que Indra no tenga nuestros datos ni sepa nuestros feudos\u00bb, coment\u00f3.<\/p>\n<p>Para el pol\u00edtico, este programa supone \u00abvivir en lugar de arrodillarse\u00bb. \u00abOs pido que cuando las fuerzas desfallezcan luch\u00e9is conjuntamente hasta que este pa\u00eds sea m\u00e1s seguro y libre\u00bb, zanj\u00f3.<\/p>\n<p>El evento comenz\u00f3 con m\u00e1s de media hora de retraso por la afluencia de asistentes que se concentraron en los exteriores, algo que ha prolongado varias de las colas formadas para los accesos por los distintos costados de Vistalegre por las calles aleda\u00f1as, casi a modo de zigzag. En ellas, variedad de perfiles, pero predominio de hombres y mujeres de mediana edad, de entre 30 y 50 a\u00f1os. Familias con ni\u00f1os, y tambi\u00e9n j\u00f3venes y jubilados. Alvise apenas mencion\u00f3 a S\u00e1nchez, pero tanto en el exterior como dentro, corearon a voz en grito \u00abPedro S\u00e1nchez, hijo de puta\u00bb.<\/p>\n<p>El acto fue una continuaci\u00f3n de discursos en los que se present\u00f3 a los principales rostros de SALF. \u00danicamente rompi\u00f3 el &#8216;decoro&#8217; del evento un imitador de Jos\u00e9 Luis \u00c1balos, contratado por Alvise, que justific\u00f3 a modo de parodia sus actuaciones y las contrataciones p\u00fablicas de mujeres por \u00abm\u00e9ritos\u00bb. Se incorpor\u00f3 a la escena otra imitadora de J\u00e9sica, con minifalda y escote cuyo \u00fanico di\u00e1logo fue declarar que \u00abtiene conocimientos de franc\u00e9s y griego\u00bb. El n\u00famero finaliz\u00f3 con el imitador esposado y detenido.<\/p>\n<p>            <a class=\"articulo-relacionado__media\" href=\"https:\/\/www.elindependiente.com\/espana\/2025\/10\/12\/sanchez-abandona-el-palacio-real-con-prisa-para-viajar-a-egipto-y-feijoo-carga-contra-el-no-le-gusta-el-dia-de-la-hispanidad\/\" title=\"S\u00e1nchez abandona el Palacio Real con prisa para viajar a Egipto y Feij\u00f3o ironiza: &quot;\u00bfNo le gusta el D\u00eda de la Hispanidad?&quot;\" rel=\"nofollow noopener\" target=\"_blank\"><\/p>\n<p>                <img loading=\"lazy\" decoding=\"async\" src=\"data:image\/svg+xml,%3Csvg%20xmlns=\" http:=\"\" width=\"390\" height=\"220\" alt=\"S\u00e1nchez abandona el Palacio Real con prisa para viajar a Egipto y Feij\u00f3o ironiza: &quot;\u00bfNo le gusta el D\u00eda de la Hispanidad?&quot;\" data-lazy-src=\"https:\/\/www.europesays.com\/es\/wp-content\/uploads\/2025\/10\/d1a30f5f50e5971923f2d175ed05c95823d7ad42-scaled-e1760289681881-390x220.jpg\"\/><\/p>\n<p>\t\t\t            <\/a><\/p>\n<p>PUBLICIDAD<\/p>\n","protected":false},"excerpt":{"rendered":"Se acab\u00f3 la fiesta. As\u00ed clam\u00f3 Luis Alvise P\u00e9rez este domingo desde el Palacio de Vistalegre ante 7.000&hellip;\n","protected":false},"author":2,"featured_media":172794,"comment_status":"","ping_status":"","sticky":false,"template":"","format":"standard","meta":{"footnotes":""},"categories":[5],"tags":[25790,17,18,4374,25,24,13,14,11,19,20,9,10,15,16,23,12,21,22,624],"class_list":{"0":"post-172793","1":"post","2":"type-post","3":"status-publish","4":"format-standard","5":"has-post-thumbnail","7":"category-titulares","8":"tag-alvise-perez","9":"tag-breaking-news","10":"tag-breakingnews","11":"tag-elecciones","12":"tag-es","13":"tag-espana","14":"tag-featured-news","15":"tag-featurednews","16":"tag-headlines","17":"tag-latest-news","18":"tag-latestnews","19":"tag-news","20":"tag-noticias","21":"tag-noticias-destacadas","22":"tag-noticiasdestacadas","23":"tag-spain","24":"tag-titulares","25":"tag-ultimas-noticias","26":"tag-ultimasnoticias","27":"tag-vox"},"share_on_mastodon":{"url":"","error":""},"_links":{"self":[{"href":"https:\/\/www.europesays.com\/es\/wp-json\/wp\/v2\/posts\/172793","targetHints":{"allow":["GET"]}}],"collection":[{"href":"https:\/\/www.europesays.com\/es\/wp-json\/wp\/v2\/posts"}],"about":[{"href":"https:\/\/www.europesays.com\/es\/wp-json\/wp\/v2\/types\/post"}],"author":[{"embeddable":true,"href":"https:\/\/www.europesays.com\/es\/wp-json\/wp\/v2\/users\/2"}],"replies":[{"embeddable":true,"href":"https:\/\/www.europesays.com\/es\/wp-json\/wp\/v2\/comments?post=172793"}],"version-history":[{"count":0,"href":"https:\/\/www.europesays.com\/es\/wp-json\/wp\/v2\/posts\/172793\/revisions"}],"wp:featuredmedia":[{"embeddable":true,"href":"https:\/\/www.europesays.com\/es\/wp-json\/wp\/v2\/media\/172794"}],"wp:attachment":[{"href":"https:\/\/www.europesays.com\/es\/wp-json\/wp\/v2\/media?parent=172793"}],"wp:term":[{"taxonomy":"category","embeddable":true,"href":"https:\/\/www.europesays.com\/es\/wp-json\/wp\/v2\/categories?post=172793"},{"taxonomy":"post_tag","embeddable":true,"href":"https:\/\/www.europesays.com\/es\/wp-json\/wp\/v2\/tags?post=172793"}],"curies":[{"name":"wp","href":"https:\/\/api.w.org\/{rel}","templated":true}]}}