{"id":172795,"date":"2025-10-12T23:30:19","date_gmt":"2025-10-12T23:30:19","guid":{"rendered":"https:\/\/www.europesays.com\/es\/172795\/"},"modified":"2025-10-12T23:30:19","modified_gmt":"2025-10-12T23:30:19","slug":"el-rocasa-tropieza-en-telde-en-un-partido-marcado-por-la-solidaridad","status":"publish","type":"post","link":"https:\/\/www.europesays.com\/es\/172795\/","title":{"rendered":"El Rocasa tropieza en Telde en un partido marcado por la solidaridad"},"content":{"rendered":"<p style=\"text-align:justify;\">El <strong>Rocasa Gran Canaria<\/strong> no logr\u00f3 reencontrarse este s\u00e1bado\u00a0con la victoria en casa tras su derrota del pasado mi\u00e9rcoles en Navarra. El conjunto teldense cay\u00f3 este <strong>s\u00e1bado<\/strong> ante el <strong>Costa del Sol M\u00e1laga (21-25)<\/strong> en un encuentro que trascendi\u00f3 lo deportivo al convertirse en una <strong>jornada solidaria de apoyo a la Asociaci\u00f3n Canaria Contra el C\u00e1ncer de Mama (ACCM)<\/strong>. El equipo local salt\u00f3 a la pista con su equipaci\u00f3n rosa como s\u00edmbolo de concienciaci\u00f3n y compromiso con la causa.<\/p>\n<p style=\"text-align:justify;\">\u00a0<\/p>\n<p style=\"text-align:justify;\">El choque comenz\u00f3 con m\u00e1xima intensidad y defensas s\u00f3lidas en ambos lados. Sin embargo, el conjunto andaluz se mostr\u00f3 m\u00e1s eficaz en ataque y m\u00e1s organizado en defensa, tomando la delantera desde el inicio. La <strong>exclusi\u00f3n temprana de Isabelle Medeiros (minuto 7)<\/strong> abri\u00f3 la puerta a un intercambio de sanciones que condicion\u00f3 el ritmo del partido.<\/p>\n<p style=\"text-align:justify;\">\u00a0<\/p>\n<p style=\"text-align:justify;\">Una sanci\u00f3n clave a <strong>Larissa Da Silva<\/strong> permiti\u00f3 a las visitantes abrir brecha, aunque la propia jugadora brasile\u00f1a y <strong>Eider Poles<\/strong> mantuvieron con vida el ataque grancanario. Pese al tiempo muerto solicitado por <strong>Carlos Herrera<\/strong>, el Rocasa no logr\u00f3 recortar distancias y se march\u00f3 al descanso con un <strong>9-11<\/strong> gracias a las paradas de <strong>Silvia Navarro<\/strong> y un \u00faltimo contraataque culminado por <strong>Martina Lang<\/strong>.<\/p>\n<p style=\"text-align:justify;\">\u00a0<\/p>\n<p style=\"text-align:justify;\">Tras el descanso, el panorama se complic\u00f3 a\u00fan m\u00e1s para las locales. El Costa del Sol firm\u00f3 un <strong>parcial de 0-4<\/strong> en apenas cinco minutos que llev\u00f3 el marcador a un <strong>11-17<\/strong> en el minuto 38. La <strong>segunda exclusi\u00f3n de Maja Portillo<\/strong> agrav\u00f3 la situaci\u00f3n, aunque un golpe sobre <strong>Mar\u00eda Zald\u00faa<\/strong> que deriv\u00f3 en sanci\u00f3n para <strong>Nicxon Hiobi<\/strong> dio un respiro al Rocasa, que aprovech\u00f3 para reducir diferencias.<\/p>\n<p style=\"text-align:justify;\">\u00a0<\/p>\n<p style=\"text-align:justify;\">La reacci\u00f3n final, impulsada por <strong>Larissa Da Silva<\/strong> y <strong>Martina Lang<\/strong>, permiti\u00f3 a las teldenses dejar el marcador en un <strong>21-25<\/strong> que refleja la lucha mostrada hasta el final. La <strong>sueca Linnea Sundholm<\/strong>, con <strong>seis goles<\/strong>, fue la m\u00e1xima anotadora de las isle\u00f1as y asumi\u00f3 el liderazgo ofensivo ante la ausencia de <strong>Mar\u00eda Gonz\u00e1lez<\/strong>, baja por lesi\u00f3n.<\/p>\n<p style=\"text-align:justify;\">\u00a0<\/p>\n<p style=\"text-align:justify;\">Con esta derrota, el Rocasa suma <strong>6 puntos<\/strong> y se mantiene en la <strong>sexta posici\u00f3n<\/strong> de la <strong>Liga Guerreras Iberdrola<\/strong>, a la espera de los resultados restantes de la <strong>jornada 6<\/strong>. En el otro partido ya disputado, el <strong>Porri\u00f1o<\/strong> venci\u00f3 al <strong>Elda<\/strong> por un ajustado <strong>28-27<\/strong>.<\/p>\n","protected":false},"excerpt":{"rendered":"El Rocasa Gran Canaria no logr\u00f3 reencontrarse este s\u00e1bado\u00a0con la victoria en casa tras su derrota del pasado&hellip;\n","protected":false},"author":2,"featured_media":172796,"comment_status":"","ping_status":"","sticky":false,"template":"","format":"standard","meta":{"footnotes":""},"categories":[278],"tags":[49905,376,168,25,24,375,23,167],"class_list":{"0":"post-172795","1":"post","2":"type-post","3":"status-publish","4":"format-standard","5":"has-post-thumbnail","7":"category-balonmano","8":"tag-telde-rocasagrancanaria-balonmano-ligaguerrerasiberdrola-deportes-costadelsol-cancerdemama-solidaridad-noticias-grancanaria","9":"tag-balonmano","10":"tag-deportes","11":"tag-es","12":"tag-espana","13":"tag-handball","14":"tag-spain","15":"tag-sports"},"share_on_mastodon":{"url":"","error":""},"_links":{"self":[{"href":"https:\/\/www.europesays.com\/es\/wp-json\/wp\/v2\/posts\/172795","targetHints":{"allow":["GET"]}}],"collection":[{"href":"https:\/\/www.europesays.com\/es\/wp-json\/wp\/v2\/posts"}],"about":[{"href":"https:\/\/www.europesays.com\/es\/wp-json\/wp\/v2\/types\/post"}],"author":[{"embeddable":true,"href":"https:\/\/www.europesays.com\/es\/wp-json\/wp\/v2\/users\/2"}],"replies":[{"embeddable":true,"href":"https:\/\/www.europesays.com\/es\/wp-json\/wp\/v2\/comments?post=172795"}],"version-history":[{"count":0,"href":"https:\/\/www.europesays.com\/es\/wp-json\/wp\/v2\/posts\/172795\/revisions"}],"wp:featuredmedia":[{"embeddable":true,"href":"https:\/\/www.europesays.com\/es\/wp-json\/wp\/v2\/media\/172796"}],"wp:attachment":[{"href":"https:\/\/www.europesays.com\/es\/wp-json\/wp\/v2\/media?parent=172795"}],"wp:term":[{"taxonomy":"category","embeddable":true,"href":"https:\/\/www.europesays.com\/es\/wp-json\/wp\/v2\/categories?post=172795"},{"taxonomy":"post_tag","embeddable":true,"href":"https:\/\/www.europesays.com\/es\/wp-json\/wp\/v2\/tags?post=172795"}],"curies":[{"name":"wp","href":"https:\/\/api.w.org\/{rel}","templated":true}]}}