{"id":172825,"date":"2025-10-12T23:51:12","date_gmt":"2025-10-12T23:51:12","guid":{"rendered":"https:\/\/www.europesays.com\/es\/172825\/"},"modified":"2025-10-12T23:51:12","modified_gmt":"2025-10-12T23:51:12","slug":"los-municipios-de-valencia-donde-mas-ha-llovido-en-las-ultimas-72-horas","status":"publish","type":"post","link":"https:\/\/www.europesays.com\/es\/172825\/","title":{"rendered":"Los municipios de Valencia donde m\u00e1s ha llovido en las \u00faltimas 72 horas"},"content":{"rendered":"<p class=\"ft-text ft-helper-closenews\">El <a class=\"ft-link ft-link--decoration\" href=\"https:\/\/www.levante-emv.com\/comunitat-valenciana\/2025\/10\/12\/prevision-tiempo-valencia-aemet-manana-lunes-122540470.html\" target=\"_blank\" rel=\"nofollow noopener\"><strong>episodio de intensas lluvias que ocasionado por la dana Alice<\/strong><\/a>, que poco a poco se ir\u00e1 extinguiendo aunque la inestabilidad y las lluvias continuar\u00e1n en las pr\u00f3ximas horas en la provincia de Valencia, ha dejado tras de s\u00ed cantidades estratosf\u00e9ricas de agua.<\/p>\n<p class=\"ft-text\">Seg\u00fan los <strong>datos <\/strong>recogidos en las estaciones meteorol\u00f3gicas que forman parte de la <a class=\"ft-link ft-link--decoration\" href=\"https:\/\/www.avamet.org\/mxo-mxo-prec.php\" rel=\"nofollow noopener\" target=\"_blank\">Associaci\u00f3 Valenciana de Meteorologia Josep Peinado (Avamet)<\/a>, Carcaixent ha sido el municipio de Valencia m\u00e1s castigado por la lluvia en estas \u00faltimas jornadas al liderar pr\u00e1cticamente desde el jueves el ranking de precipitaciones.<\/p>\n<p>Balance del episodio de lluvias<\/p>\n<p class=\"ft-text\">Los <strong>municipios de Valencia donde m\u00e1s agua se ha recogido en las \u00faltimas 72 horas<\/strong> han sido, seg\u00fan Avamet:<\/p>\n<ul class=\"ft-list ft-list--primary\" data-aida-text=\"\">\n<li class=\"ft-list__item\">Carcaixent 274,4 l\/m\u00b2<\/li>\n<li class=\"ft-list__item\">Sollana (el Roman\u00ed) 254,8 l\/m\u00b2<\/li>\n<li class=\"ft-list__item\">Miramar 247,8 l\/m\u00b2<\/li>\n<li class=\"ft-list__item\">Alginet 244,6 l\/m\u00b2<\/li>\n<li class=\"ft-list__item\">Gandia 238,8 l\/m\u00b2<\/li>\n<li class=\"ft-list__item\">Simat de la Valldigna 238,4 l\/m\u00b2<\/li>\n<li class=\"ft-list__item\">Benifl\u00e0 236,0 l\/m\u00b2<\/li>\n<li class=\"ft-list__item\">Barx 235,5 l\/m\u00b2<\/li>\n<li class=\"ft-list__item\">el Genov\u00e9s 230,2 l\/m\u00b2<\/li>\n<li class=\"ft-list__item\">Almiser\u00e0 221,1 l\/m\u00b2<\/li>\n<li class=\"ft-list__item\">Quatretonda 218,0 l\/m\u00b2<\/li>\n<li class=\"ft-list__item\">Barxeta 215,6 l\/m\u00b2<\/li>\n<li class=\"ft-list__item\">Llutxent 215,0 l\/m\u00b2<\/li>\n<li class=\"ft-list__item\">Castellonet de la Conquesta 214,5 l\/m\u00b2<\/li>\n<li class=\"ft-list__item\">Rafelcofer 210,6 l\/m\u00b2<\/li>\n<li class=\"ft-list__item\">Pinet 208,0 l\/m\u00b2<\/li>\n<li class=\"ft-list__item\">Palma de Gandia 206,2 l\/m\u00b2<\/li>\n<li class=\"ft-list__item\">X\u00e0tiva 201,1 l\/m\u00b2<\/li>\n<li class=\"ft-list__item\">Alc\u00e0sser 201,0 l\/m\u00b2<\/li>\n<li class=\"ft-list__item\">Alfauir 196,8 l\/m\u00b2<\/li>\n<li class=\"ft-list__item\">Val\u00e8ncia (l&#8217;Albufera) 190,8 l\/m\u00b2<\/li>\n<li class=\"ft-list__item\">Alzira 189,0 l\/m\u00b2<\/li>\n<li class=\"ft-list__item\">Agullent 188,8 l\/m\u00b2<\/li>\n<li class=\"ft-list__item\">el R\u00e0fol de Salem 186,4 l\/m\u00b2<\/li>\n<li class=\"ft-list__item\">Llocnou d&#8217;en Fenollet 185,7 l\/m\u00b2<\/li>\n<li class=\"ft-list__item\">Alc\u00e0ntera de X\u00faquer 185,0 l\/m\u00b2<\/li>\n<li class=\"ft-list__item\">Favara 184,6 l\/m\u00b2<\/li>\n<li class=\"ft-list__item\">Sollana 184,2 l\/m\u00b2<\/li>\n<li class=\"ft-list__item\">Carr\u00edcola 184,1 l\/m\u00b2<\/li>\n<li class=\"ft-list__item\">Aielo de Rugat 183,4 l\/m\u00b2<\/li>\n<li class=\"ft-list__item\">Cotes 182,8 l\/m\u00b2<\/li>\n<li class=\"ft-list__item\">Guadass\u00e8quies 182,6 l\/m\u00b2<\/li>\n<li class=\"ft-list__item\">Salem 180,8 l\/m\u00b2<\/li>\n<li class=\"ft-list__item\">Palmera 180,8 l\/m\u00b2<\/li>\n<li class=\"ft-list__item\">el Real de Gandia 180,6 l\/m\u00b2<\/li>\n<li class=\"ft-list__item\">Castell\u00f3 de Rugat 179,6 l\/m\u00b2<\/li>\n<li class=\"ft-list__item\">Atzeneta d&#8217;Albaida 179,3 l\/m\u00b2<\/li>\n<li class=\"ft-list__item\">la Font d&#8217;en Carr\u00f2s 174,9 l\/m\u00b2<\/li>\n<li class=\"ft-list__item\">Oliva 174,6 l\/m\u00b2<\/li>\n<li class=\"ft-list__item\">Benirredr\u00e0 172,0 l\/m\u00b2<\/li>\n<li class=\"ft-list__item\">Ontinyent 171,8 l\/m\u00b2<\/li>\n<li class=\"ft-list__item\">Navarr\u00e9s 169,7 l\/m\u00b2<\/li>\n<li class=\"ft-list__item\">B\u00e8lgida 169,0 l\/m\u00b2<\/li>\n<li class=\"ft-list__item\">Aielo de Rugat 168,2 l\/m\u00b2<\/li>\n<li class=\"ft-list__item\">Antella 166,9 l\/m\u00b2<\/li>\n<li class=\"ft-list__item\">Tavernes de la Valldigna 164,8 l\/m\u00b2<\/li>\n<li class=\"ft-list__item\">l&#8217;Alc\u00fadia de Crespins 164,6 l\/m\u00b2<\/li>\n<li class=\"ft-list__item\">la Barraca d&#8217;Aig\u00fces Vives 164,2 l\/m\u00b2<\/li>\n<li class=\"ft-list__item\">Benicolet 164,1 l\/m\u00b2<\/li>\n<li class=\"ft-list__item\">Potries 162,5 l\/m\u00b2<\/li>\n<li class=\"ft-list__item\">Cotes 162,1 l\/m\u00b2<\/li>\n<li class=\"ft-list__item\">l&#8217;Olleria 161,4 l\/m\u00b2<\/li>\n<li class=\"ft-list__item\">la Pobla del Duc 161,4 l\/m\u00b2<\/li>\n<li class=\"ft-list__item\">Sueca 161,2 l\/m\u00b2<\/li>\n<li class=\"ft-list__item\">Cerd\u00e0 160,5 l\/m\u00b2<\/li>\n<li class=\"ft-list__item\">Castell\u00f3 159,4 l\/m\u00b2<\/li>\n<li class=\"ft-list__item\">Massalfassar 159,3 l\/m\u00b2<\/li>\n<li class=\"ft-list__item\">Chella 158,6 l\/m\u00b2<\/li>\n<li class=\"ft-list__item\">Montitxelvo 157,0 l\/m\u00b2<\/li>\n<li class=\"ft-list__item\">Quart de Poblet 156,4 l\/m\u00b2<\/li>\n<li class=\"ft-list__item\">Anna 156,0 l\/m\u00b2<\/li>\n<li class=\"ft-list__item\">Bocairent 155,6 l\/m\u00b2<\/li>\n<li class=\"ft-list__item\">Albaida 151,6 l\/m\u00b2<\/li>\n<li class=\"ft-list__item\">Simat de la Valldigna 150,6 l\/m\u00b2<\/li>\n<\/ul>\n<p data-close=\"closedContent\" class=\"subscribeHideForDisplay\">Suscr\u00edbete para seguir leyendo<\/p>\n","protected":false},"excerpt":{"rendered":"El episodio de intensas lluvias que ocasionado por la dana Alice, que poco a poco se ir\u00e1 extinguiendo&hellip;\n","protected":false},"author":2,"featured_media":172826,"comment_status":"","ping_status":"","sticky":false,"template":"","format":"standard","meta":{"footnotes":""},"categories":[8],"tags":[2980,5051,49912,17,18,1681,49650,23515,25,24,13,14,11,19,20,6194,6010,9,10,15,16,23,23516,12,21,22],"class_list":{"0":"post-172825","1":"post","2":"type-post","3":"status-publish","4":"format-standard","5":"has-post-thumbnail","7":"category-espana","8":"tag-aemet","9":"tag-agua","10":"tag-avamet","11":"tag-breaking-news","12":"tag-breakingnews","13":"tag-dana","14":"tag-dana-alice","15":"tag-el-tiempo-en-valencia","16":"tag-es","17":"tag-espana","18":"tag-featured-news","19":"tag-featurednews","20":"tag-headlines","21":"tag-latest-news","22":"tag-latestnews","23":"tag-lluvias","24":"tag-municipios","25":"tag-news","26":"tag-noticias","27":"tag-noticias-destacadas","28":"tag-noticiasdestacadas","29":"tag-spain","30":"tag-tiempo-valencia","31":"tag-titulares","32":"tag-ultimas-noticias","33":"tag-ultimasnoticias"},"share_on_mastodon":{"url":"","error":""},"_links":{"self":[{"href":"https:\/\/www.europesays.com\/es\/wp-json\/wp\/v2\/posts\/172825","targetHints":{"allow":["GET"]}}],"collection":[{"href":"https:\/\/www.europesays.com\/es\/wp-json\/wp\/v2\/posts"}],"about":[{"href":"https:\/\/www.europesays.com\/es\/wp-json\/wp\/v2\/types\/post"}],"author":[{"embeddable":true,"href":"https:\/\/www.europesays.com\/es\/wp-json\/wp\/v2\/users\/2"}],"replies":[{"embeddable":true,"href":"https:\/\/www.europesays.com\/es\/wp-json\/wp\/v2\/comments?post=172825"}],"version-history":[{"count":0,"href":"https:\/\/www.europesays.com\/es\/wp-json\/wp\/v2\/posts\/172825\/revisions"}],"wp:featuredmedia":[{"embeddable":true,"href":"https:\/\/www.europesays.com\/es\/wp-json\/wp\/v2\/media\/172826"}],"wp:attachment":[{"href":"https:\/\/www.europesays.com\/es\/wp-json\/wp\/v2\/media?parent=172825"}],"wp:term":[{"taxonomy":"category","embeddable":true,"href":"https:\/\/www.europesays.com\/es\/wp-json\/wp\/v2\/categories?post=172825"},{"taxonomy":"post_tag","embeddable":true,"href":"https:\/\/www.europesays.com\/es\/wp-json\/wp\/v2\/tags?post=172825"}],"curies":[{"name":"wp","href":"https:\/\/api.w.org\/{rel}","templated":true}]}}