{"id":172831,"date":"2025-10-12T23:54:14","date_gmt":"2025-10-12T23:54:14","guid":{"rendered":"https:\/\/www.europesays.com\/es\/172831\/"},"modified":"2025-10-12T23:54:14","modified_gmt":"2025-10-12T23:54:14","slug":"para-que-no-haya-malentendidos","status":"publish","type":"post","link":"https:\/\/www.europesays.com\/es\/172831\/","title":{"rendered":"Para que no haya malentendidos"},"content":{"rendered":"<p data-mrf-recirculation=\"Links P\u00e1rrafos\" class=\"ue-c-article__paragraph paragraph ue-c-article--first-letter-highlighted\">Anabel Pantoja y su participaci\u00f3n en \u2018Bailando con las estrellas\u2019 ha causado mucha expectaci\u00f3n. La sobrina de Isabel estuvo un tiempo alejada de los focos y ahora ha vuelto con m\u00e1s energ\u00eda que nunca. En los \u00faltimos tiempos <strong>se rumore\u00f3 que estaba atravesando un momento complicado con su pareja, David Rodr\u00edguez.<\/strong><\/p>\n<p data-mrf-recirculation=\"Links P\u00e1rrafos\" class=\"ue-c-article__paragraph paragraph\">La colaboradora ha concedido una entrevista al podcast \u2018Ac2ality\u2019 donde ha hablado de todo. De la relaci\u00f3n con su pareja y otras cuestiones m\u00e1s personales. Adem\u00e1s ha dado su opini\u00f3n acerca de un tema que siempre levanta revuelo y disparidad de criterios en nuestra sociedad: <strong>la tauromaquia.<\/strong> La entrevistadora Daniela Macarena le hizo un test de preguntas r\u00e1pidas.<\/p>\n<p data-mrf-recirculation=\"Links P\u00e1rrafos\" class=\"ue-c-article__paragraph paragraph\">\u201c\u00bf<strong>A favor o en contra de la tauromaquia<\/strong>?\u201d, pregunt\u00f3. Anabel Pantoja lo tuvo claro y esta fue su respuesta: \u201c<strong>No, yo en contra, s\u00faper en contra<\/strong>\u201d. Despu\u00e9s de responder de manera breve y clara, Anabel Pantoja sali\u00f3 en Instagram para aclarar su respuesta de una manera m\u00e1s larga y profunda. \u201c<strong>El video del podcast en el que se me pregunta sobre los toros est\u00e1 mal editado. Yo contesto que estoy en contra de ello, para que no haya malentendidos<\/strong>\u201d, aclar\u00f3. Junto al v\u00eddeo que subi\u00f3 a Instagram, Anabel Pantoja finaliz\u00f3 de la siguiente manera: \u201cGracias por no juzgarme antes de tiempo\u201d.<\/p>\n<p>Anabel Pantoja: \u201cGracias por no juzgarme antes de tiempo\u201d<\/p>\n<p data-mrf-recirculation=\"Links P\u00e1rrafos\" class=\"ue-c-article__paragraph paragraph\">Anabel asegur\u00f3 que era <strong>una amante de la naturaleza y de todos los animales.<\/strong> En reiteradas ocasiones ha expresado su admiraci\u00f3n por los animales, en concreto por las ballenas y delfines. Precisamente, uno de <strong>sus sue\u00f1os es nadar al lado de ellos<\/strong>, algo que ha repetido en muchas entrevistas.<\/p>\n<p><img decoding=\"async\" width=\"442\" height=\"673\" class=\"ue-c-article__image lazyload\" alt=\"Anabel Pantoja en el p\u00f3dcast 'Ac2ality'.\" loading=\"lazy\" src=\"https:\/\/www.europesays.com\/es\/wp-content\/uploads\/2025\/10\/68ea0067f0d92.jpeg\"\/><\/p>\n<p>Anabel Pantoja en el p\u00f3dcast &#8216;Ac2ality&#8217;.<\/p>\n<p data-mrf-recirculation=\"Links P\u00e1rrafos\" class=\"ue-c-article__paragraph paragraph\">En el propio podcast tambi\u00e9n habl\u00f3 de su actual relaci\u00f3n con David Rodr\u00edguez, novio y padre de su hija Alma.  <strong>La crisis es ya cosa del pasado<\/strong>. Y es que Anabel se mud\u00f3 recientemente a la capital por cuestiones de trabajo mientras David trabaja en C\u00f3rdoba. Tambi\u00e9n confes\u00f3 que <strong>le coge el m\u00f3vil a su pareja \u201csolo cuando ve una actitud sospechosa\u201d.<\/strong><\/p>\n","protected":false},"excerpt":{"rendered":"Anabel Pantoja y su participaci\u00f3n en \u2018Bailando con las estrellas\u2019 ha causado mucha expectaci\u00f3n. La sobrina de Isabel&hellip;\n","protected":false},"author":2,"featured_media":172832,"comment_status":"","ping_status":"","sticky":false,"template":"","format":"standard","meta":{"footnotes":""},"categories":[277],"tags":[373,168,25,24,23,167,374],"class_list":{"0":"post-172831","1":"post","2":"type-post","3":"status-publish","4":"format-standard","5":"has-post-thumbnail","7":"category-toreo","8":"tag-bullfighting","9":"tag-deportes","10":"tag-es","11":"tag-espana","12":"tag-spain","13":"tag-sports","14":"tag-toreo"},"share_on_mastodon":{"url":"","error":""},"_links":{"self":[{"href":"https:\/\/www.europesays.com\/es\/wp-json\/wp\/v2\/posts\/172831","targetHints":{"allow":["GET"]}}],"collection":[{"href":"https:\/\/www.europesays.com\/es\/wp-json\/wp\/v2\/posts"}],"about":[{"href":"https:\/\/www.europesays.com\/es\/wp-json\/wp\/v2\/types\/post"}],"author":[{"embeddable":true,"href":"https:\/\/www.europesays.com\/es\/wp-json\/wp\/v2\/users\/2"}],"replies":[{"embeddable":true,"href":"https:\/\/www.europesays.com\/es\/wp-json\/wp\/v2\/comments?post=172831"}],"version-history":[{"count":0,"href":"https:\/\/www.europesays.com\/es\/wp-json\/wp\/v2\/posts\/172831\/revisions"}],"wp:featuredmedia":[{"embeddable":true,"href":"https:\/\/www.europesays.com\/es\/wp-json\/wp\/v2\/media\/172832"}],"wp:attachment":[{"href":"https:\/\/www.europesays.com\/es\/wp-json\/wp\/v2\/media?parent=172831"}],"wp:term":[{"taxonomy":"category","embeddable":true,"href":"https:\/\/www.europesays.com\/es\/wp-json\/wp\/v2\/categories?post=172831"},{"taxonomy":"post_tag","embeddable":true,"href":"https:\/\/www.europesays.com\/es\/wp-json\/wp\/v2\/tags?post=172831"}],"curies":[{"name":"wp","href":"https:\/\/api.w.org\/{rel}","templated":true}]}}