{"id":172833,"date":"2025-10-12T23:55:10","date_gmt":"2025-10-12T23:55:10","guid":{"rendered":"https:\/\/www.europesays.com\/es\/172833\/"},"modified":"2025-10-12T23:55:10","modified_gmt":"2025-10-12T23:55:10","slug":"semana-de-pelea-para-victor-valenzuela-el-chileno-que-buscara-sumarse-a-la-jaula-bahamondes-en-ufc","status":"publish","type":"post","link":"https:\/\/www.europesays.com\/es\/172833\/","title":{"rendered":"Semana de pelea para V\u00edctor Valenzuela: el chileno que buscar\u00e1 sumarse a la Jaula Bahamondes en UFC"},"content":{"rendered":"<p>En pleno 18 de septiembre, las artes marciales mixtas de Chile recibieron una enorme noticia. Y es que se confirm\u00f3 que el peleador nacional\u00a0<a href=\"https:\/\/bolavip.com\/cl\/tema\/siko-valenzuela\" target=\"_blank\" rel=\"noreferrer noopener nofollow\" title=\"V\u00edctor \u201cSikosis\u201d Valenzuela\">V\u00edctor \u201cSikosis\u201d Valenzuela<\/a>\u00a0dar\u00e1 batalla en el\u00a0<strong>Dana White\u2019s Contender Series\u00a0<\/strong>de\u00a0<a href=\"https:\/\/bolavip.com\/cl\/tema\/ufc\" target=\"_blank\" rel=\"noreferrer noopener nofollow\" title=\"UFC\">UFC<\/a>\u00a0en busca de un contrato con la empresa de MMA m\u00e1s grande del planeta. <\/p>\n<p>Tal y como lo hizo hace algunas semanas el otro chileno <a href=\"https:\/\/bolavip.com\/cl\/tema\/tanke-ewert\" target=\"_blank\" rel=\"noreferrer noopener nofollow\" title=\"Christopher \u201cTanke\u201d Ewert\">Christopher \u201cTanke\u201d Ewert<\/a>, \u201cSiko\u201d saldr\u00e1 a dar la batalla que podr\u00eda cambiar su vida y as\u00ed convertirse en nuevo peleador del Ultimate Fighting Championship. <\/p>\n<p>Para lograr el contrato con la empresa y sumarse a<a href=\"https:\/\/bolavip.com\/cl\/tema\/jaula-bahamondes\" target=\"_blank\" rel=\"noreferrer noopener nofollow\" title=\"\u00a0Ignacio \u201cJaula\u201d Bahamondes\">\u00a0Ignacio \u201cJaula\u201d Bahamondes<\/a> no necesariamente debe quedarse con el triunfo, sino que debe realizar la actuaci\u00f3n de su vida independiente del resultado, para que as\u00ed el jefe <strong>Dana White<\/strong> considere que \u201cSikosis\u201d tiene pasta para entrar en la empresa. <\/p>\n<p>En frente, V\u00edctor Valenzuela tendr\u00e1 a un duro contrincante como lo es el<strong> brasile\u00f1o Michael Oliveira,<\/strong> quien llega con un impecable r\u00e9cord de <strong>ocho victorias (siete de ellas por KO) y cero derrotas<\/strong> en su historial profesional. <\/p>\n<p> \u00bfCu\u00e1ndo y a qu\u00e9 hora pelea V\u00edctor \u201cSikosis\u201d Valenzuela vs. Michael Oliveira en el DWCS de UFC? <\/p>\n<p>La pelea del chileno V\u00edctor \u201cSikosis\u201d Valenzuela ante el brasile\u00f1o Michael Oliveira en el UFC Dana White\u2019s Contender Series ser\u00e1 este<strong> martes 14 de octubre desde las 20:00 horas.<\/strong><\/p>\n<p>  <img decoding=\"async\" alt=\"\" aria-hidden=\"true\" class=\"i-amphtml-intrinsic-sizer\" role=\"presentation\" src=\"data:image\/svg+xml;base64,PHN2ZyBoZWlnaHQ9IjU3NiIgd2lkdGg9IjEwMjQiIHhtbG5zPSJodHRwOi8vd3d3LnczLm9yZy8yMDAwL3N2ZyIgdmVyc2lvbj0iMS4xIi8+\"\/> V\u00edctor \u201cSikosis\u201d Valenzuela ir\u00e1 en busca de un contrato con la UFC. (Foto: IG Siko Valenzuela) <\/p>\n<p>La jornada contar\u00e1 con seis batallas y Valenzuela est\u00e1 en el tercer turno, por lo que su combate podr\u00eda ser cerca de media hora despu\u00e9s de iniciado el evento.<\/p>\n<p> \u00bfD\u00f3nde ver la pelea de V\u00edctor Valenzuela en Dana White\u2019s Contender Series? <\/p>\n<p>El combate del chileno\u00a0<strong>V\u00edctor \u201cSikosis\u201d Valenzuela<\/strong>\u00a0ante Michael Oliveira por un contrato en la UFC en Dana White\u2019s Contender Series, ser\u00e1 transmitido a trav\u00e9s de\u00a0<strong>Disney+ y tambi\u00e9n en UFC Fight Pass.<\/strong><\/p>\n","protected":false},"excerpt":{"rendered":"En pleno 18 de septiembre, las artes marciales mixtas de Chile recibieron una enorme noticia. Y es que&hellip;\n","protected":false},"author":2,"featured_media":172834,"comment_status":"","ping_status":"","sticky":false,"template":"","format":"standard","meta":{"footnotes":""},"categories":[276],"tags":[168,20520,25,24,40581,40529,23,167,343,40530],"class_list":{"0":"post-172833","1":"post","2":"type-post","3":"status-publish","4":"format-standard","5":"has-post-thumbnail","7":"category-ufc","8":"tag-deportes","9":"tag-dwcs","10":"tag-es","11":"tag-espana","12":"tag-siko-valenzuela","13":"tag-sikosis-valenzuela","14":"tag-spain","15":"tag-sports","16":"tag-ufc","17":"tag-victor-valenzuela"},"share_on_mastodon":{"url":"","error":""},"_links":{"self":[{"href":"https:\/\/www.europesays.com\/es\/wp-json\/wp\/v2\/posts\/172833","targetHints":{"allow":["GET"]}}],"collection":[{"href":"https:\/\/www.europesays.com\/es\/wp-json\/wp\/v2\/posts"}],"about":[{"href":"https:\/\/www.europesays.com\/es\/wp-json\/wp\/v2\/types\/post"}],"author":[{"embeddable":true,"href":"https:\/\/www.europesays.com\/es\/wp-json\/wp\/v2\/users\/2"}],"replies":[{"embeddable":true,"href":"https:\/\/www.europesays.com\/es\/wp-json\/wp\/v2\/comments?post=172833"}],"version-history":[{"count":0,"href":"https:\/\/www.europesays.com\/es\/wp-json\/wp\/v2\/posts\/172833\/revisions"}],"wp:featuredmedia":[{"embeddable":true,"href":"https:\/\/www.europesays.com\/es\/wp-json\/wp\/v2\/media\/172834"}],"wp:attachment":[{"href":"https:\/\/www.europesays.com\/es\/wp-json\/wp\/v2\/media?parent=172833"}],"wp:term":[{"taxonomy":"category","embeddable":true,"href":"https:\/\/www.europesays.com\/es\/wp-json\/wp\/v2\/categories?post=172833"},{"taxonomy":"post_tag","embeddable":true,"href":"https:\/\/www.europesays.com\/es\/wp-json\/wp\/v2\/tags?post=172833"}],"curies":[{"name":"wp","href":"https:\/\/api.w.org\/{rel}","templated":true}]}}