{"id":172839,"date":"2025-10-12T23:59:13","date_gmt":"2025-10-12T23:59:13","guid":{"rendered":"https:\/\/www.europesays.com\/es\/172839\/"},"modified":"2025-10-12T23:59:13","modified_gmt":"2025-10-12T23:59:13","slug":"marko-alex-dunne-rapido-y-agresivo-es-el-tipo-de-piloto-que-le-gusta-a-red-bull","status":"publish","type":"post","link":"https:\/\/www.europesays.com\/es\/172839\/","title":{"rendered":"Marko: Alex Dunne, \u00abr\u00e1pido y agresivo\u00bb, es el tipo de piloto que \u00able gusta a Red Bull\u00bb"},"content":{"rendered":"<p>            <img decoding=\"async\" width=\"1200\" height=\"801\" src=\"https:\/\/www.europesays.com\/es\/wp-content\/uploads\/2025\/10\/12233.jpg\" class=\"attachment-full size-full wp-post-image\" alt=\"\" loading=\"lazy\"\/><\/p>\n<p style=\"display:none\">Marko: Alex Dunne, \u00abr\u00e1pido y agresivo\u00bb, es el tipo de piloto que \u00able gusta a Red Bull\u00bb<\/p>\n<p style=\"display:none\">El asesor de F\u00f3rmula 1 de Red Bull, Helmut Marko, confirm\u00f3 que retomar\u00e1 las conversaciones con el expiloto j\u00fanior de McLaren F1, Alex Dunne, sobre un posible papel dentro del equipo.Dunne y Mc&#8230;<\/p>\n<p>\n            El asesor de F\u00f3rmula 1 de Red Bull, Helmut Marko, confirm\u00f3 que retomar\u00e1 las conversaciones con el expiloto j\u00fanior de McLaren F1, Alex Dunne, sobre un posible papel dentro del equipo.<br \/>Dunne y McLaren separaron sus caminos despu\u00e9s de que ambas partes no llegaran a un acuerdo sobre sus planes de futuro. El irland\u00e9s, actual protagonista en F2, ve bloqueada su v\u00eda de ascenso a la F1 con el &#8230;<a class=\"more\" href=\"https:\/\/es.motorsport.com\/f1\/news\/helmut-marko-interes-red-bull-alex-dunne\/10764643\/?utm_source=RSS&amp;utm_medium=referral&amp;utm_campaign=RSS-ALL&amp;utm_term=News&amp;utm_content=es\" rel=\"nofollow noopener\" target=\"_blank\">Sigue leyendo<\/a><\/p>\n<p>Fuente: <a target=\"_blank\" href=\"https:\/\/es.motorsport.com\/f1\/news\/helmut-marko-interes-red-bull-alex-dunne\/10764643\/?utm_source=RSS&amp;utm_medium=referral&amp;utm_campaign=RSS-ALL&amp;utm_term=News&amp;utm_content=es\" rel=\"nofollow noopener\">https:\/\/es.motorsport.com\/f1\/news\/helmut-marko-interes-red-bull-alex-dunne\/10764643\/?utm_source=RSS&amp;utm_medium=referral&amp;utm_campaign=RSS-ALL&amp;utm_term=News&amp;utm_content=es<\/a><\/p>\n","protected":false},"excerpt":{"rendered":"Marko: Alex Dunne, \u00abr\u00e1pido y agresivo\u00bb, es el tipo de piloto que \u00able gusta a Red Bull\u00bb El&hellip;\n","protected":false},"author":2,"featured_media":172840,"comment_status":"","ping_status":"","sticky":false,"template":"","format":"standard","meta":{"footnotes":""},"categories":[270],"tags":[168,25,24,306,271,272,23,167],"class_list":{"0":"post-172839","1":"post","2":"type-post","3":"status-publish","4":"format-standard","5":"has-post-thumbnail","7":"category-formula-1","8":"tag-deportes","9":"tag-es","10":"tag-espana","11":"tag-f1","12":"tag-formula-1","13":"tag-formula1","14":"tag-spain","15":"tag-sports"},"share_on_mastodon":{"url":"","error":""},"_links":{"self":[{"href":"https:\/\/www.europesays.com\/es\/wp-json\/wp\/v2\/posts\/172839","targetHints":{"allow":["GET"]}}],"collection":[{"href":"https:\/\/www.europesays.com\/es\/wp-json\/wp\/v2\/posts"}],"about":[{"href":"https:\/\/www.europesays.com\/es\/wp-json\/wp\/v2\/types\/post"}],"author":[{"embeddable":true,"href":"https:\/\/www.europesays.com\/es\/wp-json\/wp\/v2\/users\/2"}],"replies":[{"embeddable":true,"href":"https:\/\/www.europesays.com\/es\/wp-json\/wp\/v2\/comments?post=172839"}],"version-history":[{"count":0,"href":"https:\/\/www.europesays.com\/es\/wp-json\/wp\/v2\/posts\/172839\/revisions"}],"wp:featuredmedia":[{"embeddable":true,"href":"https:\/\/www.europesays.com\/es\/wp-json\/wp\/v2\/media\/172840"}],"wp:attachment":[{"href":"https:\/\/www.europesays.com\/es\/wp-json\/wp\/v2\/media?parent=172839"}],"wp:term":[{"taxonomy":"category","embeddable":true,"href":"https:\/\/www.europesays.com\/es\/wp-json\/wp\/v2\/categories?post=172839"},{"taxonomy":"post_tag","embeddable":true,"href":"https:\/\/www.europesays.com\/es\/wp-json\/wp\/v2\/tags?post=172839"}],"curies":[{"name":"wp","href":"https:\/\/api.w.org\/{rel}","templated":true}]}}