{"id":172869,"date":"2025-10-13T00:18:08","date_gmt":"2025-10-13T00:18:08","guid":{"rendered":"https:\/\/www.europesays.com\/es\/172869\/"},"modified":"2025-10-13T00:18:08","modified_gmt":"2025-10-13T00:18:08","slug":"ufc-rio-de-janeiro-celebra-el-regreso-triunfal-de-charles-oliveira-el-independiente","status":"publish","type":"post","link":"https:\/\/www.europesays.com\/es\/172869\/","title":{"rendered":"UFC R\u00edo de Janeiro celebra el regreso triunfal de Charles Oliveira \u2014 El Independiente"},"content":{"rendered":"<p>El brasile\u00f1o <strong>Charles Oliveira<\/strong> volvi\u00f3 a demostrar por qu\u00e9 es considerado una leyenda viva del <strong>UFC<\/strong>. En el evento estelar de <strong>UFC R\u00edo de Janeiro<\/strong>, el llamado \u201crey de las finalizaciones\u201d someti\u00f3 en el segundo asalto al polaco <strong>Mateusz Gamrot<\/strong>, ampliando as\u00ed su legado como el peleador con m\u00e1s <strong>sumisiones<\/strong> en la historia de la compa\u00f1\u00eda.<\/p>\n<p>El triunfo de <strong>Oliveira<\/strong> marc\u00f3 su regreso triunfal ante su p\u00fablico en el <strong>Farmasi Arena<\/strong>. El brasile\u00f1o, conocido en el circuito como \u201cDo Bronx\u201d, domin\u00f3 desde el primer asalto y sell\u00f3 la pelea con un <strong>matale\u00f3n<\/strong>, reavivando su camino hacia una nueva oportunidad por el t\u00edtulo.<\/p>\n<p>\u201cCharles siempre se repone. Aunque muchos dudaron de su retorno, demostr\u00f3 que sigue siendo uno de los mejores finalizadores del planeta\u201d, destacaron comentaristas durante la transmisi\u00f3n.<\/p>\n<p>Con esta victoria, <strong>Oliveira<\/strong> elev\u00f3 su r\u00e9cord profesional a <strong>36 victorias y 11 derrotas<\/strong>, y dej\u00f3 claro que su siguiente objetivo es enfrentar a <strong>Max Holloway<\/strong> por el cintur\u00f3n <strong>BMF<\/strong>.<\/p>\n<p>Joel \u00c1lvarez tambi\u00e9n brilla en la cartelera<\/p>\n<p>La noche brasile\u00f1a tambi\u00e9n tuvo espacio para el espa\u00f1ol <strong>Joel \u00c1lvarez<\/strong>, quien se impuso por <strong>decisi\u00f3n un\u00e1nime<\/strong> al local <strong>Vicente Luque<\/strong> en su debut en el peso w\u00e9lter. Con un marcador de 30-26, \u201cEl Fen\u00f3meno\u201d domin\u00f3 la pelea de principio a fin y se qued\u00f3 cerca de ingresar al top 15 de la categor\u00eda.<\/p>\n<p>A pesar de algunos golpes de poder del brasile\u00f1o, <strong>\u00c1lvarez<\/strong> mantuvo el control con su alcance y ritmo. Su cuarta victoria consecutiva lo posiciona como una de las nuevas promesas de la divisi\u00f3n, sin lesiones aparentes y con intenci\u00f3n de regresar pronto al oct\u00e1gono.<\/p>\n<p>Figueiredo vuelve al triunfo y emociona a Brasil<\/p>\n<p>En otro de los combates m\u00e1s esperados de la cartelera, <strong>Deiveson Figueiredo<\/strong> logr\u00f3 una <strong>victoria por decisi\u00f3n dividida<\/strong> frente al estadounidense <strong>Montel Jackson<\/strong>, cortando una racha de dos derrotas consecutivas. Aunque el norteamericano tuvo un mejor desempe\u00f1o en el intercambio de golpes, el brasile\u00f1o supo imponerse en el <strong>grappling<\/strong>, recuperando as\u00ed confianza y ritmo competitivo.<\/p>\n<p>El resultado marc\u00f3 un cierre positivo para el p\u00fablico brasile\u00f1o, que celebr\u00f3 las victorias clave en la cartelera principal.<\/p>\n<p><img decoding=\"async\" src=\"https:\/\/www.europesays.com\/es\/wp-content\/uploads\/2025\/10\/G3EngEYXYAE0vGN-1035x582.jpeg\" alt=\"\" class=\"wp-image-228329 lazyload\"\/>Foto: UFCOtros resultados de UFC R\u00edo<\/p>\n<ul class=\"wp-block-list\">\n<li><strong>Charles Oliveira<\/strong> derrot\u00f3 a <strong>Mateusz Gamrot<\/strong> por <strong>sumisi\u00f3n (matale\u00f3n)<\/strong> \u2013 Round 2, 2:48<\/li>\n<li><strong>Deiveson Figueiredo<\/strong> venci\u00f3 a <strong>Montel Jackson<\/strong> por <strong>decisi\u00f3n dividida (29-28, 28-29, 29-28)<\/strong><strong><br \/><\/strong><\/li>\n<li><strong>Joel \u00c1lvarez<\/strong> super\u00f3 a <strong>Vicente Luque<\/strong> por <strong>decisi\u00f3n un\u00e1nime (30-26, 30-26, 30-26)<\/strong><strong><br \/><\/strong><\/li>\n<li><strong>Mario Pinto<\/strong> noque\u00f3 a <strong>Jhonata Diniz<\/strong> \u2013 Round 2, 4:10<\/li>\n<li><strong>Kaan Ofli<\/strong> someti\u00f3 a <strong>Ricardo Ramos<\/strong> \u2013 Round 1, 3:02<\/li>\n<\/ul>\n<p>No olvides mantenerte informado en <strong><a href=\"https:\/\/elindependiente.mx\/\" rel=\"nofollow noopener\" target=\"_blank\">El Independiente MX<\/a><\/strong><\/p>\n","protected":false},"excerpt":{"rendered":"El brasile\u00f1o Charles Oliveira volvi\u00f3 a demostrar por qu\u00e9 es considerado una leyenda viva del UFC. En el&hellip;\n","protected":false},"author":2,"featured_media":172870,"comment_status":"","ping_status":"","sticky":false,"template":"","format":"standard","meta":{"footnotes":""},"categories":[276],"tags":[4553,2294,3216,6054,49006,168,25,24,49915,1523,39986,49916,49169,1855,49007,17174,23,167,10672,343,49715,19740],"class_list":{"0":"post-172869","1":"post","2":"type-post","3":"status-publish","4":"format-standard","5":"has-post-thumbnail","7":"category-ufc","8":"tag-a8","9":"tag-bmf","10":"tag-brasil","11":"tag-charles-oliveira","12":"tag-deiveson-figueiredo","13":"tag-deportes","14":"tag-es","15":"tag-espana","16":"tag-farmasi-arena","17":"tag-ilia-topuria","18":"tag-joel-alvarez","19":"tag-mataleon","20":"tag-mateusz-gamrot","21":"tag-max-holloway","22":"tag-montel-jackson","23":"tag-peso-ligero","24":"tag-spain","25":"tag-sports","26":"tag-sumision","27":"tag-ufc","28":"tag-ufc-rio-de-janeiro","29":"tag-vicente-luque"},"share_on_mastodon":{"url":"","error":""},"_links":{"self":[{"href":"https:\/\/www.europesays.com\/es\/wp-json\/wp\/v2\/posts\/172869","targetHints":{"allow":["GET"]}}],"collection":[{"href":"https:\/\/www.europesays.com\/es\/wp-json\/wp\/v2\/posts"}],"about":[{"href":"https:\/\/www.europesays.com\/es\/wp-json\/wp\/v2\/types\/post"}],"author":[{"embeddable":true,"href":"https:\/\/www.europesays.com\/es\/wp-json\/wp\/v2\/users\/2"}],"replies":[{"embeddable":true,"href":"https:\/\/www.europesays.com\/es\/wp-json\/wp\/v2\/comments?post=172869"}],"version-history":[{"count":0,"href":"https:\/\/www.europesays.com\/es\/wp-json\/wp\/v2\/posts\/172869\/revisions"}],"wp:featuredmedia":[{"embeddable":true,"href":"https:\/\/www.europesays.com\/es\/wp-json\/wp\/v2\/media\/172870"}],"wp:attachment":[{"href":"https:\/\/www.europesays.com\/es\/wp-json\/wp\/v2\/media?parent=172869"}],"wp:term":[{"taxonomy":"category","embeddable":true,"href":"https:\/\/www.europesays.com\/es\/wp-json\/wp\/v2\/categories?post=172869"},{"taxonomy":"post_tag","embeddable":true,"href":"https:\/\/www.europesays.com\/es\/wp-json\/wp\/v2\/tags?post=172869"}],"curies":[{"name":"wp","href":"https:\/\/api.w.org\/{rel}","templated":true}]}}