{"id":17287,"date":"2025-07-31T23:03:12","date_gmt":"2025-07-31T23:03:12","guid":{"rendered":"https:\/\/www.europesays.com\/es\/17287\/"},"modified":"2025-07-31T23:03:12","modified_gmt":"2025-07-31T23:03:12","slug":"socios-sporting-de-gijon-la-espectacular-respuesta-de-la-aficion-del-sporting-tras-una-dura-temporada-mas-de-20-500-socios-y-ya-con-esta-cifra-de-nuevas-altas","status":"publish","type":"post","link":"https:\/\/www.europesays.com\/es\/17287\/","title":{"rendered":"SOCIOS SPORTING DE GIJ\u00d3N | La espectacular respuesta de la afici\u00f3n del Sporting tras una dura temporada: m\u00e1s de 20.500 socios y ya con esta cifra de nuevas altas"},"content":{"rendered":"<p class=\"ft-text ft-helper-closenews\">La sonrisa un tanto t\u00edmida pero plena de un chaval \u2013de tan solo catorce a\u00f1os\u2013 como la que luc\u00eda este jueves el gijon\u00e9s \u00c1lvaro Tomillo, tras retirar otra temporada m\u00e1s su carn\u00e9 de socio del Sporting, explica muy bien qu\u00e9 significa este club para la ciudad:<strong> \u00abEs el equipo de mi vida\u00bb<\/strong>, dice el joven, feliz, ante su padre \u2013tambi\u00e9n abonado del club rojiblanco\u2013 que aguarda detr\u00e1s en un segundo plano. Y \u00c1lvaro, que guarda en sus manos el carn\u00e9 como un tesoro, sigue explicando sus razones. Las explica con una naturalidad apabullante. Razona que esto de renovar no va de resultados, sino que es una cuesti\u00f3n mucho m\u00e1s profunda. Un tema de sentimientos<strong>: \u00abToda mi familia es del Sporting. Es un sentimiento. Es todo. Es una pasi\u00f3n\u00bb, insiste. <\/strong><\/p>\n<p class=\"ft-text\">La historia de Tomillo es la de tantos gijoneses, asturianos, residentes o en el exilio. Es la historia de miles de sportinguistas que ven en el club sus or\u00edgenes, sus genes, no un equipo de <a class=\"ft-link ft-link--decoration\" href=\"https:\/\/www.lne.es\/tags\/futbol\/\" rel=\"nofollow noopener\" target=\"_blank\">f\u00fatbol<\/a>. La \u00faltima campa\u00f1a podr\u00eda haber hecho mella, pero en la gente que se gu\u00eda por su coraz\u00f3n no cabe el desgaste de casi diez a\u00f1os en el infierno, sino que se gu\u00eda por la ilusi\u00f3n.<\/p>\n<p>Ilusi\u00f3n renovada<\/p>\n<p class=\"ft-text\">\u00ab\u00bf<strong>Y por qu\u00e9 no vamos a subir este a\u00f1o? Siempre se empieza de cero. <\/strong>Cada a\u00f1o se afronta con la misma ilusi\u00f3n. Hay que dejar atr\u00e1s la negatividad. Hacer un \u00abreset\u00bb y pensar en \u00bfpor qu\u00e9 no?\u00bb, repite una y otra Ignacio Fern\u00e1ndez, otro socio ilusionado que renueva pese a vivir al otro lado del planeta. \u00abRenovamos por fidelidad. Hay que confiar\u00bb, admiten a la vez Sergio Azurmendi y Juan Ortiz, otros dos socios que se mantienen fieles al club.<\/p>\n<p><img decoding=\"async\" src=\"https:\/\/www.europesays.com\/es\/wp-content\/uploads\/2025\/07\/bbe9752d-b65f-43a3-a7d4-ec81bb20c279_alta-libre-aspect-ratio_default_0.jpg\" width=\"1200\" height=\"724\" alt=\"Arriba, aspecto de la larga cola ayer en El Molin\u00f3n. Sobre estas l\u00edneas, a la izquierda, Sergio Azurmendi y \u00c1lvaro Tomillo, con sus abonos; a la derecha, \u00c1lvaro Tomillo muestra con su nuevo carn\u00e9 rojiblanco.\" class=\"ft-helper-img-rd\" loading=\"lazy\" hasdataaida=\"true\"\/><\/p>\n<p class=\"ft-helper-fontColor-quaternary ft-helper-fontSize-body-S ft-helper-spacer-t-xxs\">Sergio Azurmendi y \u00c1lvaro Tomillo, con sus abonos.  \/ \u00c1ngel Gonz\u00e1lez<\/p>\n<p class=\"ft-text\">A \u00faltima hora del jueves, el Sporting <strong>superaba ya los 20.500 socios registrados para la temporada 2025-2026. <\/strong>Un ejemplo para poner en valor esta sobresaliente cifra: despu\u00e9s de<strong> una campa\u00f1a muy dura para la instituci\u00f3n<\/strong>, con momentos incluso de mucho de v\u00e9rtigo, la entidad supera en mil socios el n\u00famero de inscritos con los que termin\u00f3 esta fase la campa\u00f1a pasada, que ya fue muy positiva. Contra los resultados, la din\u00e1mica de socios es ascendente.<\/p>\n<p><img decoding=\"async\" src=\"https:\/\/www.europesays.com\/es\/wp-content\/uploads\/2025\/07\/564d1609-72ae-44f6-bbe5-5afa2f0dccaa_alta-libre-aspect-ratio_default_0.jpg\" width=\"1200\" height=\"867\" alt=\"Corredera y Pablo V\u00e1zquez, ayer, en la oficina de abonados de El Molin\u00f3n.   | \u00c1. GONZ\u00c1LEZ\/ A. M.\" class=\"ft-helper-img-rd\" loading=\"lazy\" hasdataaida=\"true\"\/><\/p>\n<p class=\"ft-helper-fontColor-quaternary ft-helper-fontSize-body-S ft-helper-spacer-t-xxs\">Corredera y Pablo V\u00e1zquez, ayer, en la oficina de abonados de El Molin\u00f3n.  \/ RSG<\/p>\n<p class=\"ft-text\"><strong>Otro dato: el club tambi\u00e9n suma m\u00e1s de 900 altas<\/strong>. Cifras todas muy importantes tras dejar atr\u00e1s el primer umbral de los 20.000 abonados. Nadie en la entidad quiere ahora marcarse un fijo, pero en Mareo algunos ya se hacen una pregunta: \u00bfCamino del r\u00e9cord de abonados? \u00abSobre todo una palabra: lealtad. No es una sorpresa, es lo habitual en esta afici\u00f3n. Es la grandeza de este club\u00bb, celebra David Guerra en palabras a LA NUEVA ESPA\u00d1A. \u00abTrabajamos para que se sientan representados cada d\u00eda. Dentro, exigencia y responsabilidad m\u00e1ximas\u00bb, recalca el presidente ejecutivo del Sporting. Hoy es el \u00faltimo d\u00eda para que los socios renueven manteniendo su asiento. La oficina de <a class=\"ft-link ft-link--decoration\" href=\"https:\/\/www.lne.es\/sporting\/\" rel=\"nofollow noopener\" target=\"_blank\">El Molin\u00f3n<\/a> permanece abierta desde las 09:30 de la ma\u00f1ana hasta las 19:30 horas de la tarde. Adem\u00e1s de la v\u00eda on-line.<\/p>\n<p><img decoding=\"async\" src=\"https:\/\/www.europesays.com\/es\/wp-content\/uploads\/2025\/07\/b0fe65d9-f336-470d-bd17-6321665e27d2_alta-libre-aspect-ratio_default_0.jpg\" width=\"1200\" height=\"719\" alt=\"La lealtad del sportinguismo\" class=\"ft-helper-img-rd\" loading=\"lazy\" hasdataaida=\"true\"\/><\/p>\n<p class=\"ft-helper-fontColor-quaternary ft-helper-fontSize-body-S ft-helper-spacer-t-xxs\">\u00c1lvaro Tomillo muestra con su nuevo carn\u00e9 rojiblanco.  \/ \u00c1ngel Gonz\u00e1lez<\/p>\n<p class=\"ft-text\">Pasadas las 17: 30 horas de la tarde, una multitud se concentr\u00f3 en el entorno de El Molin\u00f3n. Un mi\u00e9rcoles caluroso de verano en una ciudad que no garantiza el sol, pero mucha de la gente de esta peculiar ciudad prefiri\u00f3 asegurarse un sitio en su estadio antes de garantizarse un hueco en la playa de San Lorenzo. La sorpresa para muchos fue que dos de las caras nuevas \u2013Corredera y Pablo V\u00e1zquez\u2013 fueron los encargados de darles la felicidad y repartirles el carn\u00e9 de socios.<\/p>\n<p data-close=\"closedContent\" class=\"subscribeHideForDisplay\">Suscr\u00edbete para seguir leyendo<\/p>\n","protected":false},"excerpt":{"rendered":"La sonrisa un tanto t\u00edmida pero plena de un chaval \u2013de tan solo catorce a\u00f1os\u2013 como la que&hellip;\n","protected":false},"author":2,"featured_media":17288,"comment_status":"","ping_status":"","sticky":false,"template":"","format":"standard","meta":{"footnotes":""},"categories":[93],"tags":[3437,1798,168,1818,25,24,5604,69,8013,23,4782,167],"class_list":{"0":"post-17287","1":"post","2":"type-post","3":"status-publish","4":"format-standard","5":"has-post-thumbnail","7":"category-deportes","8":"tag-aficion","9":"tag-club","10":"tag-deportes","11":"tag-dura","12":"tag-es","13":"tag-espana","14":"tag-espectacular","15":"tag-guerra","16":"tag-respuesta","17":"tag-spain","18":"tag-sporting","19":"tag-sports"},"share_on_mastodon":{"url":"","error":""},"_links":{"self":[{"href":"https:\/\/www.europesays.com\/es\/wp-json\/wp\/v2\/posts\/17287","targetHints":{"allow":["GET"]}}],"collection":[{"href":"https:\/\/www.europesays.com\/es\/wp-json\/wp\/v2\/posts"}],"about":[{"href":"https:\/\/www.europesays.com\/es\/wp-json\/wp\/v2\/types\/post"}],"author":[{"embeddable":true,"href":"https:\/\/www.europesays.com\/es\/wp-json\/wp\/v2\/users\/2"}],"replies":[{"embeddable":true,"href":"https:\/\/www.europesays.com\/es\/wp-json\/wp\/v2\/comments?post=17287"}],"version-history":[{"count":0,"href":"https:\/\/www.europesays.com\/es\/wp-json\/wp\/v2\/posts\/17287\/revisions"}],"wp:featuredmedia":[{"embeddable":true,"href":"https:\/\/www.europesays.com\/es\/wp-json\/wp\/v2\/media\/17288"}],"wp:attachment":[{"href":"https:\/\/www.europesays.com\/es\/wp-json\/wp\/v2\/media?parent=17287"}],"wp:term":[{"taxonomy":"category","embeddable":true,"href":"https:\/\/www.europesays.com\/es\/wp-json\/wp\/v2\/categories?post=17287"},{"taxonomy":"post_tag","embeddable":true,"href":"https:\/\/www.europesays.com\/es\/wp-json\/wp\/v2\/tags?post=17287"}],"curies":[{"name":"wp","href":"https:\/\/api.w.org\/{rel}","templated":true}]}}