{"id":172871,"date":"2025-10-13T00:21:12","date_gmt":"2025-10-13T00:21:12","guid":{"rendered":"https:\/\/www.europesays.com\/es\/172871\/"},"modified":"2025-10-13T00:21:12","modified_gmt":"2025-10-13T00:21:12","slug":"muere-un-ciclista-en-la-sierra-de-armantes-de-calatayud-despues-de-desvanecerse","status":"publish","type":"post","link":"https:\/\/www.europesays.com\/es\/172871\/","title":{"rendered":"Muere un ciclista en la sierra de Armantes de Calatayud despu\u00e9s de desvanecerse"},"content":{"rendered":"<p>            Muere un ciclista en la sierra de Armantes de Calatayud despu\u00e9s de desvanecerse                <\/p>\n<p>Muere un ciclista en la sierra de Armantes de Calatayud despu\u00e9s de desvanecerse<\/p>\n<p class=\"epigraph\">El hombre, que realizaba una ruta junto a dos compa\u00f1eros, podr\u00eda haber sufrido un infarto. El dispositivo de rescate no ha podido hacer nada por su vida.<\/p>\n<p class=\"paragraph\"><b>Un ciclista ha muerto este s\u00e1bado por la tarde en Calatayud<\/b> cuando realizaba una ruta de monta\u00f1a por la sierra de Armantes. Seg\u00fan han indicado a HERALDO fuentes cercanas al hecho, el hombre, de unos 50 a\u00f1os, que realizaba el itinerario con otros dos compa\u00f1eros,<b> se ha desvanecido, todo apunta que a causa de un infarto.\u00a0<\/b><\/p>\n<p>            Conforme a los criterios de<br \/>\n            <a class=\"trustproject_img\" id=\"trustproject_img\" href=\"https:\/\/thetrustproject.org\/\" target=\"_blank\" rel=\"nofollow noopener\" aria-label=\"Trust Project\"><img decoding=\"async\" loading=\"lazy\" src=\"https:\/\/www.heraldo.es\/images\/Trust-Logo-Horizontal.svg\" alt=\"Logo Trust Project\" width=\"200\" height=\"34\"\/><\/a><\/p>\n<p>        <a href=\"https:\/\/www.henneo.com\/\" title=\"Grupo Henneo\" class=\"logo\" rel=\"nofollow noopener\" target=\"_blank\"><br \/>\n            <img decoding=\"async\" src=\"https:\/\/www.heraldo.es\/images\/logo_henneo_gris.svg\" alt=\"Logo Henneo\" width=\"559\" height=\"389\" loading=\"lazy\"\/><br \/>\n        <\/a><\/p>\n<p>\u00a9 HERALDO DE ARAGON EDITORA, S.L.U.<br \/>Tel\u00e9fono 976 765 000 \/ &#8211; P\u00ba. Independencia, 29, 50001 Zaragoza &#8211; CIF: B99288763 &#8211; Inscrita en el Registro Mercantil de Zaragoza al Tomo 3796, Libro 0, Folio 177, Secci\u00f3n 8, Hoja Z-50564<br \/>Queda prohibida toda reproducci\u00f3n sin permiso escrito de la empresa a los efectos del art\u00edculo 32.1, p\u00e1rrafo segundo, de la Ley de Propiedad Intelectual<\/p>\n<p>\n                P\u00ba Independencia, 29, 50001 Zaragoza<br \/> Tel\u00e9fono 976 765 000\n            <\/p>\n<p>                    Actualmente tu navegador no permite ejecutar JavaScript. Para poder disfrutar de nuestro contenido es necesario que lo permita.<br \/>\n                                        <img decoding=\"async\" loading=\"lazy\" alt=\"Heraldo logo\" src=\"https:\/\/dkumiip2e9ary.cloudfront.net\/xalok\/heraldo\/especiales\/hola-de-nuevo\/logo-heraldo.svg\" width=\"215\" height=\"43\"\/><\/p>\n","protected":false},"excerpt":{"rendered":"Muere un ciclista en la sierra de Armantes de Calatayud despu\u00e9s de desvanecerse Muere un ciclista en la&hellip;\n","protected":false},"author":2,"featured_media":172872,"comment_status":"","ping_status":"","sticky":false,"template":"","format":"standard","meta":{"footnotes":""},"categories":[273],"tags":[49919,49918,313,1757,312,168,49917,25,24,11774,23,167],"class_list":{"0":"post-172871","1":"post","2":"type-post","3":"status-publish","4":"format-standard","5":"has-post-thumbnail","7":"category-ciclismo","8":"tag-armantes","9":"tag-calatayud","10":"tag-ciclismo","11":"tag-ciclista","12":"tag-cycling","13":"tag-deportes","14":"tag-desvanecerse","15":"tag-es","16":"tag-espana","17":"tag-sierra","18":"tag-spain","19":"tag-sports"},"share_on_mastodon":{"url":"","error":""},"_links":{"self":[{"href":"https:\/\/www.europesays.com\/es\/wp-json\/wp\/v2\/posts\/172871","targetHints":{"allow":["GET"]}}],"collection":[{"href":"https:\/\/www.europesays.com\/es\/wp-json\/wp\/v2\/posts"}],"about":[{"href":"https:\/\/www.europesays.com\/es\/wp-json\/wp\/v2\/types\/post"}],"author":[{"embeddable":true,"href":"https:\/\/www.europesays.com\/es\/wp-json\/wp\/v2\/users\/2"}],"replies":[{"embeddable":true,"href":"https:\/\/www.europesays.com\/es\/wp-json\/wp\/v2\/comments?post=172871"}],"version-history":[{"count":0,"href":"https:\/\/www.europesays.com\/es\/wp-json\/wp\/v2\/posts\/172871\/revisions"}],"wp:featuredmedia":[{"embeddable":true,"href":"https:\/\/www.europesays.com\/es\/wp-json\/wp\/v2\/media\/172872"}],"wp:attachment":[{"href":"https:\/\/www.europesays.com\/es\/wp-json\/wp\/v2\/media?parent=172871"}],"wp:term":[{"taxonomy":"category","embeddable":true,"href":"https:\/\/www.europesays.com\/es\/wp-json\/wp\/v2\/categories?post=172871"},{"taxonomy":"post_tag","embeddable":true,"href":"https:\/\/www.europesays.com\/es\/wp-json\/wp\/v2\/tags?post=172871"}],"curies":[{"name":"wp","href":"https:\/\/api.w.org\/{rel}","templated":true}]}}