{"id":172895,"date":"2025-10-13T00:38:12","date_gmt":"2025-10-13T00:38:12","guid":{"rendered":"https:\/\/www.europesays.com\/es\/172895\/"},"modified":"2025-10-13T00:38:12","modified_gmt":"2025-10-13T00:38:12","slug":"estos-son-los-puntos-para-recoger-agua-potable-en-los-municipios-de-la-region-de-murcia-afectados-por-el-corte","status":"publish","type":"post","link":"https:\/\/www.europesays.com\/es\/172895\/","title":{"rendered":"Estos son los puntos para recoger agua potable en los municipios de la Regi\u00f3n de Murcia afectados por el corte"},"content":{"rendered":"<p class=\"v-mdl-ath__p v-mdl-ath__p--6\">\nDomingo, 12 de octubre 2025, 17:40<\/p>\n<p>| Actualizado 18:14h.<\/p>\n<p class=\"v-p\">La dana &#8216;Alice&#8217; no ha dejado solo da\u00f1os en calles y casas de los municipios m\u00e1s afectados por esta tormenta. Tambi\u00e9n ha provocado el <a href=\"https:\/\/www.laverdad.es\/murcia\/declaran-potable-agua-grifo-varios-municipios-region-20251012094314-nt.html\" data-voc-vtm-id=\"in-text-traffic\" title=\"corte de suministro de agua potable\" data-mrf-link=\"www.laverdad.es\" rel=\"nofollow noopener\" target=\"_blank\">corte de suministro de agua potable<\/a> en varias localidades de la Regi\u00f3n de Murcia, ya que, seg\u00fan inform\u00f3 la Mancomunidad de los Canales del Taibilla, la lluvia caus\u00f3 da\u00f1os en las infraestructuras h\u00eddricas. <\/p>\n<p class=\"v-p\">Seg\u00fan explic\u00f3 este organismo, se infiltr\u00f3 agua de lluvia en la red de suministro, lo que gener\u00f3 una p\u00e9rdida de la calidad del agua que abastece a los municipios de San Pedro del Pinatar, San Javier y Los Alc\u00e1zares, as\u00ed como varias pedan\u00edas de Torre Pacheco. <\/p>\n<p class=\"v-p\">Por este motivo, esas localidades han establecido puntos de reparto de agua para la poblaci\u00f3n, que debe acudir con sus propias garrafas y botellas, en varias zonas. Son estos: <\/p>\n<p>Los Alc\u00e1zares<\/p>\n<p class=\"v-p\">&#8211; Frente al Ayuntamiento.<\/p>\n<p class=\"v-p\">&#8211; Plaza Miguel de Cervantes de Los Narejos. <\/p>\n<p>San Javier<\/p>\n<p class=\"v-p\">&#8211; San Javier: aparcamiento de los Juzgados, en la calle Enrique Granados.<\/p>\n<p class=\"v-p\">&#8211; El Mirador: explanada de Centramirsa<\/p>\n<p class=\"v-p\">&#8211; Santiago de la Ribera: zona del Mercado, en la avenida Federico Guirao con avenida Patrulla \u00c1guila<\/p>\n<p class=\"v-p\">&#8211; Roda: parking del Centro C\u00edvico<\/p>\n<p class=\"v-p\">&#8211; La Manga: junto al Peke Park, en el camino D\u00e1rsena con Gran V\u00eda. El suministro se realiza mediante grifos conectados a la red de Cartagena, no afectada.<\/p>\n<p>San Pedro del Pinatar<\/p>\n<p class=\"v-p\">-Explanada de Lo Pag\u00e1n<\/p>\n<p class=\"v-p\">&#8211; El Moj\u00f3n: dos puntos en la calle Veleta con calle Atila, y en la calle Catamar\u00e1n. <\/p>\n<p>Torre Pacheco<\/p>\n<p class=\"v-p\">&#8211; Balsicas: Centro C\u00edvico (a partir de este lunes).<\/p>\n<p class=\"v-p\">&#8211; Dolores de Pacheco: Centro C\u00edvico.<\/p>\n<p class=\"v-p\">&#8211; San Cayetano: Centro C\u00edvico.<\/p>\n<p class=\"v-p\">&#8211; El Jimenado: Plaza de la Iglesia.<\/p>\n<p class=\"v-p\">&#8211; Rold\u00e1n: plaza de la Iglesia, en el Centro C\u00edvico y en el resort de Las Terrazas de La Torre.<\/p>\n<p>Reporta un error<\/p>\n","protected":false},"excerpt":{"rendered":"Domingo, 12 de octubre 2025, 17:40 | Actualizado 18:14h. La dana &#8216;Alice&#8217; no ha dejado solo da\u00f1os en&hellip;\n","protected":false},"author":2,"featured_media":172896,"comment_status":"","ping_status":"","sticky":false,"template":"","format":"standard","meta":{"footnotes":""},"categories":[8],"tags":[4179,5051,17,18,12726,25,24,13,14,11,19,20,6010,9,10,15,16,49878,789,6417,35024,23,12,21,22],"class_list":{"0":"post-172895","1":"post","2":"type-post","3":"status-publish","4":"format-standard","5":"has-post-thumbnail","7":"category-espana","8":"tag-afectados","9":"tag-agua","10":"tag-breaking-news","11":"tag-breakingnews","12":"tag-corte","13":"tag-es","14":"tag-espana","15":"tag-featured-news","16":"tag-featurednews","17":"tag-headlines","18":"tag-latest-news","19":"tag-latestnews","20":"tag-municipios","21":"tag-news","22":"tag-noticias","23":"tag-noticias-destacadas","24":"tag-noticiasdestacadas","25":"tag-potable","26":"tag-puede","27":"tag-puntos","28":"tag-recoger","29":"tag-spain","30":"tag-titulares","31":"tag-ultimas-noticias","32":"tag-ultimasnoticias"},"share_on_mastodon":{"url":"","error":""},"_links":{"self":[{"href":"https:\/\/www.europesays.com\/es\/wp-json\/wp\/v2\/posts\/172895","targetHints":{"allow":["GET"]}}],"collection":[{"href":"https:\/\/www.europesays.com\/es\/wp-json\/wp\/v2\/posts"}],"about":[{"href":"https:\/\/www.europesays.com\/es\/wp-json\/wp\/v2\/types\/post"}],"author":[{"embeddable":true,"href":"https:\/\/www.europesays.com\/es\/wp-json\/wp\/v2\/users\/2"}],"replies":[{"embeddable":true,"href":"https:\/\/www.europesays.com\/es\/wp-json\/wp\/v2\/comments?post=172895"}],"version-history":[{"count":0,"href":"https:\/\/www.europesays.com\/es\/wp-json\/wp\/v2\/posts\/172895\/revisions"}],"wp:featuredmedia":[{"embeddable":true,"href":"https:\/\/www.europesays.com\/es\/wp-json\/wp\/v2\/media\/172896"}],"wp:attachment":[{"href":"https:\/\/www.europesays.com\/es\/wp-json\/wp\/v2\/media?parent=172895"}],"wp:term":[{"taxonomy":"category","embeddable":true,"href":"https:\/\/www.europesays.com\/es\/wp-json\/wp\/v2\/categories?post=172895"},{"taxonomy":"post_tag","embeddable":true,"href":"https:\/\/www.europesays.com\/es\/wp-json\/wp\/v2\/tags?post=172895"}],"curies":[{"name":"wp","href":"https:\/\/api.w.org\/{rel}","templated":true}]}}