{"id":172927,"date":"2025-10-13T01:01:14","date_gmt":"2025-10-13T01:01:14","guid":{"rendered":"https:\/\/www.europesays.com\/es\/172927\/"},"modified":"2025-10-13T01:01:14","modified_gmt":"2025-10-13T01:01:14","slug":"todas-las-imagenes-del-desfile-y-el-acto-por-el-dia-del-pilar-en-leon-leonoticias","status":"publish","type":"post","link":"https:\/\/www.europesays.com\/es\/172927\/","title":{"rendered":"Todas las im\u00e1genes del desfile y el acto por el D\u00eda del Pilar en Le\u00f3n &#8211; Leonoticias"},"content":{"rendered":"<ol>\n<li><a href=\"https:\/\/news.google.com\/rss\/articles\/CBMilwFBVV95cUxPbEFzR0xBM3VhYU1aNTBUdlZWeEM3R3BLbzBfbHI3RFR3ZWhfOThKSkxHS2hHWlJGTGo3VnJnQkVPN0RPamZ0VHFaVkdpc1hNU25naDFOZzk0elBRNnktaXBUXy01cV9ZajFCaS0yNkJPeDFhb2g3aV9KS3JYSVYtU3lES2RDdUxKdFpzazZpaDc2RlBiV3FR0gGcAUFVX3lxTE56eFpvbldhVW1FbVVOWVlBTHdUalZYVmhSV0U4azRvV3FSTlZsUEdWLVJyamlYWE1oUldfeVp5ZXJ2SjdOekFnaG5Ham02OXNIZVJNMzBtVUtuZVlhRVFfOFRjaWVIR1hVQ0NSNkFTdTJBLUJkWTRFOHJrTGsydW00S21ZZUk4U09RM08zN1V2Y2RiS05sU2RhTFhwUQ?oc=5\" target=\"_blank\" rel=\"nofollow noopener\">Todas las im\u00e1genes del desfile y el acto por el D\u00eda del Pilar en Le\u00f3n<\/a>&nbsp;&nbsp;Leonoticias<\/li>\n<li><a href=\"https:\/\/news.google.com\/rss\/articles\/CBMisAFBVV95cUxOb045V1B4TkhwRENCbHJfWUlQUDhLclBaVkQ3TTVidEt2NUFZcS1nVEtXZUFlQlM3N2pVVVNjX0FtR05mM0laZFNaWF9SQjc3TkNIUGdsa2FfR0lZSkpIanZFUzRMcFhETVFRU0FhWWpMbGpsOU1neWtfOFYtdmtRaHVrUU1qWnJTaFU4SmZPbEV0NlJLMVBHdjZvX0t3Uko1NjU3RjVUMU1GQ1o3M3JkdtIBzAFBVV95cUxOc0tycy1BX2hYamU1dUdURjRxMTlFU1p6ZWFhcnVmSDNfTGdtTXgySzhSMVZONEwyLXNDT2RGTGtQcDF6Vnp6NkY4bzNsclQ1VWEtajNsVXp3ejhPb094cGlnVUozWVpqZnlmcUJCWDFWSlJmeWoxa1R0MmdBcnl2WkxSUDN6QWl4eTBLdHZlcF90MEFhSEVBb25xLVRvdmpReXczU25GM1hsYUtLdUQxclZmYWV6TTBKMmJaVHpLN0t6aUE1NGEyWEozZ2U?oc=5\" target=\"_blank\" rel=\"nofollow noopener\">La Guardia Civil celebra el d\u00eda de su patrona<\/a>&nbsp;&nbsp;La Voz de Galicia<\/li>\n<li><a href=\"https:\/\/news.google.com\/rss\/articles\/CBMipAFBVV95cUxQWndZVTZQUlZqbm5XWGMzdDRxcnplZzZnNVR5dXAtb0h5cjJqNE43c0toME9jdnEzYWJOcy1MNUd6amdXcm9RLUQ0aDVUWTZJUUY4TkRSRzIwaWNtMjhEX1prYzJUT3FnWFdZdVJoRlltS2w3cXM4TTYwSDI3czZpbkwzQ2h6VkJVd201YlJZQTNwa2JGRHRjcHA4eHBZWV9PSGxHOQ?oc=5\" target=\"_blank\" rel=\"nofollow noopener\">El cuartel de La Salve celebra el d\u00eda del Pilar con la mirada puesta en \u00abconjugar tradici\u00f3n e innovaci\u00f3n<\/a>&nbsp;&nbsp;El Correo<\/li>\n<li><a href=\"https:\/\/news.google.com\/rss\/articles\/CBMi-gFBVV95cUxNT3Y5WEI1cS1uVzF5a3FVQ0tueUFNa3MtSDhQdUk0YjYyc19WYTNUWk1vNkw1RHcyUWlKbTNhNjFzc2RCRndPRktCUnZJU0FMNlRoTm1vaU12ZlZaZDhTRTdfZVk0SDc3bDNjSFQwME1ocS1BSEJMOEEzM0dZWjFZejdCaGwtLUZlM25zLWw5T3ZpOUZYcEpxVXh0WlN4QlBFMG9rS1V5SDJJb1hPZEdfbThMNFVxSDAtaW1uWHFkaXdNUW0wbndpN0VsaUZCUVVfdWhxc3BteWNwcEVVWHdRYll6ck91SDdscXpqSFpuSUhEVDdqNEdmOE1n0gH_AUFVX3lxTE1QZVJfeEpGaUVsT1h1eWhrWTBQOUVKczNBRTE2cXdDYW94UFlVMXhhN2YydWlHQW8wRndjNHd2LWhla1hWSkJfMjNEdC1RSnhfS0hEb1JRR3YtTl9kcERISTdXSkY5NHNXWGhkeWZpWkwzM19IT2tTOGdmQ0hRVDczY1hwM2tWQjR1NmN6MmxaQ1hSeTRCZTF5eHNRMks1dDkwdzdrUTZ5bnRJbjBMcDJ5VVg5bjNjdjJlOEZINEQ5ODVkUFd0RUJ0VXRhZENzYlkwLV9BRlU2anA3Q0JvNUdmcjlsSzRxZFBJSWE5YTl0UUdBQ202REp1UER1UFBRWQ?oc=5\" target=\"_blank\" rel=\"nofollow noopener\">Guardia Civil destaca el esclarecimiento del 52% de las infracciones penales desde la Comandancia de Las Palmas<\/a>&nbsp;&nbsp;La Vanguardia<\/li>\n<li><a href=\"https:\/\/news.google.com\/rss\/articles\/CBMiqAFBVV95cUxNQW0tU0lzNFUxSy1JbDNPbkNBdkZlbmlLaWlKLUdHY2JnSmdrb2E0d1luZ1JXc2o1bDNaMjRnVU43VXI0bHU1U1lSbDZFRzFJaXpDeTRrcmNISWpvaGJBN0trVjBnR3NBUkJXZS1UNmJtdE1OMHJxVTlWRXFFVzhmZDg1WTZZM0RhQ1V6b1FuSjhnQWtyRnZpU05jbVZKUndMMmtVVzZ3Mnk?oc=5\" target=\"_blank\" rel=\"nofollow noopener\">La Guardia Civil celebra \u00abel orgullo de ser espa\u00f1ol\u00bb en el d\u00eda del Pilar en la Plaza de Espa\u00f1a de Sevilla<\/a>&nbsp;&nbsp;ABC<\/li>\n<\/ol>\n","protected":false},"excerpt":{"rendered":"Todas las im\u00e1genes del desfile y el acto por el D\u00eda del Pilar en Le\u00f3n&nbsp;&nbsp;Leonoticias La Guardia Civil&hellip;\n","protected":false},"author":2,"featured_media":172928,"comment_status":"","ping_status":"","sticky":false,"template":"","format":"standard","meta":{"footnotes":""},"categories":[8],"tags":[10357,17,18,43412,978,25,24,13,14,11,1641,19,20,4108,9,10,15,16,8669,23,12,21,22],"class_list":{"0":"post-172927","1":"post","2":"type-post","3":"status-publish","4":"format-standard","5":"has-post-thumbnail","7":"category-espana","8":"tag-acto","9":"tag-breaking-news","10":"tag-breakingnews","11":"tag-desfile","12":"tag-dia","13":"tag-es","14":"tag-espana","15":"tag-featured-news","16":"tag-featurednews","17":"tag-headlines","18":"tag-imagenes","19":"tag-latest-news","20":"tag-latestnews","21":"tag-leon","22":"tag-news","23":"tag-noticias","24":"tag-noticias-destacadas","25":"tag-noticiasdestacadas","26":"tag-pilar","27":"tag-spain","28":"tag-titulares","29":"tag-ultimas-noticias","30":"tag-ultimasnoticias"},"share_on_mastodon":{"url":"","error":""},"_links":{"self":[{"href":"https:\/\/www.europesays.com\/es\/wp-json\/wp\/v2\/posts\/172927","targetHints":{"allow":["GET"]}}],"collection":[{"href":"https:\/\/www.europesays.com\/es\/wp-json\/wp\/v2\/posts"}],"about":[{"href":"https:\/\/www.europesays.com\/es\/wp-json\/wp\/v2\/types\/post"}],"author":[{"embeddable":true,"href":"https:\/\/www.europesays.com\/es\/wp-json\/wp\/v2\/users\/2"}],"replies":[{"embeddable":true,"href":"https:\/\/www.europesays.com\/es\/wp-json\/wp\/v2\/comments?post=172927"}],"version-history":[{"count":0,"href":"https:\/\/www.europesays.com\/es\/wp-json\/wp\/v2\/posts\/172927\/revisions"}],"wp:featuredmedia":[{"embeddable":true,"href":"https:\/\/www.europesays.com\/es\/wp-json\/wp\/v2\/media\/172928"}],"wp:attachment":[{"href":"https:\/\/www.europesays.com\/es\/wp-json\/wp\/v2\/media?parent=172927"}],"wp:term":[{"taxonomy":"category","embeddable":true,"href":"https:\/\/www.europesays.com\/es\/wp-json\/wp\/v2\/categories?post=172927"},{"taxonomy":"post_tag","embeddable":true,"href":"https:\/\/www.europesays.com\/es\/wp-json\/wp\/v2\/tags?post=172927"}],"curies":[{"name":"wp","href":"https:\/\/api.w.org\/{rel}","templated":true}]}}