{"id":172931,"date":"2025-10-13T01:03:07","date_gmt":"2025-10-13T01:03:07","guid":{"rendered":"https:\/\/www.europesays.com\/es\/172931\/"},"modified":"2025-10-13T01:03:07","modified_gmt":"2025-10-13T01:03:07","slug":"patrocinador-renovacion-y-victoria-a-domicilio-del-logrono-en-valladolid","status":"publish","type":"post","link":"https:\/\/www.europesays.com\/es\/172931\/","title":{"rendered":"Patrocinador, renovaci\u00f3n, y victoria a domicilio del Logro\u00f1o en Valladolid"},"content":{"rendered":"<p><strong>Recoletas Atl\u00e9tico Valladolid (15+12): <\/strong>Bar (C\u00e9sar P\u00e9rez, ps), Oliveira (5), Alejandro Pisonero (3), Tao (5,3p), \u00c1lex D\u00edaz (-), Ribeiro (2), De Toledo (5), Gedo (4), Jozinovic, Miguel Camino (1), Pablo Herrero (-), Jorge Serrano (), Karapalevski, Carvalho (1), Jorge Serrano (1).<\/p>\n<p><strong>Dicorpebal Logro\u00f1o La Rioja (15+19): <\/strong>Xoan Ledo (1) (Cancio, ps), Lombardi (4), Gal\u00e1n, Aitor Garc\u00eda (1), Miguel Mart\u00ednez (4), Pergel (3), Cadarso (3p), \u00c1lvaro Mart\u00ednez (10, 2p), Preciado (5), Popovic, Zarzuela (1), Ju\u00e1rez y, Zaja (2).<\/p>\n<p><strong>Parciales cada cinco minutos: <\/strong>3-1, 6-4, 8-9, 9-11, 14-12, 15-15 -descanso-; 17-17, 20-19, 21-22, 24-26, 26-29 y\u00a0 27-34.<\/p>\n<p><strong>\u00c1rbitros: <\/strong>Andreu Mar\u00edn Lorente e Ignacio Garc\u00eda Serradilla (Federaci\u00f3n catalana). Excluyeron dos minutos a \u00c1lex D\u00efaz (m.13), Serrano (m.19), Gedo (m.46), del Recoletas Atl\u00e9tico Valladolid y a Aitor Garc\u00eda (m.3),Ju\u00e1rez (m.23), Popovic (m.34 y 47), del Logro\u00f1o La Rioja.<\/p>\n<p><strong>Cancha: <\/strong>Polideportivo Huerta del Rey ante 1.800 espectadores.<\/p>\n","protected":false},"excerpt":{"rendered":"Recoletas Atl\u00e9tico Valladolid (15+12): Bar (C\u00e9sar P\u00e9rez, ps), Oliveira (5), Alejandro Pisonero (3), Tao (5,3p), \u00c1lex D\u00edaz (-),&hellip;\n","protected":false},"author":2,"featured_media":172932,"comment_status":"","ping_status":"","sticky":false,"template":"","format":"standard","meta":{"footnotes":""},"categories":[278],"tags":[376,168,25,24,375,23,167],"class_list":{"0":"post-172931","1":"post","2":"type-post","3":"status-publish","4":"format-standard","5":"has-post-thumbnail","7":"category-balonmano","8":"tag-balonmano","9":"tag-deportes","10":"tag-es","11":"tag-espana","12":"tag-handball","13":"tag-spain","14":"tag-sports"},"share_on_mastodon":{"url":"","error":""},"_links":{"self":[{"href":"https:\/\/www.europesays.com\/es\/wp-json\/wp\/v2\/posts\/172931","targetHints":{"allow":["GET"]}}],"collection":[{"href":"https:\/\/www.europesays.com\/es\/wp-json\/wp\/v2\/posts"}],"about":[{"href":"https:\/\/www.europesays.com\/es\/wp-json\/wp\/v2\/types\/post"}],"author":[{"embeddable":true,"href":"https:\/\/www.europesays.com\/es\/wp-json\/wp\/v2\/users\/2"}],"replies":[{"embeddable":true,"href":"https:\/\/www.europesays.com\/es\/wp-json\/wp\/v2\/comments?post=172931"}],"version-history":[{"count":0,"href":"https:\/\/www.europesays.com\/es\/wp-json\/wp\/v2\/posts\/172931\/revisions"}],"wp:featuredmedia":[{"embeddable":true,"href":"https:\/\/www.europesays.com\/es\/wp-json\/wp\/v2\/media\/172932"}],"wp:attachment":[{"href":"https:\/\/www.europesays.com\/es\/wp-json\/wp\/v2\/media?parent=172931"}],"wp:term":[{"taxonomy":"category","embeddable":true,"href":"https:\/\/www.europesays.com\/es\/wp-json\/wp\/v2\/categories?post=172931"},{"taxonomy":"post_tag","embeddable":true,"href":"https:\/\/www.europesays.com\/es\/wp-json\/wp\/v2\/tags?post=172931"}],"curies":[{"name":"wp","href":"https:\/\/api.w.org\/{rel}","templated":true}]}}