{"id":172945,"date":"2025-10-13T01:14:09","date_gmt":"2025-10-13T01:14:09","guid":{"rendered":"https:\/\/www.europesays.com\/es\/172945\/"},"modified":"2025-10-13T01:14:09","modified_gmt":"2025-10-13T01:14:09","slug":"la-feria-del-libro-de-murcia-se-despide-con-exito-hasta-2026","status":"publish","type":"post","link":"https:\/\/www.europesays.com\/es\/172945\/","title":{"rendered":"La Feria del Libro de Murcia se despide \u00abcon \u00e9xito\u00bb hasta 2026"},"content":{"rendered":"<p class=\"v-mdl-ath__p v-mdl-ath__p--6\">\nLunes, 13 de octubre 2025, 01:03<\/p>\n<p class=\"v-p\">La Feria del Libro de Murcia 2025 crece frente a las adversidades. \u00abEs la primera vez en 8 a\u00f1os que que una alerta meterol\u00f3gica nos hace cerrar uno de los d\u00edas\u00bb, record\u00f3 este domingo el director del evento, Jes\u00fas Boluda del Toro, que no dud\u00f3 en afirmar que, a pesar de ello, \u00abla Feria Bonica ha sido un \u00e9xito\u00bb. Y es que jornada tras jornada, el Paseo Alfonso X El Sabio se convirti\u00f3 en una marea de personas en continuo movimiento, recorriendo las 78 casetas instaladas en el coraz\u00f3n de la ciudad en una cita ineludible con la cultura y la lectura. Los encuentros y firmas con autores, creando las habituales colas con decenas de seguidores, as\u00ed como las actividades infantiles y presentaciones, han llenado de vida los distintos emplazamientos del evento literario. <\/p>\n<p class=\"v-p\">\u00abLa Feria Bonica atrae a la ciudad y la recibe con los brazos abiertos\u00bb, a\u00f1adi\u00f3 Boluda del Toro, que ya comienza la organizaci\u00f3n de la edici\u00f3n de 2026 para seguir potenciando la lectura tanto entre los visitantes de la ciudad como entre los que llegan desde fuera para disfrutarla. <\/p>\n<p class=\"v-p\">La Feria est\u00e1 organizada por la Asociaci\u00f3n de Creadores y Artistas PAL\u00cdN, el Ayuntamiento de Murcia, la Comunidad de Murcia y Global Cultura. Con patrocinio de la Biblioteca Regional, UMU, Red Municipal de Bibliotecas de Murcia (RMBM), Joaqu\u00edn C\u00e1rceles, 2 Veces Marketing, CaixaBank Fundaci\u00f3n Cajamurcia, El Corte Ingl\u00e9s, Cetina Hotels, Urbamusa, Aguas de Murcia, Grupo Social ONCE, Fripozo, Gougo, Caja Rural Central, Fundaci\u00f3n Caja Rural Granada, Ministerio de Cultura y Deporte, A. Saor\u00edn Montaje de Stands, Avatel Telecom y el Gremio Editores Regi\u00f3n de Murcia y LA VERDAD. <\/p>\n<p>Reporta un error<\/p>\n","protected":false},"excerpt":{"rendered":"Lunes, 13 de octubre 2025, 01:03 La Feria del Libro de Murcia 2025 crece frente a las adversidades.&hellip;\n","protected":false},"author":2,"featured_media":172946,"comment_status":"","ping_status":"","sticky":false,"template":"","format":"standard","meta":{"footnotes":""},"categories":[172],"tags":[3076,224,6193,146,147,25,24,4518,599,1496,225,1478,23],"class_list":{"0":"post-172945","1":"post","2":"type-post","3":"status-publish","4":"format-standard","5":"has-post-thumbnail","7":"category-libros","8":"tag-3076","9":"tag-books","10":"tag-despide","11":"tag-entertainment","12":"tag-entretenimiento","13":"tag-es","14":"tag-espana","15":"tag-exito","16":"tag-feria","17":"tag-libro","18":"tag-libros","19":"tag-murcia","20":"tag-spain"},"share_on_mastodon":{"url":"","error":""},"_links":{"self":[{"href":"https:\/\/www.europesays.com\/es\/wp-json\/wp\/v2\/posts\/172945","targetHints":{"allow":["GET"]}}],"collection":[{"href":"https:\/\/www.europesays.com\/es\/wp-json\/wp\/v2\/posts"}],"about":[{"href":"https:\/\/www.europesays.com\/es\/wp-json\/wp\/v2\/types\/post"}],"author":[{"embeddable":true,"href":"https:\/\/www.europesays.com\/es\/wp-json\/wp\/v2\/users\/2"}],"replies":[{"embeddable":true,"href":"https:\/\/www.europesays.com\/es\/wp-json\/wp\/v2\/comments?post=172945"}],"version-history":[{"count":0,"href":"https:\/\/www.europesays.com\/es\/wp-json\/wp\/v2\/posts\/172945\/revisions"}],"wp:featuredmedia":[{"embeddable":true,"href":"https:\/\/www.europesays.com\/es\/wp-json\/wp\/v2\/media\/172946"}],"wp:attachment":[{"href":"https:\/\/www.europesays.com\/es\/wp-json\/wp\/v2\/media?parent=172945"}],"wp:term":[{"taxonomy":"category","embeddable":true,"href":"https:\/\/www.europesays.com\/es\/wp-json\/wp\/v2\/categories?post=172945"},{"taxonomy":"post_tag","embeddable":true,"href":"https:\/\/www.europesays.com\/es\/wp-json\/wp\/v2\/tags?post=172945"}],"curies":[{"name":"wp","href":"https:\/\/api.w.org\/{rel}","templated":true}]}}