{"id":172954,"date":"2025-10-13T01:20:09","date_gmt":"2025-10-13T01:20:09","guid":{"rendered":"https:\/\/www.europesays.com\/es\/172954\/"},"modified":"2025-10-13T01:20:09","modified_gmt":"2025-10-13T01:20:09","slug":"rtve-clarin-puerta-grande-y-retirada-de-morante","status":"publish","type":"post","link":"https:\/\/www.europesays.com\/es\/172954\/","title":{"rendered":"RTVE Clar\u00edn Puerta Grande y retirada de Morante"},"content":{"rendered":"<p>En una de las jornadas m\u00e1s importantes de la temporada (y de muchas temporadas), <strong>Morante de la Puebla<\/strong> corta 2 orejas al cuarto toro de <strong>Garcigrande<\/strong> en la <strong>Corrida del D\u00eda de la Fiesta Nacional<\/strong> en <strong>Las Ventas<\/strong> y a continuaci\u00f3n se corta la coleta en el centro del ruedo. Conmoci\u00f3n en la tauromaquia tras la inesperada decisi\u00f3n del genio sevillano. En su despedida, <strong>Fernando Roble\u00f1o<\/strong> logra un trofeo en <strong>Madrid<\/strong>. En el <strong>Festival de Anto\u00f1ete<\/strong> promovido por Morante, <strong>Curro V\u00e1zquez<\/strong>, <strong>C\u00e9sar Rinc\u00f3n<\/strong> y la novillera <strong>Olga Casado<\/strong>, por la Puerta Grande, en una ma\u00f1ana repleta de toreo excelso. Conexi\u00f3n con <strong>Sevilla<\/strong>, con <strong>\u00c1lvaro Rodr\u00edguez del Moral<\/strong>, para conocer c\u00f3mo se est\u00e1 viviendo en la capital andaluza la <strong>retirada de Morante<\/strong>. Tertulia con <strong>Federico Arn\u00e1s<\/strong> y <strong>Vanesa Santos<\/strong> sobre el hist\u00f3rico d\u00eda que se ha vivido en La Monumental.<\/p>\n","protected":false},"excerpt":{"rendered":"En una de las jornadas m\u00e1s importantes de la temporada (y de muchas temporadas), Morante de la Puebla&hellip;\n","protected":false},"author":2,"featured_media":172955,"comment_status":"","ping_status":"","sticky":false,"template":"","format":"standard","meta":{"footnotes":""},"categories":[91],"tags":[6198,146,147,25,24,133,49928,1448,1986,1987,23],"class_list":{"0":"post-172954","1":"post","2":"type-post","3":"status-publish","4":"format-standard","5":"has-post-thumbnail","7":"category-entretenimiento","8":"tag-clarin","9":"tag-entertainment","10":"tag-entretenimiento","11":"tag-es","12":"tag-espana","13":"tag-online","14":"tag-puerta-grande-y-retirada-de-morante-la-tauromaquia-en-shock","15":"tag-radio","16":"tag-rne","17":"tag-rtve-play","18":"tag-spain"},"share_on_mastodon":{"url":"","error":""},"_links":{"self":[{"href":"https:\/\/www.europesays.com\/es\/wp-json\/wp\/v2\/posts\/172954","targetHints":{"allow":["GET"]}}],"collection":[{"href":"https:\/\/www.europesays.com\/es\/wp-json\/wp\/v2\/posts"}],"about":[{"href":"https:\/\/www.europesays.com\/es\/wp-json\/wp\/v2\/types\/post"}],"author":[{"embeddable":true,"href":"https:\/\/www.europesays.com\/es\/wp-json\/wp\/v2\/users\/2"}],"replies":[{"embeddable":true,"href":"https:\/\/www.europesays.com\/es\/wp-json\/wp\/v2\/comments?post=172954"}],"version-history":[{"count":0,"href":"https:\/\/www.europesays.com\/es\/wp-json\/wp\/v2\/posts\/172954\/revisions"}],"wp:featuredmedia":[{"embeddable":true,"href":"https:\/\/www.europesays.com\/es\/wp-json\/wp\/v2\/media\/172955"}],"wp:attachment":[{"href":"https:\/\/www.europesays.com\/es\/wp-json\/wp\/v2\/media?parent=172954"}],"wp:term":[{"taxonomy":"category","embeddable":true,"href":"https:\/\/www.europesays.com\/es\/wp-json\/wp\/v2\/categories?post=172954"},{"taxonomy":"post_tag","embeddable":true,"href":"https:\/\/www.europesays.com\/es\/wp-json\/wp\/v2\/tags?post=172954"}],"curies":[{"name":"wp","href":"https:\/\/api.w.org\/{rel}","templated":true}]}}