{"id":172960,"date":"2025-10-13T01:24:12","date_gmt":"2025-10-13T01:24:12","guid":{"rendered":"https:\/\/www.europesays.com\/es\/172960\/"},"modified":"2025-10-13T01:24:12","modified_gmt":"2025-10-13T01:24:12","slug":"alice-causa-incidencias-en-baleares-y-en-la-comunidad-valenciana-debido-a-las-fuertes-lluvias-de-las-ultimas-horas","status":"publish","type":"post","link":"https:\/\/www.europesays.com\/es\/172960\/","title":{"rendered":"Alice causa incidencias en Baleares y en la Comunidad Valenciana debido a las fuertes lluvias de las \u00faltimas horas"},"content":{"rendered":"<p class=\"article-text\">\n        Las lluvias y tormentas que est\u00e1 dejando la dana Alice contin\u00faan afectando este domingo a Baleares y a la <a href=\"https:\/\/www.infolibre.es\/politica\/baja-nivel-ramblas-murcia-descarta-riesgo-desborden_1_2078531.html\" class=\"link\" rel=\"nofollow noopener\" target=\"_blank\">Comunidad Valenciana<\/a>, donde se prev\u00e9n <strong>acumulados de agua de 140 litros en zonas del litoral valenciano<\/strong>, y que ha provocado retrasos en los aeropuertos de Mallorca e Ibiza, islas a las que se ha trasladado la Unidad Militar de Emergencias (UME).\n    <\/p>\n<p class=\"article-text\">\n        De acuerdo al pron\u00f3stico de la Agencia Estatal de Meteorolog\u00eda (Aemet), <strong>la influencia de Alice ir\u00e1 perdiendo su impacto<\/strong> a lo largo de esta jornada del 12 de octubre. No obstante, contin\u00faan activados los avisos naranja o amarillo por lluvias y tormentas en la Comunidad Valenciana, Catalu\u00f1a y Baleares, junto a Andaluc\u00eda por fen\u00f3menos costeros.\n    <\/p>\n<p class=\"article-text\">\n        La Aemet alerta en su cuenta X de <strong>importantes lluvias en el litoral de Castell\u00f3n, litoral y prelitorial de Tarragona, Ibiza, Sierra de Tramontana y sur de Mallorca<\/strong>, por lo que recomienda mantenerse informado en todo momento por cauces oficiales ante la variabilidad de la evoluci\u00f3n de las tormentas.\n    <\/p>\n<blockquote class=\"twitter-tweet\">\n<p lang=\"es\" dir=\"ltr\">\ud83d\udfe0 Avisos naranjas. Peligro importante por lluvias este domingo.<\/p>\n<p>\u27a1\ufe0fLitoral norte de Castell\u00f3n, Litoral y prelitoral sur de Tarragona, Ibiza, Sierra de Tramontana y Sur de Mallorca. <\/p>\n<p>\u27a1\ufe0fChubascos muy fuertes y persistentes. Pueden producirse inundaciones localmente. Precauci\u00f3n. <a href=\"https:\/\/t.co\/CCjd9WgYV1\" rel=\"nofollow\">pic.twitter.com\/CCjd9WgYV1<\/a><\/p>\n<p>\u2014 AEMET (@AEMET_Esp) <a href=\"https:\/\/twitter.com\/AEMET_Esp\/status\/1977290053240975787?ref_src=twsrc%5Etfw\" rel=\"nofollow noopener\" target=\"_blank\">October 12, 2025<\/a><\/p><\/blockquote>\n<p>    <strong>Crecida de barrancos y cortes de luz en la Comunidad Valenciana<\/strong><\/p>\n<p class=\"article-text\">\n        Seg\u00fan la Aemet, en su desplazamiento hacia el norte, Alice ha dejado una <strong>tormenta aislada esta ma\u00f1ana en Cullera<\/strong> y zonas adyacentes, con chubascos muy fuertes y precipitaci\u00f3n acumulada de 60 litros por metros cuadrado en una hora.\n    <\/p>\n<p class=\"article-text\">\n        Las precipitaciones han provocado adem\u00e1s el crecimiento de los <strong>barrancos del Poyo<\/strong>, en el t\u00e9rmino municipal de Torrent, y del Gallego, en Chiva, seg\u00fan ha comunicado el Consorcio de Bomberos de Valencia al Centro de Emergencias de la Generalitat, una situaci\u00f3n que se ha <strong>normalizado a lo largo de la madrugada<\/strong>.\n    <\/p>\n<p class=\"article-text\">\n        La Confederaci\u00f3n Hidrogr\u00e1fica del J\u00facar (CHJ) ha alertado de <strong>posibles repercusiones de las crecidas de agua<\/strong> y ha pedido mantener la vigilancia y seguimiento.\n    <\/p>\n<p class=\"article-text\">\n        Calles, bajos y garajes del municipio de Carcaixent han quedado inundados por lluvias con acumulaciones de 110 litros por metro cuadrado en una hora y donde se han registrado hasta 201 litros por metro cuadrado desde el s\u00e1bado, seg\u00fan la <a href=\"https:\/\/www.infolibre.es\/medioambiente\/sufre-valencia-lluvias-torrenciales-comunidad_1_2075373.html\" class=\"link\" rel=\"nofollow noopener\" target=\"_blank\">Asociaci\u00f3n Valenciana de Meteorolog\u00eda<\/a> (Avamet).\n    <\/p>\n<p class=\"article-text\">\n        En el municipio de Aldaia, ubicado en la zona cero de la dana del 29 de octubre de 2024, el alcalde, Guillermo Luj\u00e1n, ha informado a EFE de que algunas calles colindantes al <strong>barranco de La Saleta<\/strong> est\u00e1n inundadas, por lo que se ha pedido a los vecinos mayores o con movilidad reducida que vivan en plantas bajas que permanezcan en las zonas m\u00e1s elevadas de sus viviendas.\n    <\/p>\n<p class=\"article-text\">\n        En Castell\u00f3n se ha restablecido la circulaci\u00f3n ferroviaria de dos trenes a su paso por Benicarl\u00f3 tras recuperar la tensi\u00f3n que hab\u00eda perdido por la ca\u00edda de un rayo sobre una caseta de se\u00f1ales.\n    <\/p>\n<p class=\"article-text\">\n        Tanto Adif como Renfe han informado de la <strong>reanudaci\u00f3n de la circulaci\u00f3n ferroviaria<\/strong> del tren de Larga Distancia 1092 Alicante-Barcelona Sants y del tren de Media Distancia 33720 Valencia Nord-Tortosa.\n    <\/p>\n<p class=\"article-text\">\n        El consorcio de bomberos de Castell\u00f3n ha informado de algunas incidencias provocadas por la entrada de agua en viviendas y en veh\u00edculos, mientras que el de Valencia ha actuado en 12 achiques de agua, 14 rescates y 42 saneamientos en toda la provincia.\n    <\/p>\n<p>    <strong>Desplazamiento de la UME al archipi\u00e9lago balear<\/strong><\/p>\n<p class=\"article-text\">\n        En Baleares, el Govern mantiene activados el Plan Meteobal en situaci\u00f3n de \u00cdndice de Gravedad 1 (IG1) y el Plan Inunbal en Situaci\u00f3n Operativa 2 (SO2) en Ibiza y Formentera.\n    <\/p>\n<p class=\"article-text\">\n        Hasta el archipi\u00e9lago se han desplazado <strong>150 efectivos de la Unidad Militar de Emergencias<\/strong> (UME) y 68 veh\u00edculos hacia Ibiza, mientras la Guardia Civil moviliz\u00f3 el s\u00e1bado hacia la isla unidades del Grupo Especial de Rescate e Intervenci\u00f3n en Monta\u00f1a (Greim) y apoyo a\u00e9reo, ha detallado la Delegaci\u00f3n del Gobierno en Baleares.\n    <\/p>\n<p class=\"article-text\">\n        La intensidad de las precipitaciones en la ma\u00f1ana de este domingo ha obligado a la presidenta del Govern balear, <a href=\"https:\/\/www.google.com\/url?sa=t&amp;source=web&amp;rct=j&amp;opi=89978449&amp;url=https:\/\/www.infolibre.es\/politica\/prohens-subraya-govern-armengol-avisaron-anticorrupcion-investigaba-contrato-koldo_1_1801909.html&amp;ved=2ahUKEwigyIDl2p6QAxW0hP0HHcMoNlsQFnoECB0QAQ&amp;usg=AOvVaw31PvQJ6hLqEM7-E0jcRBOJ\" class=\"link\" rel=\"nofollow noopener\" target=\"_blank\">Marga Prohens<\/a>, al director de Emergencias e Interior, Pablo G\u00e1rriz, y al equipo t\u00e9cnico que les acompa\u00f1aba a conectarse al Comit\u00e9 T\u00e9cnico Asesor que analiza la evoluci\u00f3n de la dana Alice desde un avi\u00f3n.\n    <\/p>\n<p class=\"article-text\">\n        El servicio de Emergencias 112 ha alertado de las precipitaciones acompa\u00f1adas de granizo que han afectado a la isla de Ibiza durante la ma\u00f1ana, donde el Consell ha avisado del <strong>cierre al tr\u00e1fico la carretera del aeropuerto<\/strong> a las 11:25 horas y plantea como alternativa la EI700, as\u00ed como otras v\u00edas dentro de la isla.\n    <\/p>\n<p class=\"article-text\">\n        Efectivos de bomberos y otros cuerpos de seguridad han intervenido en achiques de inmuebles y espacios urbanos inundados.\n    <\/p>\n<p>    <strong>Agua potable contaminada en la Regi\u00f3n de Murcia<\/strong><\/p>\n<p class=\"article-text\">\n        La Mancomunidad de los Canales del Taibilla ha informado este domingo de que la <strong>infiltraci\u00f3n de agua de escorrent\u00eda<\/strong> <strong>ha contaminado la potable<\/strong> en San Javier, Los Alc\u00e1zares y San Pedro del Pinatar, las pedan\u00edas murcianas de Ba\u00f1os y Mendigo, Lobosillo y Avileses y en Torre Pacheco en El Jimenado, Rold\u00e1n, Balsicas, Dolores de Pacheco, San Cayetano, Santa Rosal\u00eda, Las Cantandas, Las Barrientas, La Almazara y Agrodolores.\n    <\/p>\n<p class=\"article-text\">\n        Seg\u00fan la mancomunidad, hay \u00abimportantes infiltraciones\u00bb en uno de sus canales de abastecimiento lo que provoca que el recurso que se suministra no cumpla con los est\u00e1ndares de calidad t\u00e9cnicosanitarios para su consumo directo o en cocina.\n    <\/p>\n<p>                                    <script async src=\"https:\/\/platform.twitter.com\/widgets.js\" charset=\"utf-8\"><\/script><\/p>\n","protected":false},"excerpt":{"rendered":"Las lluvias y tormentas que est\u00e1 dejando la dana Alice contin\u00faan afectando este domingo a Baleares y a&hellip;\n","protected":false},"author":2,"featured_media":172961,"comment_status":"","ping_status":"","sticky":false,"template":"","format":"standard","meta":{"footnotes":""},"categories":[8],"tags":[25031,2456,17,18,11072,10898,18695,25,24,13,14,3087,11,297,42145,19,20,6194,9,10,15,16,23,12,4067,21,22,11004],"class_list":{"0":"post-172960","1":"post","2":"type-post","3":"status-publish","4":"format-standard","5":"has-post-thumbnail","7":"category-espana","8":"tag-alice","9":"tag-baleares","10":"tag-breaking-news","11":"tag-breakingnews","12":"tag-causa","13":"tag-comunidad","14":"tag-debido","15":"tag-es","16":"tag-espana","17":"tag-featured-news","18":"tag-featurednews","19":"tag-fuertes","20":"tag-headlines","21":"tag-horas","22":"tag-incidencias","23":"tag-latest-news","24":"tag-latestnews","25":"tag-lluvias","26":"tag-news","27":"tag-noticias","28":"tag-noticias-destacadas","29":"tag-noticiasdestacadas","30":"tag-spain","31":"tag-titulares","32":"tag-ultimas","33":"tag-ultimas-noticias","34":"tag-ultimasnoticias","35":"tag-valenciana"},"share_on_mastodon":{"url":"","error":""},"_links":{"self":[{"href":"https:\/\/www.europesays.com\/es\/wp-json\/wp\/v2\/posts\/172960","targetHints":{"allow":["GET"]}}],"collection":[{"href":"https:\/\/www.europesays.com\/es\/wp-json\/wp\/v2\/posts"}],"about":[{"href":"https:\/\/www.europesays.com\/es\/wp-json\/wp\/v2\/types\/post"}],"author":[{"embeddable":true,"href":"https:\/\/www.europesays.com\/es\/wp-json\/wp\/v2\/users\/2"}],"replies":[{"embeddable":true,"href":"https:\/\/www.europesays.com\/es\/wp-json\/wp\/v2\/comments?post=172960"}],"version-history":[{"count":0,"href":"https:\/\/www.europesays.com\/es\/wp-json\/wp\/v2\/posts\/172960\/revisions"}],"wp:featuredmedia":[{"embeddable":true,"href":"https:\/\/www.europesays.com\/es\/wp-json\/wp\/v2\/media\/172961"}],"wp:attachment":[{"href":"https:\/\/www.europesays.com\/es\/wp-json\/wp\/v2\/media?parent=172960"}],"wp:term":[{"taxonomy":"category","embeddable":true,"href":"https:\/\/www.europesays.com\/es\/wp-json\/wp\/v2\/categories?post=172960"},{"taxonomy":"post_tag","embeddable":true,"href":"https:\/\/www.europesays.com\/es\/wp-json\/wp\/v2\/tags?post=172960"}],"curies":[{"name":"wp","href":"https:\/\/api.w.org\/{rel}","templated":true}]}}