{"id":172965,"date":"2025-10-13T01:27:17","date_gmt":"2025-10-13T01:27:17","guid":{"rendered":"https:\/\/www.europesays.com\/es\/172965\/"},"modified":"2025-10-13T01:27:17","modified_gmt":"2025-10-13T01:27:17","slug":"se-jubila-el-alma-de-los-corrales-de-las-ventas","status":"publish","type":"post","link":"https:\/\/www.europesays.com\/es\/172965\/","title":{"rendered":"se jubila el alma de los corrales de Las Ventas"},"content":{"rendered":"<p><strong data-start=\"955\" data-end=\"1004\">Hay otro motivo por el que este Dia de la Hispanidad es especial en <a title=\"Las Ventas\" href=\"https:\/\/www.larazon.es\/tags\/las-ventas\/\" target=\"_blank\" rel=\"nofollow noopener\">Las Ventas<\/a> y es que se trata <\/strong>del adi\u00f3s de una figura imprescindible en la historia reciente del coso madrile\u00f1o: <strong data-start=\"1104\" data-end=\"1196\">Florencio Fern\u00e1ndez Castillo, <a title=\"\u201cFlorito\u201d\" href=\"https:\/\/www.larazon.es\/cultura\/toros\/florito-toro-madrid-protagonistas-spot-ventas_202405076639fd94c18d400001bd66a0.html\" target=\"_blank\" rel=\"nofollow noopener\">\u201cFlorito\u201d<\/a>, se despide tras casi cuarenta a\u00f1os como mayoral<\/strong>. Su silueta, inseparable de los cabestros y de los corrales, se diluir\u00e1 al t\u00e9rmino de la temporada de octubre. Y con \u00e9l, se va una forma de hacer las cosas: discreta, rigurosa y profundamente comprometida con el toro y con la plaza.<\/p>\n<p><strong data-start=\"1431\" data-end=\"1477\">Nacido en la plaza de Talavera de la Reina<\/strong>, donde su padre trabajaba como conserje, <a title=\"Florito\" href=\"https:\/\/www.larazon.es\/cultura\/toros\/florito-toro-madrid-protagonistas-spot-ventas_202405076639fd94c18d400001bd66a0.html\" target=\"_blank\" rel=\"nofollow noopener\">Florito<\/a>mam\u00f3 el toreo desde la cuna. Novillero en su juventud con el apodo de \u00abEl Ni\u00f1o de la Plaza\u00bb, abandon\u00f3 el traje de luces en 1981 para empezar a trabajar como mayoral en su tierra dos a\u00f1os despu\u00e9s. El salto definitivo lleg\u00f3 cuando <strong data-start=\"1756\" data-end=\"1841\">Manuel Mart\u00ednez Flamarique, \u201cChopera\u201d, lo llev\u00f3 a <strong data-start=\"955\" data-end=\"1004\"><a title=\"Las Ventas\" href=\"https:\/\/www.larazon.es\/tags\/las-ventas\/\" target=\"_blank\" rel=\"nofollow noopener\">Las Ventas<\/a><\/strong> a mediados de los 80<\/strong>. Desde entonces, su figura ha sido una constante en el engranaje invisible que hace funcionar la primera plaza del mundo.<\/p>\n<p><strong data-start=\"1965\" data-end=\"2017\"><strong data-start=\"1104\" data-end=\"1196\"><a title=\"Florito\" href=\"https:\/\/www.larazon.es\/cultura\/toros\/florito-toro-madrid-protagonistas-spot-ventas_202405076639fd94c18d400001bd66a0.html\" target=\"_blank\" rel=\"nofollow noopener\">Florito<\/a><\/strong>no solo cuidaba los corrales: los viv\u00eda.<\/strong> Acompa\u00f1aba los desembarques, revisaba ganader\u00edas, entrenaba cabestros y, como veedor, seleccionaba el ganado con una mezcla de intuici\u00f3n y experiencia imposible de replicar. <strong data-start=\"2192\" data-end=\"2235\">Su criterio ha sido ley durante d\u00e9cadas<\/strong>, y su trabajo, aunque invisible para el gran p\u00fablico, ha marcado directamente la calidad y la seriedad de cada tarde de toros en Madrid.<\/p>\n<p>Ahora, el testigo cambia de manos. <strong data-start=\"2409\" data-end=\"2502\">Su hijo <a title=\"\u00c1lvaro, ingeniero aeroespacial de formaci\u00f3n\" href=\"https:\/\/www.larazon.es\/cultura\/toros\/final-era-ventas-florito-pasa-testigo-hijo_2025091668c92015bc8f701b2f6d97c3.html\" target=\"_blank\" rel=\"nofollow noopener\">\u00c1lvaro, ingeniero aeroespacial de formaci\u00f3n<\/a>, ser\u00e1 el nuevo mayoral de <strong data-start=\"955\" data-end=\"1004\"><a title=\"Las Ventas\" href=\"https:\/\/www.larazon.es\/tags\/las-ventas\/\" target=\"_blank\" rel=\"nofollow noopener\">Las Ventas<\/a><\/strong>.<\/strong> Y aunque el apellido puede pesar, la decisi\u00f3n no fue impuesta ni precipitada. \u00c1lvaro confes\u00f3 a su padre que su aut\u00e9ntica vocaci\u00f3n no estaba entre planos y c\u00e1lculos, sino <strong data-start=\"2673\" data-end=\"2699\">al lado del toro bravo<\/strong>. Desde entonces, se ha preparado para asumir un puesto que no admite improvisaciones ni medias tintas.<\/p>\n<p>Eso s\u00ed, <strong data-start=\"2812\" data-end=\"2840\">el relevo tendr\u00e1 l\u00edmites<\/strong>. Como ha dejado claro el propio <a title=\"Florito\" href=\"https:\/\/www.larazon.es\/cultura\/toros\/florito-toro-madrid-protagonistas-spot-ventas_202405076639fd94c18d400001bd66a0.html\" target=\"_blank\" rel=\"nofollow noopener\">Florito<\/a>, su hijo asumir\u00e1 solo el papel de mayoral. <strong data-start=\"2924\" data-end=\"3028\">La tarea de veedor, con toda la exigencia que conlleva, no formar\u00e1 parte de sus funciones iniciales.<\/strong> La herencia es pesada, pero la intenci\u00f3n es clara: \u00c1lvaro quiere hacerse un nombre por s\u00ed mismo, sin atajos ni privilegios.<\/p>\n<p><strong data-start=\"3154\" data-end=\"3252\">Se va un trabajador silencioso, y llega una nueva etapa que quiere honrar esa misma filosof\u00eda.<\/strong> La plaza perder\u00e1 a una de sus almas m\u00e1s veteranas, pero ganar\u00e1 una continuidad basada en el respeto, la vocaci\u00f3n y el conocimiento transmitido de padre a hijo. <a title=\"Florito\" href=\"https:\/\/www.larazon.es\/cultura\/toros\/florito-toro-madrid-protagonistas-spot-ventas_202405076639fd94c18d400001bd66a0.html\" target=\"_blank\" rel=\"nofollow noopener\">Florito<\/a> baja del caballo, pero deja una estela que seguir\u00e1 marcando el rumbo en los corrales de la Monumental.<\/p>\n","protected":false},"excerpt":{"rendered":"Hay otro motivo por el que este Dia de la Hispanidad es especial en Las Ventas y es&hellip;\n","protected":false},"author":2,"featured_media":172966,"comment_status":"","ping_status":"","sticky":false,"template":"","format":"standard","meta":{"footnotes":""},"categories":[277],"tags":[373,168,25,24,23,167,374],"class_list":{"0":"post-172965","1":"post","2":"type-post","3":"status-publish","4":"format-standard","5":"has-post-thumbnail","7":"category-toreo","8":"tag-bullfighting","9":"tag-deportes","10":"tag-es","11":"tag-espana","12":"tag-spain","13":"tag-sports","14":"tag-toreo"},"share_on_mastodon":{"url":"","error":""},"_links":{"self":[{"href":"https:\/\/www.europesays.com\/es\/wp-json\/wp\/v2\/posts\/172965","targetHints":{"allow":["GET"]}}],"collection":[{"href":"https:\/\/www.europesays.com\/es\/wp-json\/wp\/v2\/posts"}],"about":[{"href":"https:\/\/www.europesays.com\/es\/wp-json\/wp\/v2\/types\/post"}],"author":[{"embeddable":true,"href":"https:\/\/www.europesays.com\/es\/wp-json\/wp\/v2\/users\/2"}],"replies":[{"embeddable":true,"href":"https:\/\/www.europesays.com\/es\/wp-json\/wp\/v2\/comments?post=172965"}],"version-history":[{"count":0,"href":"https:\/\/www.europesays.com\/es\/wp-json\/wp\/v2\/posts\/172965\/revisions"}],"wp:featuredmedia":[{"embeddable":true,"href":"https:\/\/www.europesays.com\/es\/wp-json\/wp\/v2\/media\/172966"}],"wp:attachment":[{"href":"https:\/\/www.europesays.com\/es\/wp-json\/wp\/v2\/media?parent=172965"}],"wp:term":[{"taxonomy":"category","embeddable":true,"href":"https:\/\/www.europesays.com\/es\/wp-json\/wp\/v2\/categories?post=172965"},{"taxonomy":"post_tag","embeddable":true,"href":"https:\/\/www.europesays.com\/es\/wp-json\/wp\/v2\/tags?post=172965"}],"curies":[{"name":"wp","href":"https:\/\/api.w.org\/{rel}","templated":true}]}}