{"id":172975,"date":"2025-10-13T01:35:09","date_gmt":"2025-10-13T01:35:09","guid":{"rendered":"https:\/\/www.europesays.com\/es\/172975\/"},"modified":"2025-10-13T01:35:09","modified_gmt":"2025-10-13T01:35:09","slug":"las-imagenes-que-confirman-el-romance-entre-katy-perry-y-el-ex-primer-ministro-de-canada","status":"publish","type":"post","link":"https:\/\/www.europesays.com\/es\/172975\/","title":{"rendered":"Las im\u00e1genes que confirman el romance entre Katy Perry y el ex primer ministro de Canad\u00e1"},"content":{"rendered":"<p><b>Y por fin lleg\u00f3 el beso que lo confirm\u00f3 todo<\/b>. La cantante Katy Perry y el ex primer ministro de Canad\u00e1, <a href=\"https:\/\/www.huffingtonpost.es\/global\/trudeau-estrella-perdio-fulgorbr.html\" rel=\"nofollow noopener\" target=\"_blank\">Justin Trudeau<\/a>, han sido captados en varias fotograf\u00edas bes\u00e1ndose acaloradamente en un yate frente a la costa de Santa B\u00e1rbara (California), confirmando lo que llevaba meses especul\u00e1ndose.\u00a0<\/p>\n<p>La cantante, famosa por \u00e9xitos como &#8216;Roar&#8217;, &#8216;Last Friday Night&#8217; o &#8216;I Kissed a Girl&#8217;, se separ\u00f3 este verano del actor Orlando Bloom, con quien tiene una hija de cinco a\u00f1os, y hasta ahora no se le hab\u00eda visto de forma oficial con otra persona de forma rom\u00e1ntica, aunque s\u00ed que se llevaba rumoreando en las redes sociales desde hace semanas <b>su posible romance con Trudeau.\u00a0<\/b><\/p>\n<p>En las im\u00e1genes se puede ver a ambos abrazados y bes\u00e1ndose a bordo de un yate, lo que ha servido como una confirmaci\u00f3n de su v\u00ednculo amoroso. Los rumores sobre su posible relaci\u00f3n comenzaron justo este verano, cuando fueron vistos cenando en un restaurante en la ciudad de Montreal. <b>Sin embargo, al no haber ning\u00fan comunicado oficial ni im\u00e1genes que lo aclarasen, todo qued\u00f3 en meras conjeturas&#8230;. hasta hoy.\u00a0<\/b><\/p>\n","protected":false},"excerpt":{"rendered":"Y por fin lleg\u00f3 el beso que lo confirm\u00f3 todo. La cantante Katy Perry y el ex primer&hellip;\n","protected":false},"author":2,"featured_media":172976,"comment_status":"","ping_status":"","sticky":false,"template":"","format":"standard","meta":{"footnotes":""},"categories":[174],"tags":[255,146,147,25,24,256,8819,4885,12567,23],"class_list":{"0":"post-172975","1":"post","2":"type-post","3":"status-publish","4":"format-standard","5":"has-post-thumbnail","7":"category-famosos","8":"tag-celebrities","9":"tag-entertainment","10":"tag-entretenimiento","11":"tag-es","12":"tag-espana","13":"tag-famosos","14":"tag-justin-trudeau","15":"tag-katy-perry","16":"tag-orlando-bloom","17":"tag-spain"},"share_on_mastodon":{"url":"","error":""},"_links":{"self":[{"href":"https:\/\/www.europesays.com\/es\/wp-json\/wp\/v2\/posts\/172975","targetHints":{"allow":["GET"]}}],"collection":[{"href":"https:\/\/www.europesays.com\/es\/wp-json\/wp\/v2\/posts"}],"about":[{"href":"https:\/\/www.europesays.com\/es\/wp-json\/wp\/v2\/types\/post"}],"author":[{"embeddable":true,"href":"https:\/\/www.europesays.com\/es\/wp-json\/wp\/v2\/users\/2"}],"replies":[{"embeddable":true,"href":"https:\/\/www.europesays.com\/es\/wp-json\/wp\/v2\/comments?post=172975"}],"version-history":[{"count":0,"href":"https:\/\/www.europesays.com\/es\/wp-json\/wp\/v2\/posts\/172975\/revisions"}],"wp:featuredmedia":[{"embeddable":true,"href":"https:\/\/www.europesays.com\/es\/wp-json\/wp\/v2\/media\/172976"}],"wp:attachment":[{"href":"https:\/\/www.europesays.com\/es\/wp-json\/wp\/v2\/media?parent=172975"}],"wp:term":[{"taxonomy":"category","embeddable":true,"href":"https:\/\/www.europesays.com\/es\/wp-json\/wp\/v2\/categories?post=172975"},{"taxonomy":"post_tag","embeddable":true,"href":"https:\/\/www.europesays.com\/es\/wp-json\/wp\/v2\/tags?post=172975"}],"curies":[{"name":"wp","href":"https:\/\/api.w.org\/{rel}","templated":true}]}}