{"id":172979,"date":"2025-10-13T01:37:08","date_gmt":"2025-10-13T01:37:08","guid":{"rendered":"https:\/\/www.europesays.com\/es\/172979\/"},"modified":"2025-10-13T01:37:08","modified_gmt":"2025-10-13T01:37:08","slug":"la-patagonia-rebelde-el-libro-de-osvaldo-bayer-que-reivindico-a-los-silenciados-de-la-historia-un-clasico-que-vuelve-a-las-librerias","status":"publish","type":"post","link":"https:\/\/www.europesays.com\/es\/172979\/","title":{"rendered":"\u00abLa Patagonia rebelde\u00bb, el libro de Osvaldo Bayer que reivindic\u00f3 a los silenciados de la historia | Un cl\u00e1sico que vuelve a las librer\u00edas"},"content":{"rendered":"<p>La masacre de los obreros rurales patag\u00f3nicos en 1921 fue un tema tab\u00fa, el hecho m\u00e1s escondido de la historia del proletariado argentino del siglo XX. <b>La Patagonia rebelde, de Osvaldo Bayer<\/b>, cr\u00f3nica vertiginosa y documentada como pocas, fue el libro que logr\u00f3 contar el anarquismo como nadie lo hizo y ponerlo en el radar del gran p\u00fablico a partir de la recuperaci\u00f3n de las voces de sus protagonistas: el Gallego Soto, Fac\u00f3n Grande, Albino Arg\u00fcelles, Kurt Wilckens. Este cl\u00e1sico imperdible, reeditado por Siglo XXI, t\u00edtulo con el que la editorial inaugura la <b>colecci\u00f3n \u201cBiblioteca Osvaldo Bayer\u201d<\/b>, arroj\u00f3 luz sobre el modo en que estancieros, poder pol\u00edtico, jueces, bandas paramilitares y peri\u00f3dicos demonizaron a los militantes y conspiraron para aplastar el levantamiento. La represi\u00f3n se convirti\u00f3 en una cacer\u00eda humana cuando el escuadr\u00f3n comandado por el teniente coronel Varela fusil\u00f3 sin juicio a mil quinientos huelguistas.<\/p>\n<p>En la nota preliminar de esta reedici\u00f3n se explica que La Patagonia rebelde fue la investigaci\u00f3n desarrollada por Bayer (1927-2018) en los cuatro tomos publicados con el t\u00edtulo Los vengadores de la Patagonia tr\u00e1gica, los tres primeros editados en la Argentina por Galerna entre 1972 y 1974, y el cuarto, en 1978, en Alemania Federal. Que el cuarto se haya publicado en el extranjero se debe a que tanto el editor como el autor tuvieron que exiliarse cuando en 1976 irrumpi\u00f3 la <b>dictadura c\u00edvico militar<\/b>. La versi\u00f3n en un solo volumen -que tuvo su primera aparici\u00f3n en 1980, a trav\u00e9s del sello Nueva Imagen- era necesaria especialmente para que el p\u00fablico latinoamericano pudiera conocer los tr\u00e1gicos acontecimientos originados con motivo de la huelga rural m\u00e1s extendida de la historia sudamericana.  <\/p>\n<p>Desde Alemania, <b>Esteban Bayer<\/b>, el hijo del reconocido historiador, periodista y escritor, destaca que su padre no escribi\u00f3 un \u201cpanfleto\u201d, sino que le dio voz a aquellos que no la ten\u00edan: a los fusilados, a los violentados, a los secuestrados, a las v\u00edctimas, a las familias que nunca se hab\u00edan atrevido a hablar. \u201cPero tambi\u00e9n le concedi\u00f3 la palabra a los autores de esa masacre: a los estancieros, a la Sociedad Rural, a los oficiales, al partido pol\u00edtico, la Uni\u00f3n C\u00edvica Radical, involucrada directamente a trav\u00e9s de su presidente Hip\u00f3lito Irigoyen, pero sobre todo a los militares, a los oficiales que comandaron los fusilamientos. No les neg\u00f3 la voz, se las dio para que el lector descubriera la verdad, sin ocultar la palabra de nadie\u201d, afirma Bayer hijo y agrega que es interesante recuperar esta obra fundamental para descubrir qu\u00e9 estructuras operaron en aquella masacre y c\u00f3mo son las estructuras actuales.\u00a0<\/p>\n<p>\u201cSon los mismos grupos de poder; el poder de los estancieros sigue como siempre. Los due\u00f1os de las estancias en Santa Cruz son pr\u00e1cticamente los mismos. Muchos cambiaron las ovejas por la comercializaci\u00f3n y la extracci\u00f3n de minerales porque les rinde m\u00e1s\u201d, aclara y observa que releer La Patagonia rebelde hoy \u00abimplica entender las estructuras de poder que nos siguen gobernando, con un modelo socioecon\u00f3mico que se parece m\u00e1s al medioevo que a la realidad del siglo veintiuno\u201d.  <\/p>\n<p>Esteban era un ni\u00f1o de ocho a\u00f1os cuando su padre empez\u00f3 a investigar. \u201cLos cuatro hermanos lo ve\u00edamos encerrado en su cuarto de trabajo con su m\u00e1quina de escribir, una vieja Olivetti, poniendo papel carb\u00f3nico porque no hab\u00eda fotocopiadoras. Not\u00e1bamos su alegr\u00eda cuando regresaba de sus viajes. \u00c9l volv\u00eda entusiasmado porque hab\u00eda encontrado nuevos documentos o nuevos testimonios. Mi vieja se enojaba, entre comillas, y dec\u00eda: \u2018si el viejo vuelve contento significa que no lo vamos a volver a ver por semanas\u2019, porque \u00e9l aprovechaba para transcribir las grabaciones que hab\u00eda juntado o las anotaciones en sus libretas\u201d, repasa c\u00f3mo esa investigaci\u00f3n marc\u00f3 la din\u00e1mica familiar y confirma que casi nunca pudieron tomarse vacaciones con su padre, excepto una sola vez, porque Osvaldo empleaba los tiempos libres para irse a la Patagonia o a la provincia de Buenos Aires, donde encontr\u00f3 much\u00edsimos testigos, especialmente los soldados conscriptos del Regimiento 10 de Caballer\u00eda, que fueron enviados a fusilar. \u201c\u00c9l ten\u00eda dos trabajos en dos diarios\u2026 yo no s\u00e9 c\u00f3mo hizo en aquellos tiempos, no solo por la forma de escribir, en una m\u00e1quina vieja, esos cuatro tomos, sino por c\u00f3mo investig\u00f3\u201d, recuerda el hijo.<\/p>\n<p>Bayer decidi\u00f3 llegar al fondo de la historia. El historiador, periodista y escritor empez\u00f3 la investigaci\u00f3n cuando el historiador F\u00e9lix Luna le pidi\u00f3 para Todo es historia que escribiera sobre las huelgas patag\u00f3nicas. Entonces arranc\u00f3 con un hecho ocurrido en Buenos Aires del que poco se sab\u00eda, un atentado de un anarquista alem\u00e1n contra un teniente coronel del ej\u00e9rcito argentino. \u00bfPor qu\u00e9 Kurt Wilckens mat\u00f3 a Varela, el 27 de enero de 1923 en la puerta de su casa de la calle Fitz Roy 2461? En el pr\u00f3logo titulado \u201cEl \u00e1ngel exterminador\u201d de La Patagonia rebelde, se narra ese asesinato.\u00a0<\/p>\n<p><b>\u201c\u00c9l se propuso escribir para la gente, para el pueblo, para que lo leyera todo el mundo y no para un c\u00edrculo de historiadores o para enciclopedias de historia o manuales<\/b>. Por eso utiliza ese lenguaje period\u00edstico directo, sin subirse a la torre de marfil; escribe desde el llano, que es un poco tambi\u00e9n la estructura de la pel\u00edcula\u201d, compara Esteban el film de 1974, dirigido por <b>H\u00e9ctor Olivera<\/b> y protagonizado por <b>H\u00e9ctor Alterio, Federico Luppi, Pepe Soriano y Luis Brandoni<\/b>.  A los diecis\u00e9is a\u00f1os, Esteban tuvo la suerte de estar en la filmaci\u00f3n de la pel\u00edcula, tanto en las escenas que se realizaron en interiores, en estudios de Buenos Aires, como aquellas que sucedieron en los lugares originales, en Santa Cruz.  <\/p>\n<p>Las amenazas de muerte de la Triple A que recibieron Osvaldo y su familia se debieron a La Patagonia rebelde. \u201cEl exilio fue por la violencia de siempre de los grupos de poder que no aceptaban la verdad que mi padre hab\u00eda descubierto. El exilio nos llev\u00f3 a Europa y Osvaldo perdi\u00f3 toda posibilidad de seguir investigando sobre el tema. Hab\u00eda quedado documentaci\u00f3n en Buenos Aires, y mucho de ese material se perdi\u00f3. \u00c9l lo hab\u00eda escondido y cuando volvi\u00f3 del exilio lo encontr\u00f3 en un estado de deterioro muy fuerte y ya irrecuperable\u201d, repasa Esteban las an\u00e9cdotas en torno a un libro decisivo para el debate hist\u00f3rico y pol\u00edtico de nuestra regi\u00f3n. El final de La Patagonia rebelde es como un mantra pol\u00edtico de irrevocable actualidad: \u201cEl tiempo siempre descorre la cortina que trata de ocultar la verdad. Los cr\u00edmenes jam\u00e1s se podr\u00e1n ocultar\u201d.\u00a0\u00a0<\/p>\n","protected":false},"excerpt":{"rendered":"La masacre de los obreros rurales patag\u00f3nicos en 1921 fue un tema tab\u00fa, el hecho m\u00e1s escondido de&hellip;\n","protected":false},"author":2,"featured_media":172980,"comment_status":"","ping_status":"","sticky":false,"template":"","format":"standard","meta":{"footnotes":""},"categories":[172],"tags":[224,209,146,147,25,24,225,23],"class_list":{"0":"post-172979","1":"post","2":"type-post","3":"status-publish","4":"format-standard","5":"has-post-thumbnail","7":"category-libros","8":"tag-books","9":"tag-cultura","10":"tag-entertainment","11":"tag-entretenimiento","12":"tag-es","13":"tag-espana","14":"tag-libros","15":"tag-spain"},"share_on_mastodon":{"url":"","error":""},"_links":{"self":[{"href":"https:\/\/www.europesays.com\/es\/wp-json\/wp\/v2\/posts\/172979","targetHints":{"allow":["GET"]}}],"collection":[{"href":"https:\/\/www.europesays.com\/es\/wp-json\/wp\/v2\/posts"}],"about":[{"href":"https:\/\/www.europesays.com\/es\/wp-json\/wp\/v2\/types\/post"}],"author":[{"embeddable":true,"href":"https:\/\/www.europesays.com\/es\/wp-json\/wp\/v2\/users\/2"}],"replies":[{"embeddable":true,"href":"https:\/\/www.europesays.com\/es\/wp-json\/wp\/v2\/comments?post=172979"}],"version-history":[{"count":0,"href":"https:\/\/www.europesays.com\/es\/wp-json\/wp\/v2\/posts\/172979\/revisions"}],"wp:featuredmedia":[{"embeddable":true,"href":"https:\/\/www.europesays.com\/es\/wp-json\/wp\/v2\/media\/172980"}],"wp:attachment":[{"href":"https:\/\/www.europesays.com\/es\/wp-json\/wp\/v2\/media?parent=172979"}],"wp:term":[{"taxonomy":"category","embeddable":true,"href":"https:\/\/www.europesays.com\/es\/wp-json\/wp\/v2\/categories?post=172979"},{"taxonomy":"post_tag","embeddable":true,"href":"https:\/\/www.europesays.com\/es\/wp-json\/wp\/v2\/tags?post=172979"}],"curies":[{"name":"wp","href":"https:\/\/api.w.org\/{rel}","templated":true}]}}