{"id":172981,"date":"2025-10-13T01:38:08","date_gmt":"2025-10-13T01:38:08","guid":{"rendered":"https:\/\/www.europesays.com\/es\/172981\/"},"modified":"2025-10-13T01:38:08","modified_gmt":"2025-10-13T01:38:08","slug":"la-promesa-avance-del-capitulo-695-del-lunes-13-de-octubre-de-2025","status":"publish","type":"post","link":"https:\/\/www.europesays.com\/es\/172981\/","title":{"rendered":"&#8216;La Promesa&#8217;, avance del cap\u00edtulo 695 del lunes 13 de octubre de 2025"},"content":{"rendered":"<p data-journey-content=\"true\" data-node-id=\"4\" class=\"css-6wxqfj emevuu60\">En el <a href=\"https:\/\/www.diezminutos.es\/telenovela\/espanolas\/a68896613\/la-promesa-avance-capitulo-694-viernes-10-octubre-2025-tve\/\" target=\"_blank\" data-vars-ga-outbound-link=\"https:\/\/www.diezminutos.es\/telenovela\/espanolas\/a68896613\/la-promesa-avance-capitulo-694-viernes-10-octubre-2025-tve\/\" data-vars-ga-ux-element=\"Hyperlink\" data-vars-ga-call-to-action=\"cap\u00edtulo anterior de &#039;La Promesa&#039;\" data-node-id=\"4.1\" class=\"body-link css-177bzfx emevuu60\" rel=\"nofollow noopener\">cap\u00edtulo anterior de &#8216;La Promesa&#8217;<\/a>, To\u00f1o descubre que Manuel tiene raz\u00f3n: Enora les est\u00e1 enga\u00f1ando. La pregunta es, \u00bfpor qu\u00e9? Leocadia le cuenta a Crist\u00f3bal la verdad sobre el detective: todo forma parte de su plan para hacerse con La Promesa. Lope sabe de las intenciones de Vera y sigue intentando que ella renuncie a su idea de volver a casa. P\u00eda se enfrenta a Santos porque el chico sigue machac\u00e1ndola: como ama de llaves provisional le pone los puntos sobre las \u00edes en un enfrentamiento sin precedente entre ellos.<\/p>\n<p><img draggable=\"true\" alt=\"la promesa rtve enora\" title=\"la promesa rtve enora\" loading=\"lazy\" width=\"2050\" height=\"1153\" decoding=\"async\" data-nimg=\"1\" style=\"color:transparent;width:100%;height:auto;\"   src=\"https:\/\/www.europesays.com\/es\/wp-content\/uploads\/2025\/10\/la-promesa-1-68e8d2bd568fd.jpg\" class=\"css-0 e1g79fud0\"\/><\/p>\n<p>RTVE<\/p>\n<p>Jacobo presencia un abrazo entre Martina y Adriano en &#8216;La Promesa&#8217;<\/p>\n<p data-journey-content=\"true\" data-node-id=\"10\" class=\"css-6wxqfj emevuu60\">Mientras Petra sigue entre la vida y la muerte, Curro convence a \u00c1ngela de pedir ayuda a Lorenzo, quien accede a gestionar un suero que podr\u00eda salvarla. Enora manipula a To\u00f1o y logra convencer tambi\u00e9n a Manuel sobre sus razones para sacar los planos del hangar. P\u00eda valora marcharse de La Promesa para buscar a Ricardo, pero sus compa\u00f1eras logran disuadirla por el bien de su hijo. Vera se ausenta con enga\u00f1os para visitar a su padre. Jacobo presencia un abrazo entre Martina y Adriano que denota la buena sinton\u00eda que hay entre ellos. \u00c1ngela le suplica a su madre m\u00e1s tiempo, mientras Curro es sorprendido por Leocadia intentando robar un collar.<\/p>\n<p><img draggable=\"true\" alt=\"la promesa rtve leocadia, lorenzo y curro\" title=\"la promesa rtve leocadia, lorenzo y curro\" loading=\"lazy\" width=\"1772\" height=\"1181\" decoding=\"async\" data-nimg=\"1\" style=\"color:transparent;width:100%;height:auto;\"   src=\"https:\/\/www.europesays.com\/es\/wp-content\/uploads\/2025\/10\/la-promesa-2-68e8d36acc8f6.jpg\" class=\"css-0 e1g79fud0\"\/><\/p>\n<p>Productora<\/p>\n<p>Leocadia intenta ganar tiempo en &#8216;La Promesa&#8217;<\/p>\n<p data-journey-content=\"true\" data-node-id=\"16\" class=\"css-6wxqfj emevuu60\">En el cap\u00edtulo de este lunes, en &#8216;<a href=\"https:\/\/www.diezminutos.es\/telenovela-la-promesa\/\" target=\"_blank\" data-vars-ga-outbound-link=\"https:\/\/www.diezminutos.es\/telenovela-la-promesa\/\" data-vars-ga-ux-element=\"Hyperlink\" data-vars-ga-call-to-action=\"La Promesa\" data-node-id=\"16.1\" class=\"body-link css-177bzfx emevuu60\" rel=\"nofollow noopener\">La Promesa<\/a>&#8216;, en TVE, Manuel utiliza el avi\u00f3n de su amigo para traer el suero que puede salvar a Petra, pero parece que la medicina no ha surtido efecto. Todos en el servicio se preparan para lo peor. Lope y Teresa no han sido capaces de advertir a Federico de que Vera se dirige hacia el palacio de sus padres. Leocadia busca una pr\u00f3rroga cuando Lorenzo le insiste una vez m\u00e1s en que planifique su boda con \u00c1ngela: la boda ser\u00e1 en tres meses por lo menos. Enora no tiene la cabeza en su futura boda con To\u00f1o, sino en algo m\u00e1s misterioso que tiene que ver con una extra\u00f1a llamada telef\u00f3nica. P\u00eda recibe una carta de Ricardo en la que explica los motivos de su marcha. Descubre <a href=\"https:\/\/www.diezminutos.es\/telenovela\/espanolas\/a68224644\/la-promesa-avance-semanal-13-al-17-octubre-capitulos-695-a-699-rtve\/\" target=\"_blank\" data-vars-ga-outbound-link=\"https:\/\/www.diezminutos.es\/telenovela\/espanolas\/a68224644\/la-promesa-avance-semanal-13-al-17-octubre-capitulos-695-a-699-rtve\/\" data-vars-ga-ux-element=\"Hyperlink\" data-vars-ga-call-to-action=\"qu\u00e9 m\u00e1s va a suceder en &#039;La Promesa&#039; esta semana\" data-node-id=\"16.3\" class=\"body-link css-177bzfx emevuu60\" rel=\"nofollow noopener\">qu\u00e9 m\u00e1s va a suceder en &#8216;La Promesa&#8217; esta semana<\/a>.<\/p>\n<p><img src=\"https:\/\/www.europesays.com\/es\/wp-content\/uploads\/2025\/10\/1760319488_863_43af9b8f-983e-4e74-8e74-9a7479b0966b_1681831601.file\" alt=\"Headshot of Pilar Mart\u00ednez\" title=\"Headshot of Pilar Mart\u00ednez\" width=\"100%\" height=\"100%\" decoding=\"async\" loading=\"lazy\" class=\"css-o0wq4v ev8dhu53\"\/><\/p>\n<p>Pilar Mart\u00ednez es periodista especializada en contenidos de televisi\u00f3n y cultura, se gradu\u00f3 en la carrera en Periodismo en la Facultad de Ciencias de la Informaci\u00f3n (Universidad Complutense de Madrid) en el a\u00f1o 2018. Desde entonces ha pasado por las redacciones de Ecoteuve (El Economista), donde realiz\u00f3 sus primeras pr\u00e1cticas durante el verano del 2016.<\/p>\n<p>Posteriormente, concretamente, en el a\u00f1o 2017 se pas\u00f3 al grupo Hearst Espa\u00f1a, donde comenz\u00f3 su andadura en las revistas de televisi\u00f3n: Supertele, Teleprograma, Telenovela. Ahora colabora con Diez Minutos, en su versi\u00f3n web, donde se encarga de realizar los avances semanales de las ficciones diarias de moda, as\u00ed como entrevistas y art\u00edculos sobre los melodramas o telenovelas que aterrizan en nuestro pa\u00eds y aquellos que est\u00e1n por venir.<\/p>\n<p>Toda una cazadora de exclusivas. A esto, se suma su puesto como redactora jefe de la secci\u00f3n de novela narrativa en la revista Culturamas, medio digital de alto impacto al que lleva unida desde el a\u00f1o 2013. \u00c1vida lectora, cin\u00e9fila y seri\u00e9fila de primer nivel, ha hecho de su vocaci\u00f3n su oficio. \u00a0<\/p>\n","protected":false},"excerpt":{"rendered":"En el cap\u00edtulo anterior de &#8216;La Promesa&#8217;, To\u00f1o descubre que Manuel tiene raz\u00f3n: Enora les est\u00e1 enga\u00f1ando. La&hellip;\n","protected":false},"author":2,"featured_media":172982,"comment_status":"","ping_status":"","sticky":false,"template":"","format":"standard","meta":{"footnotes":""},"categories":[171],"tags":[253,146,147,25,24,23,214],"class_list":{"0":"post-172981","1":"post","2":"type-post","3":"status-publish","4":"format-standard","5":"has-post-thumbnail","7":"category-tv","8":"tag-discover","9":"tag-entertainment","10":"tag-entretenimiento","11":"tag-es","12":"tag-espana","13":"tag-spain","14":"tag-tv"},"share_on_mastodon":{"url":"","error":""},"_links":{"self":[{"href":"https:\/\/www.europesays.com\/es\/wp-json\/wp\/v2\/posts\/172981","targetHints":{"allow":["GET"]}}],"collection":[{"href":"https:\/\/www.europesays.com\/es\/wp-json\/wp\/v2\/posts"}],"about":[{"href":"https:\/\/www.europesays.com\/es\/wp-json\/wp\/v2\/types\/post"}],"author":[{"embeddable":true,"href":"https:\/\/www.europesays.com\/es\/wp-json\/wp\/v2\/users\/2"}],"replies":[{"embeddable":true,"href":"https:\/\/www.europesays.com\/es\/wp-json\/wp\/v2\/comments?post=172981"}],"version-history":[{"count":0,"href":"https:\/\/www.europesays.com\/es\/wp-json\/wp\/v2\/posts\/172981\/revisions"}],"wp:featuredmedia":[{"embeddable":true,"href":"https:\/\/www.europesays.com\/es\/wp-json\/wp\/v2\/media\/172982"}],"wp:attachment":[{"href":"https:\/\/www.europesays.com\/es\/wp-json\/wp\/v2\/media?parent=172981"}],"wp:term":[{"taxonomy":"category","embeddable":true,"href":"https:\/\/www.europesays.com\/es\/wp-json\/wp\/v2\/categories?post=172981"},{"taxonomy":"post_tag","embeddable":true,"href":"https:\/\/www.europesays.com\/es\/wp-json\/wp\/v2\/tags?post=172981"}],"curies":[{"name":"wp","href":"https:\/\/api.w.org\/{rel}","templated":true}]}}