{"id":172985,"date":"2025-10-13T01:41:12","date_gmt":"2025-10-13T01:41:12","guid":{"rendered":"https:\/\/www.europesays.com\/es\/172985\/"},"modified":"2025-10-13T01:41:12","modified_gmt":"2025-10-13T01:41:12","slug":"el-1x1-del-deportivo-en-la-derrota-en-malaga","status":"publish","type":"post","link":"https:\/\/www.europesays.com\/es\/172985\/","title":{"rendered":"El \u00ab1&#215;1\u00bb del Deportivo en la derrota en M\u00e1laga"},"content":{"rendered":"<p>\t\t\t\t\t\tApenas Soriano, Parre\u00f1o y Luismi Cruz se salvaron del suspenso en La Rosaleda<br \/>\n\t\t\t\t\t\t\t\t\t\t\t\t<strong>12 oct 2025<\/strong> . Actualizado a las 23:05 h.\t\t\t\t\t\t<\/p>\n<p>\t\t\t\t\t\t\t\t\t\t\t\t\t\t\t\t\t\t\tEl mejor |\u00a0Mario Soriano | 5<\/p>\n<p class=\"txt\">Si no destac\u00f3 en el acierto s\u00ed lo hizo en la actitud. Se multiplic\u00f3 para ayudar en el inicio de jugada y colaborar en los repliegues.<\/p>\n<p>\t\t\t\t           \t\t\t\t\t\t\t\t\t\t\t\t\t\t\t\t\t\t\t\t\tGerm\u00e1n Parre\u00f1o | 5<\/p>\n<p class=\"txt\">Simple testigo de los tres tantos malacitanos, en los que poco pudo hacer. Evit\u00f3 el cuarto al final.<\/p>\n<p>\t\t\t\t\t\t \t\t\t\t\t\t\t\t\t\t\t\t\t\t\t\t\t\t\t\t\t\t\tMiguel Loureiro | 3<\/p>\n<p class=\"txt\">Pareci\u00f3 perdido en el lateral, donde tantos encuentros ha jugado ya. Superado por Joaqu\u00edn.<\/p>\n<p>Arnau Comas | 3<\/p>\n<p class=\"txt\">No aprovech\u00f3 la oportunidad, aunque tampoco sale retratado en los goles locales. Le falt\u00f3 mayor contundencia.<\/p>\n<p>\t\t\t\t           \t\t\t\t\t\t\t\t\t\t\t\t\t\t\t\t\t\t\t\t\tDani Barcia | 3<\/p>\n<p class=\"txt\">Se le fue el control previo al 2-0 y no brill\u00f3 en la colocaci\u00f3n. Muy por debajo de su nivel habitual.<\/p>\n<p>\t\t\t\t\t\t \t\t\t\t\t\t\t\t\t\t\t\t\t\t\t\t\t\t\t\t\t\t\tSergio Escudero | 3<\/p>\n<p class=\"txt\">Grave error en el 1-0, fallando en el despeje tras adelantarse a Chupe. Flojo en general, dej\u00f3 el campo antes de la hora de partido.<\/p>\n<p>\t\t\t\t           \t\t\t\t\t\t\t\t\t\t\t\t\t\t\t\t\t\t\t\t\tJos\u00e9 Gragera | 3<\/p>\n<p class=\"txt\">Recuperado de su lesi\u00f3n, entr\u00f3 para aportar solidez, pero no lo consigui\u00f3 en absoluto. Bland\u00edsimo en el 3-0.<\/p>\n<p>\t\t\t\t\t\t \t\t\t\t\t\t\t\t\t\t\t\t\t\t\t\t\t\t\t\t\t\t\tDiego Villares | 4<\/p>\n<p class=\"txt\">Pese a contar con un socio m\u00e1s propicio para la contenci\u00f3n, se le vio poco suelto. Reemplazado en el descanso.<\/p>\n<p>\t\t\t\t           \t\t\t\t\t\t\t\t\t\t\t\t\t\t\t\t\t\t\t\t\tLuismi Cruz | 5<\/p>\n<p class=\"txt\">Coloc\u00f3 mano a mano a Zakaria para el 1-1, pero el neerland\u00e9s fall\u00f3. Fue el m\u00e1s desequilibrante del frente de ataque.<\/p>\n<p>\t\t\t\t\t\t \t\t\t\t\t\t\t\t\t\t\t\t\t\t\t\t\t\t\t\t\t\t\tYeremay | 4<\/p>\n<p class=\"txt\">Pas\u00f3 de puntillas por el partido, m\u00e1s all\u00e1 de un par de buenos env\u00edos.<\/p>\n<p>Zakaria Eddahchouri | 4<\/p>\n<p class=\"txt\">Le anularon un gol por una falta en ataque cuanto menos rigurosa. Antes tuvo varias ocasiones que no logr\u00f3 embocar.<\/p>\n<p>\t\t\t\t           \t\t\t\t\t\t\t\t\t\t\t\t\t\t\t\t\t\t\t\t\tStoichkov | 3<\/p>\n<p class=\"txt\">Tuvo un cara a cara que resolvi\u00f3 de manera horrible.<\/p>\n<p>Rub\u00e9n L\u00f3pez | 4<\/p>\n<p class=\"txt\">Hidalgo lo alist\u00f3 como lateral y no estuvo nada c\u00f3modo.<\/p>\n<p>\t\t\t\t\t\t \t\t\t\t\t\t\t\t\t\t\t\t\t\t\t\t\t\t\t\t\t\t\tSamuele Mulattieri | 4<\/p>\n<p class=\"txt\">Sali\u00f3 cuando el partido estaba 3-0 y no goz\u00f3 de ocasiones claras.<\/p>\n<p>Charlie Pati\u00f1o | 4<\/p>\n<p class=\"txt\">Salt\u00f3 al c\u00e9sped con el choque perdido y el D\u00e9por superado.<\/p>\n<p>\t\t\t\t           \t\t\t\t\t\t\t\t\t\t\t\t\t\t\t\t\t\t\t\t\tJos\u00e9 \u00c1ngel Jurado | &#8211;<\/p>\n<p class=\"txt\">Sigui\u00f3 ganando rodaje tras su larga lesi\u00f3n.<\/p>\n<p>&#13;<br \/>\n\tArchivado en:&#13;<br \/>\n\t\t\t\t\t<a href=\"https:\/\/www.lavozdegalicia.es\/temas\/deportivo\/\" target=\"_blank\" class=\"mg-l\" rel=\"nofollow noopener\">Deportivo<\/a>&#13;<br \/>\n\t&#13;<\/p>\n","protected":false},"excerpt":{"rendered":"Apenas Soriano, Parre\u00f1o y Luismi Cruz se salvaron del suspenso en La Rosaleda 12 oct 2025 . Actualizado&hellip;\n","protected":false},"author":2,"featured_media":172986,"comment_status":"","ping_status":"","sticky":false,"template":"","format":"standard","meta":{"footnotes":""},"categories":[93],"tags":[168,412,25,24,23,167],"class_list":{"0":"post-172985","1":"post","2":"type-post","3":"status-publish","4":"format-standard","5":"has-post-thumbnail","7":"category-deportes","8":"tag-deportes","9":"tag-deportivo","10":"tag-es","11":"tag-espana","12":"tag-spain","13":"tag-sports"},"share_on_mastodon":{"url":"","error":""},"_links":{"self":[{"href":"https:\/\/www.europesays.com\/es\/wp-json\/wp\/v2\/posts\/172985","targetHints":{"allow":["GET"]}}],"collection":[{"href":"https:\/\/www.europesays.com\/es\/wp-json\/wp\/v2\/posts"}],"about":[{"href":"https:\/\/www.europesays.com\/es\/wp-json\/wp\/v2\/types\/post"}],"author":[{"embeddable":true,"href":"https:\/\/www.europesays.com\/es\/wp-json\/wp\/v2\/users\/2"}],"replies":[{"embeddable":true,"href":"https:\/\/www.europesays.com\/es\/wp-json\/wp\/v2\/comments?post=172985"}],"version-history":[{"count":0,"href":"https:\/\/www.europesays.com\/es\/wp-json\/wp\/v2\/posts\/172985\/revisions"}],"wp:featuredmedia":[{"embeddable":true,"href":"https:\/\/www.europesays.com\/es\/wp-json\/wp\/v2\/media\/172986"}],"wp:attachment":[{"href":"https:\/\/www.europesays.com\/es\/wp-json\/wp\/v2\/media?parent=172985"}],"wp:term":[{"taxonomy":"category","embeddable":true,"href":"https:\/\/www.europesays.com\/es\/wp-json\/wp\/v2\/categories?post=172985"},{"taxonomy":"post_tag","embeddable":true,"href":"https:\/\/www.europesays.com\/es\/wp-json\/wp\/v2\/tags?post=172985"}],"curies":[{"name":"wp","href":"https:\/\/api.w.org\/{rel}","templated":true}]}}