{"id":173005,"date":"2025-10-13T01:59:08","date_gmt":"2025-10-13T01:59:08","guid":{"rendered":"https:\/\/www.europesays.com\/es\/173005\/"},"modified":"2025-10-13T01:59:08","modified_gmt":"2025-10-13T01:59:08","slug":"dos-activistas-lanzan-pintura-contra-un-cuadro-de-colon-en-el-museo-naval-en-protesta-por-el-dia-de-la-hispanidad","status":"publish","type":"post","link":"https:\/\/www.europesays.com\/es\/173005\/","title":{"rendered":"Dos activistas lanzan pintura contra un cuadro de Col\u00f3n en el Museo Naval en protesta por el D\u00eda de la Hispanidad"},"content":{"rendered":"<p class=\"paragraph\" id=\"paragraph_1\">Dos activistas de <strong>Futuro Vegetal<\/strong> han vandalizado un cuadro de Col\u00f3n en el <strong>Museo Naval de Madrid<\/strong> arrojando p<strong>intura roja<\/strong> contra la obra, en protesta por el <strong>D\u00eda de la Hispanidad<\/strong> celebrado este domingo 12 de octubre.<\/p>\n<p class=\"paragraph\" id=\"paragraph_2\">El propio colectivo ha reivindicado el ataque al compartir un v\u00eddeo en su cuenta de X, en el que aseguran haber lanzado pintura biodegradable al cuadro Primer Homenaje a Crist\u00f3bal Col\u00f3n, de <strong>Jos\u00e9 Garnelo<\/strong>.<\/p>\n<p class=\"paragraph\" id=\"paragraph_3\">En dicha publicaci\u00f3n, a\u00f1aden que la celebraci\u00f3n del 12 de octubre \u00abes la celebraci\u00f3n de siglos de <strong>opresi\u00f3n, explotaci\u00f3n y genocidio<\/strong> de la poblaci\u00f3n originaria de Abya Yala\u00bb.<\/p>\n<blockquote class=\"twitter-tweet\" data-media-max-width=\"560\">\n<p dir=\"ltr\" lang=\"es\">\ud83d\udd25 ACTUAMOS \ud83d\udd25<\/p>\n<p>\ud83d\udd34 Lanzamos pintura biodegradable al cuadro \u00abPrimer Homenaje a Crist\u00f3bal Col\u00f3n\u00bb, en el Museo Naval.<\/p>\n<p>\ud83d\udc49La celebraci\u00f3n del 12 de octubre es la celebraci\u00f3n de siglos de opresi\u00f3n, explotaci\u00f3n y genocidio de la poblaci\u00f3n originaria de Abya Yala. <a href=\"https:\/\/t.co\/aXIWlMq7OB\" rel=\"nofollow\">pic.twitter.com\/aXIWlMq7OB<\/a><\/p>\n<p>\u2014 FuturoVegetal\ud83c\udf52 (@FuturoVegetal) <a href=\"https:\/\/twitter.com\/FuturoVegetal\/status\/1977353351466492400?ref_src=twsrc%5Etfw\" rel=\"nofollow noopener\" target=\"_blank\">October 12, 2025<\/a><\/p><\/blockquote>\n<p class=\"paragraph\" id=\"paragraph_4\">Las dos mujeres han sido <strong>detenidas<\/strong> por la Polic\u00eda Nacional despu\u00e9s de haber sido retenidas por un funcionario del museo durante unos minutos, antes de que los agentes policiales llegasen al lugar.<\/p>\n<p class=\"paragraph\" id=\"paragraph_5\">Ambas est\u00e1n acusadas de un <strong>delito contra el Patrimonio<\/strong> y han sido trasladadas a dependencias policiales para que se les tome declaraci\u00f3n y sean puestas a disposici\u00f3n judicial.<\/p>\n<p class=\"paragraph\" id=\"paragraph_6\">El <strong>cuadro<\/strong> ha sido da\u00f1ado solamente en su <strong>parte izquierda<\/strong> y el suceso ha obligado a los empleados del museo a desalojar a todos los asistentes.<\/p>\n<blockquote class=\"twitter-tweet\" data-media-max-width=\"560\">\n<p dir=\"ltr\" lang=\"es\">Hoy, dos j\u00f3venes activistas de Futuro Vegetal han sido detenidas por lanzar pintura biodegradable sobre el cuadro que homenajea a Crist\u00f3bal Col\u00f3n en el Museo Naval de Madrid. Esta organizaci\u00f3n est\u00e1 siendo acusada de terrorismo. <a href=\"https:\/\/t.co\/bn5TSjqc6Y\" rel=\"nofollow\">pic.twitter.com\/bn5TSjqc6Y<\/a><\/p>\n<p>\u2014 Fonsi Loaiza (@FonsiLoaiza) <a href=\"https:\/\/twitter.com\/FonsiLoaiza\/status\/1977418329980854451?ref_src=twsrc%5Etfw\" rel=\"nofollow noopener\" target=\"_blank\">October 12, 2025<\/a><\/p><\/blockquote>\n<p class=\"paragraph\" id=\"paragraph_7\"><strong>Futuro Vegetal<\/strong><\/p>\n<p class=\"paragraph\" id=\"paragraph_8\">El <strong>colectivo Futuro Vegetal<\/strong> se presenta en su web como un colectivo de <strong>desobediencia<\/strong> <strong>civil<\/strong> y acci\u00f3n directa que lucha contra la <strong>crisis clim\u00e1tica<\/strong>, abogando por un sistema agroalimentario alternativo y exclusivamente basado en plantas.<\/p>\n<p class=\"paragraph\" id=\"paragraph_9\">En el ataque de este domingo, las activistas portaban una pancarta con el lema 12 de octubre, nada que celebrar. Justicia ecosocial, en una acci\u00f3n con la que han querido visibilizar que las festividades del D\u00eda de la Hispanidad \u00abignoran heridas de un pasado doloroso\u00bb y una \u00abopresi\u00f3n que contin\u00faa en la actualidad\u00bb.<\/p>\n<p class=\"paragraph\" id=\"paragraph_10\">Seg\u00fan un <strong>comunicado<\/strong>, con esta acci\u00f3n, la organizaci\u00f3n ha pretendido poner sobre la mesa que para muchos pueblos originarios esta fecha, 12 de octubre, simboliza \u00abel despojo y el sufrimiento colectivo\u00bb de unos pueblos que todav\u00eda reclaman \u00abel reconocimiento de las injusticias\u00bb y la \u00abreparaci\u00f3n a sus comunidades\u00bb.<\/p>\n<p>                                    <script async src=\"https:\/\/platform.twitter.com\/widgets.js\" charset=\"utf-8\"><\/script><\/p>\n","protected":false},"excerpt":{"rendered":"Dos activistas de Futuro Vegetal han vandalizado un cuadro de Col\u00f3n en el Museo Naval de Madrid arrojando&hellip;\n","protected":false},"author":2,"featured_media":173006,"comment_status":"","ping_status":"","sticky":false,"template":"","format":"standard","meta":{"footnotes":""},"categories":[173],"tags":[229,233,231,230,232,49341,234,146,147,25,24,23],"class_list":{"0":"post-173005","1":"post","2":"type-post","3":"status-publish","4":"format-standard","5":"has-post-thumbnail","7":"category-arte-y-diseno","8":"tag-arte","9":"tag-arte-y-diseno","10":"tag-arts","11":"tag-arts-and-design","12":"tag-design","13":"tag-dia-de-la-hispanidad","14":"tag-diseno","15":"tag-entertainment","16":"tag-entretenimiento","17":"tag-es","18":"tag-espana","19":"tag-spain"},"share_on_mastodon":{"url":"","error":""},"_links":{"self":[{"href":"https:\/\/www.europesays.com\/es\/wp-json\/wp\/v2\/posts\/173005","targetHints":{"allow":["GET"]}}],"collection":[{"href":"https:\/\/www.europesays.com\/es\/wp-json\/wp\/v2\/posts"}],"about":[{"href":"https:\/\/www.europesays.com\/es\/wp-json\/wp\/v2\/types\/post"}],"author":[{"embeddable":true,"href":"https:\/\/www.europesays.com\/es\/wp-json\/wp\/v2\/users\/2"}],"replies":[{"embeddable":true,"href":"https:\/\/www.europesays.com\/es\/wp-json\/wp\/v2\/comments?post=173005"}],"version-history":[{"count":0,"href":"https:\/\/www.europesays.com\/es\/wp-json\/wp\/v2\/posts\/173005\/revisions"}],"wp:featuredmedia":[{"embeddable":true,"href":"https:\/\/www.europesays.com\/es\/wp-json\/wp\/v2\/media\/173006"}],"wp:attachment":[{"href":"https:\/\/www.europesays.com\/es\/wp-json\/wp\/v2\/media?parent=173005"}],"wp:term":[{"taxonomy":"category","embeddable":true,"href":"https:\/\/www.europesays.com\/es\/wp-json\/wp\/v2\/categories?post=173005"},{"taxonomy":"post_tag","embeddable":true,"href":"https:\/\/www.europesays.com\/es\/wp-json\/wp\/v2\/tags?post=173005"}],"curies":[{"name":"wp","href":"https:\/\/api.w.org\/{rel}","templated":true}]}}