{"id":173011,"date":"2025-10-13T02:03:08","date_gmt":"2025-10-13T02:03:08","guid":{"rendered":"https:\/\/www.europesays.com\/es\/173011\/"},"modified":"2025-10-13T02:03:08","modified_gmt":"2025-10-13T02:03:08","slug":"la-nueva-x-men-ha-fijado-su-estreno-en-una-fecha-muy-especial-para-marvel","status":"publish","type":"post","link":"https:\/\/www.europesays.com\/es\/173011\/","title":{"rendered":"La nueva &#8216;X-Men&#8217; ha fijado su estreno en una fecha muy especial para Marvel"},"content":{"rendered":"<p class=\"c-paragraph\"><b\/>Desde que <b>Disney<\/b> compr\u00f3 <b>20th Century Fox<\/b> en 2019, nada impide al <b>Universo de Marvel <\/b>contar con los <b>X-Men<\/b> entre su ej\u00e9rcito superheroico. Sin embargo, entre unas cosas y otras la irrupci\u00f3n de los mutantes en el <b>MCU<\/b> ha sido bien progresiva (en el mejor de los casos), bien sumamente desorganizada, con gestos estilo la pronunciaci\u00f3n de la palabra<b> \u201cmutante\u201d<\/b> en <b>Ms. Marvel <\/b>o el cameo de <b>Patrick Stewart <\/b>en<b> Doctor Strange en el multiverso de la locura<\/b>. Hasta que lleg\u00f3 <b>Deadpool y Lobezno<\/b>.<\/p>\n<p class=\"c-paragraph\">El \u00faltimo gran \u00e9xito de <b>Marvel Studios<\/b> hasta la fecha recuper\u00f3 al Lobezno de<b> Hugh Jackman <\/b>y lo uni\u00f3 al Mercenario Bocazas de<b> Ryan Reynolds <\/b>para una nueva aventura que se burlara del l\u00edo de multiversos, sirviendo tambi\u00e9n de homenaje a los X-Men de Fox. Parec\u00eda una despedida, pero a\u00fan as\u00ed sabemos que buena parte de estos regresar\u00e1n en la pr\u00f3xima<b> <\/b><b>Vengadores: Doomsday<\/b>. Lo de Jackman no est\u00e1 confirmado, pero s\u00ed el citado Stewart,<b> Ian McKellen, Rebecca Romijn <\/b>o <b>James Marsden<\/b>.<\/p>\n<p class=\"c-paragraph\">Es decir, un regreso nost\u00e1lgico en toda regla (algunos de estos actores llevan sin aparecer en las pel\u00edculas de los mutantes desde principios de los 2000) que podr\u00eda implicar la renuencia de Marvel a presentar sus propias versiones de los mutantes.\u00a0<\/p>\n<p class=\"c-paragraph\">Pero esta renuencia no es tal. Marvel simplemente est\u00e1 esperando su momento, y la directiva de <b>Kevin Feige <\/b>considera que lo mejor es esperar a que concluya la presente Saga del Multiverso para el reboot correspondiente. Un reboot que ya est\u00e1 en marcha. Tiene director y todo.<\/p>\n<p class=\"c-paragraph\">El elegido es<b> Jake Schreier<\/b>, firmante de <b>Thunderbolts*<\/b>. Aunque el pen\u00faltimo film de Marvel hasta la fecha no termin\u00f3 de funcionar en taquilla, s\u00ed convenci\u00f3 a la cr\u00edtica, y esto a su vez convenci\u00f3 al s\u00e9quito de Feige de volver a confiar en Schreier para presentar a una nueva generaci\u00f3n de mutantes.\u00a0<\/p>\n<p class=\"c-paragraph\">El guion correr\u00e1 a cuenta d<b>e Michael Lesslie (<\/b><b>Los juegos del hambre: La balada de p\u00e1jaros cantores y serpientes<\/b><b>)<\/b>, y a\u00fan no se ha tanteado ning\u00fan miembro del reparto. Pero s\u00ed, al parecer, una fecha de estreno.<\/p>\n<p class=\"c-paragraph\">La idea ser\u00eda estrenar X-Men, en efecto, una vez termine la<b> Saga del Multiverso<\/b> con <b>Vengadores: Secret Wars<\/b>. As\u00ed lo ha asegurado <a href=\"https:\/\/www.worldofreel.com\/blog\/2025\/10\/10\/mcus-x-men-reboot-sets-may-5-2028-release-date\" rel=\"nofollow noreferrer noopener\" target=\"_blank\">el periodista Jeff Sneider <\/a>en su \u00faltimo programa, a\u00f1adiendo que Marvel y Disney le han puesto fecha: la pel\u00edcula llegar\u00eda a cines el<b> 5 de mayo de 2028<\/b>. Dentro de tres a\u00f1os, y a tiempo de celebrar una impactante efem\u00e9ride.<\/p>\n<p class=\"c-paragraph\">Y es que, en 2028, habr\u00e1n transcurrido 20 a\u00f1os desde la inauguraci\u00f3n del Universo de Marvel, presentado en mayo de 2008 por la <b>Iron Man<\/b><b> de Jon Favreau<\/b>. Ser\u00eda una buena forma\u00a0de darle un aura de acontecimiento a la nueva\u00a0X-Men, teniendo esta por su parte la responsabilidad de <b>\u201creiniciar\u201d<\/b> la saga con personajes totalmente nuevos, como Feige ya ha dicho un par de veces que pretenden hacer (incluso con nuevas versiones de personajes conocidos).<\/p>\n<p class=\"c-paragraph\">Dando por buena esta informaci\u00f3n, el calendario de Marvel quedar\u00eda as\u00ed. Luego de <b>Los 4 Fant\u00e1sticos: Primeros pasos<\/b> la siguiente entreg del MCU es <b>Spider-Man: Brand New Day<\/b>, en cines el <b>31 de julio de 2026<\/b>. El <b>18 de diciembre<\/b> de ese mismo a\u00f1o llegar\u00eda Vengadores: Doomsday, para que el <b>17 de diciembre de 2027 <\/b>fuera el turno de<b> <\/b><b>Vengadores: Secret Wars<\/b>. La X-Men de Schreier llegar\u00eda en mayo del a\u00f1o siguiente.<\/p>\n","protected":false},"excerpt":{"rendered":"Desde que Disney compr\u00f3 20th Century Fox en 2019, nada impide al Universo de Marvel contar con los&hellip;\n","protected":false},"author":2,"featured_media":173012,"comment_status":"","ping_status":"","sticky":false,"template":"","format":"standard","meta":{"footnotes":""},"categories":[169],"tags":[177,146,147,25,24,49932,176,1080,6576,175,795,23,15792],"class_list":{"0":"post-173011","1":"post","2":"type-post","3":"status-publish","4":"format-standard","5":"has-post-thumbnail","7":"category-cine","8":"tag-cine","9":"tag-entertainment","10":"tag-entretenimiento","11":"tag-es","12":"tag-espana","13":"tag-fijado","14":"tag-film","15":"tag-ha","16":"tag-men","17":"tag-movies","18":"tag-nueva","19":"tag-spain","20":"tag-x"},"share_on_mastodon":{"url":"","error":""},"_links":{"self":[{"href":"https:\/\/www.europesays.com\/es\/wp-json\/wp\/v2\/posts\/173011","targetHints":{"allow":["GET"]}}],"collection":[{"href":"https:\/\/www.europesays.com\/es\/wp-json\/wp\/v2\/posts"}],"about":[{"href":"https:\/\/www.europesays.com\/es\/wp-json\/wp\/v2\/types\/post"}],"author":[{"embeddable":true,"href":"https:\/\/www.europesays.com\/es\/wp-json\/wp\/v2\/users\/2"}],"replies":[{"embeddable":true,"href":"https:\/\/www.europesays.com\/es\/wp-json\/wp\/v2\/comments?post=173011"}],"version-history":[{"count":0,"href":"https:\/\/www.europesays.com\/es\/wp-json\/wp\/v2\/posts\/173011\/revisions"}],"wp:featuredmedia":[{"embeddable":true,"href":"https:\/\/www.europesays.com\/es\/wp-json\/wp\/v2\/media\/173012"}],"wp:attachment":[{"href":"https:\/\/www.europesays.com\/es\/wp-json\/wp\/v2\/media?parent=173011"}],"wp:term":[{"taxonomy":"category","embeddable":true,"href":"https:\/\/www.europesays.com\/es\/wp-json\/wp\/v2\/categories?post=173011"},{"taxonomy":"post_tag","embeddable":true,"href":"https:\/\/www.europesays.com\/es\/wp-json\/wp\/v2\/tags?post=173011"}],"curies":[{"name":"wp","href":"https:\/\/api.w.org\/{rel}","templated":true}]}}