{"id":173021,"date":"2025-10-13T02:09:06","date_gmt":"2025-10-13T02:09:06","guid":{"rendered":"https:\/\/www.europesays.com\/es\/173021\/"},"modified":"2025-10-13T02:09:06","modified_gmt":"2025-10-13T02:09:06","slug":"la-cruda-descripcion-del-parroco-argentino-en-gaza-sobre-la-devastacion-en-el-enclave","status":"publish","type":"post","link":"https:\/\/www.europesays.com\/es\/173021\/","title":{"rendered":"La cruda descripci\u00f3n del p\u00e1rroco argentino en Gaza sobre la devastaci\u00f3n en el enclave"},"content":{"rendered":"<p class=\"com-paragraph  --capital --s\">TEL AVIV.\u2013 \u201c<strong>La <\/strong><a href=\"https:\/\/www.lanacion.com.ar\/el-mundo\/gabriel-romanelli-en-gaza-estamos-contemplando-lo-que-dejo-un-tsunami-y-con-temor-a-que-venga-otra-nid12102025\/rel=\" rel=\"nofollow noopener\" target=\"_blank\" title=\"\" class=\"com-link break-word\" data-mrf-recirculation=\"n_link_parrafo\"><strong>guerra termin\u00f3<\/strong><\/a>, pero es como que estamos ahora a la vera del mar, contemplando lo que hizo un tsunami y con el <strong>temor a que venga otra ola<\/strong>. Pero nos aseguran que no va a haber otra ola\u201d.<\/p>\n<p class=\"com-paragraph   --s\">El<a href=\"https:\/\/www.lanacion.com.ar\/el-mundo\/el-parroco-argentino-que-resiste-en-la-devastada-ciudad-de-gaza-huir-seria-una-sentencia-de-muerte-nid26082025\/\" target=\"_self\" title=\"https:\/\/www.lanacion.com.ar\/el-mundo\/el-parroco-argentino-que-resiste-en-la-devastada-ciudad-de-gaza-huir-seria-una-sentencia-de-muerte-nid26082025\/\" class=\"com-link break-word\" data-mrf-recirculation=\"n_link_parrafo\" rel=\"nofollow noopener\"> padre argentino <strong>Gabriel Romanelli<\/strong><\/a>, p\u00e1rroco de Sagrada Familia, la \u00fanica iglesia cat\u00f3lica de Gaza, resume con estas palabras c\u00f3mo vive el arrasado enclave palestino estos primeros d\u00edas de <a href=\"https:\/\/www.lanacion.com.ar\/el-mundo\/entre-ovaciones-a-trump-y-abucheos-a-netanyahu-israel-celebra-la-que-podria-ser-la-ultima-gran-nid11102025\/\" target=\"_self\" title=\"https:\/\/www.lanacion.com.ar\/el-mundo\/entre-ovaciones-a-trump-y-abucheos-a-netanyahu-israel-celebra-la-que-podria-ser-la-ultima-gran-nid11102025\/\" class=\"com-link break-word\" data-mrf-recirculation=\"n_link_parrafo\" rel=\"nofollow noopener\">alto el fuego<\/a> despu\u00e9s de dos a\u00f1os de horror, con<strong> al menos 67.000 muertos, entre ellos 18.000 ni\u00f1os, y devastaci\u00f3n sin precedente.<\/strong><\/p>\n<p class=\"com-paragraph   --s\">En una entrevista telef\u00f3nica con LA NACION, este <a href=\"https:\/\/www.lanacion.com.ar\/el-mundo\/gabriel-romanelli-sacerdote-argentino-en-gaza-lo-que-esta-sucediendo-en-la-franja-es-deshumano-nid24072025\/\" target=\"_self\" title=\"https:\/\/www.lanacion.com.ar\/el-mundo\/gabriel-romanelli-sacerdote-argentino-en-gaza-lo-que-esta-sucediendo-en-la-franja-es-deshumano-nid24072025\/\" class=\"com-link break-word\" data-mrf-recirculation=\"n_link_parrafo\" rel=\"nofollow noopener\">sacerdote del Instituto del Verbo Encarnado<\/a>, nacido en Villa Luro hace 56 a\u00f1os \u2013a quien el papa Francisco sol\u00eda llamar todas las noches\u2013, describi\u00f3 la destrucci\u00f3n del enclave palestino de 363 kil\u00f3metros cuadrados (cuyo 53% aun sigue bajo control de fuerzas israel\u00edes).<\/p>\n<p class=\"com-paragraph   --s\">Habl\u00f3 de las <strong>miles de personas que est\u00e1n regresando <\/strong>desde el sur a barrios desaparecidos, la <strong>falta de comida<\/strong>, <strong>agua, electricidad, luz <\/strong>\u2013que comienzan a volver en cuentagotas\u2013 y los sentimientos encontrados de sus m\u00e1s dos millones de habitantes: la desesperaci\u00f3n porque casi todos han perdido su casa, las inc\u00f3gnitas y la incertidumbre en cuanto al futuro \u2013\u00bfes verdad que termin\u00f3 la guerra?\u2013, el alivio por el fin de las bombas y la esperanza de que realmente se haya abierto una nueva etapa.<\/p>\n<p>Romanelli en el primer d\u00eda del alto el fuego<\/p>\n<p class=\"com-paragraph   --s\"><strong>\u2013\u00bfC\u00f3mo est\u00e1n ahora? \u00bfCu\u00e1l es el \u00e1nimo?<\/strong><\/p>\n<p class=\"com-paragraph   --s\">\u2013Bueno, hay <strong>sentimientos encontrados<\/strong>, paradojales. Por un lado, hay un <strong>gran gozo, alegr\u00eda, serenidad,<\/strong> que se vio, sobre todo el s\u00e1bado, despu\u00e9s de la primera noche sin bombardeos y hoy tambi\u00e9n, que es una cosa extra\u00f1a. Quiz\u00e1s uno se despierta de golpe diciendo, \u00bfc\u00f3mo es? Casi que uno se acostumbr\u00f3 a la guerra. Y vemos que fueron miles y miles y miles de bombardeos, que muchos representaron heridos, muertes. Es decir, no solamente fue como escuchar o ver una mala pel\u00edcula de acci\u00f3n, sino la guerra. Entonces, por un lado, serenidad, alegr\u00eda, ya pas\u00f3, ya termin\u00f3. Y despu\u00e9s hay dos sentimientos que yo he visto en la gente,<strong> angustia, tristeza, el ver que han perdido todo<\/strong>, o casi todo, con la casa perdida, los recuerdos, los bienes, incluso las cosas m\u00e1s simples de la vida, los documentos, las escuelas, los lugares donde iban a recrearse. Gaza era un lugar lleno de vida. Por m\u00e1s que hab\u00eda muchas barriadas pobres, hab\u00eda otras de clase media y la gente ten\u00eda un buen pasar, sobre todo en Ciudad de Gaza. Y en tercer lugar, el <strong>temor al futuro<\/strong>: \u00bfqu\u00e9 va a pasar? \u00bfEs verdad que esto va a terminar? \u00bfEsta es la primera etapa y despu\u00e9s? Ya pas\u00f3 que las partes no respetan lo que acordaron. Entonces, ese es el temor\u2026 Aunque la mayor parte creemos que, gracias a Dios, ya est\u00e1, que esta guerra termin\u00f3 y hay una etapa nueva\u2026<\/p>\n<p class=\"com-paragraph   --s\"><strong>\u2013\u00bfQu\u00e9 tan grande es la destrucci\u00f3n? <\/strong><\/p>\n<p class=\"com-paragraph   --s\">\u2013Hay tal grado de destrucci\u00f3n que la<strong> mayor parte de las viviendas est\u00e1n destruidas<\/strong>, ninguna casa est\u00e1 del todo sana. A veces est\u00e1 la mitad de las casas bien, a veces qued\u00f3 solamente una, literalmente una habitaci\u00f3n, en un cuarto piso, con todo abierto, pero tienen un ba\u00f1ito, entonces dicen bueno, pero vamos a limpiar y ese \u201cpeor es nada\u201d es algo, porque hay gente que no tiene nada. Esta \u00faltima parte de guerra hizo mucho da\u00f1o, los bombardeos en Ciudad de Gaza han sido terribles.<strong> La destrucci\u00f3n est\u00e1 por todos lados<\/strong>, pero <strong>hay unos barrios que casi desaparecieron<\/strong>. Pero casi toda la gente est\u00e1 dispuesta a recomenzar y se ve que vienen miles de personas del sur para ver qu\u00e9 pueden recuperar, si encuentran una tapera o d\u00f3nde poner una carpa, o si encuentran carpa, porque tambi\u00e9n escasean\u2026<\/p>\n<p class=\"com-paragraph   --s\"><strong>\u2013\u00bfQu\u00e9 cambi\u00f3 desde el cese del fuego?<\/strong><\/p>\n<p class=\"com-paragraph   --s\">\u2013Adem\u00e1s de las miles de personas que vuelven porque no hay m\u00e1s bombardeos, el <strong>patriarcado latino de Jerusal\u00e9n pudo hacer entrar, finalmente, ayuda, verduras, frutas y agua<\/strong>. La gente empieza a ver que algunas cosas empezaron a aparecer, como por ejemplo ayer alguien cont\u00f3 que consigui\u00f3 un pollo en el mercado, a precio exorbitante: 100 shekels, como unos 25, 30 d\u00f3lares. Aunque<strong> la gente no tiene efectivo<\/strong>: hace <strong>m\u00e1s de dos a\u00f1os que los bancos est\u00e1n cerrados<\/strong>, porque est\u00e1n destruidos. Tambi\u00e9n apareci\u00f3 el az\u00facar, que no se consegu\u00eda y que se ha llegado a pagar m\u00e1s de 100 d\u00f3lares el kilo, se vend\u00eda por vasitos o por cucharadas\u2026 As\u00ed que la gente est\u00e1 buscando c\u00f3mo arregl\u00e1rselas\u2026<\/p>\n<p class=\"com-paragraph   --s\"><strong>\u2013\u00bfY la infraestructura?<\/strong><\/p>\n<p class=\"com-paragraph   --s\">\u2013<strong>No hay agua corriente, no hay electricidad, no hay cloacas<\/strong> y hoy lleg\u00f3 la noticia de que en principio empezar\u00eda a entrar gas, que hace dos a\u00f1os que no hay. Se ha quemado de todo, casi no queda le\u00f1a, se han quemado mesas, bancos, puertas, basura, pl\u00e1stico\u2026 Pero va a pasar tiempo antes de que llegue el gas. Pero al menos ya empieza a moverse algo. Tambi\u00e9n escuchamos que la ONU estaba trabajando para que vuelvan a producir energ\u00eda el\u00e9ctrica, tambi\u00e9n desde el inicio de la guerra que no hay, salvo en alg\u00fan punto. <strong>La mayor parte de los 2.300.000 personas de Gaza por m\u00e1s de dos a\u00f1os estuvo sin energ\u00eda el\u00e9ctrica<\/strong>, casi sin energ\u00eda solar, porque los paneles solares fueron destruidos\u2026 Pero <strong>en medio de tanta tragedia es como que se empieza a ver luz<\/strong>. As\u00ed estamos nosotros, que acabamos de hacer una misa de acci\u00f3n de gracias a Dios: sabemos que Dios nos ha ayudado y sigue ayudando, y no tiene que ver en el asunto, que la guerra la hacen los seres humanos. Dimos gracias por este cese de las hostilidades, de alto el fuego, y pedimos para que se cumplan todas las condiciones y se siga adelante, para el bien de la poblaci\u00f3n palestina de Gaza, tambi\u00e9n de Cisjordania, que la situaci\u00f3n est\u00e1 terrible, y por la paz de todos, palestinos e israel\u00edes.<\/p>\n<p class=\"com-paragraph   --s\"><strong>\u2013\u00bfSiguen ayudando desde la parroquia a todo el barrio?<\/strong><\/p>\n<p class=\"com-paragraph   --s\">\u2013S\u00ed, muchos no pudieron participar de la misa de acci\u00f3n de gracias porque est\u00e1n separando comida para los pobres. Hemos ayudado miles de familias y seguiremos ayudando. <strong>En las \u00faltimas semanas tambi\u00e9n hemos podido ayudar a m\u00e1s de 1000 ni\u00f1os desnutridos, con sus familias, porque la guerra termin\u00f3<\/strong>, pero es como que estamos ahora a la vera del mar, contemplando lo que hizo un tsunami, con el temor a que venga otra ola. Pero bueno, nos aseguran que no va a haber otra ola.. Ahora ac\u00e1 empezamos el tercer a\u00f1o de la escuela y esperemos poder tambi\u00e9n ayudar a los alumnos de afuera: nosotros tenemos tres escuelas cat\u00f3licas, una es la de aqu\u00ed, de la parroquia, que est\u00e1 llena de refugiados, que viven aqu\u00ed, m\u00e1s de 400 personas, y despu\u00e9s hay otras dos que fueron bombardeadas y habr\u00e1 que ver c\u00f3mo arreglarlas\u2026<\/p>\n<p class=\"com-paragraph   --s\"><strong>\u2013De los 400 refugiados del predio de la parroquia, \u00bfalgunos empezaron a irse?<\/strong><\/p>\n<p class=\"com-paragraph   --s\">\u2013Algunos ya hab\u00edan huido, est\u00e1n en el extranjero, algunos que ten\u00edan doble pasaporte o ten\u00edan visa, as\u00ed que he de suponer que algunos se van a ir, porque la destrucci\u00f3n es mucha. Despu\u00e9s otras personas se est\u00e1n yendo a sus casas o a lo que queda de sus casas. Hay algunos, por ejemplo, que no pudieron llegar a sus casas porque<strong> la guerra tambi\u00e9n ha dejado caos, hay distintos grupos, hay mucho saqueo, robos\u2026<\/strong><\/p>\n<p class=\"com-paragraph   --s\"><strong>\u2013\u00bfC\u00f3mo est\u00e1 el tema de la seguridad? Dec\u00edan que Hamas hab\u00eda salido a controlar, pero que hay un ambiente ca\u00f3tico, casi tipo guerra civil, con diversos clanes enfrent\u00e1ndose\u2026<\/strong><\/p>\n<p class=\"com-paragraph   --s\">\u2013Yo no hablar\u00eda de guerra civil, pero s\u00ed que en muchos barrios hay caos, hay tribus, familias, milicias. A pesar de todo lo que era Gaza, la cuesti\u00f3n del orden interno m\u00e1s o menos funcionaba antes de la guerra. Entonces ahora no se sabe muy bien, pero a veces, s\u00ed, desgraciadamente, se est\u00e1n tirando entre distintos grupos. Pero se ve que <strong>la gente est\u00e1 desesperada y esto refleja el da\u00f1o que caus\u00f3 la guerra en las relaciones sociales<\/strong>. Hay familias que han perdido de todo con tantos bombardeos, y<strong> muchas personas no tienen la serenidad necesaria para reconstruir<\/strong>, para vivir. <strong>Por eso es absolutamente necesaria la autoridad civil, la autoridad de seguridad<\/strong>, como en cualquier sociedad.<\/p>\n<p class=\"com-paragraph   --s\"><strong>\u2013\u00bfLa gente qu\u00e9 dice de este futuro gobierno tecnocr\u00e1tico con figuras como el expremier brit\u00e1nico Tony Blair? \u00bfHablan de eso o no les importa?<\/strong><\/p>\n<p class=\"com-paragraph   --s\">\u2013A muchos no les importa absolutamente nada\u2026 <strong>Mientras haya alguien que ponga orden y que no vuelva la guerra, que fue absolutamente terrible y que rompi\u00f3 el molde, est\u00e1 todo bien<\/strong>&#8230; La gente en los \u00faltimos 20 a\u00f1os no hizo otra cosa que ver guerras, hay ni\u00f1os que lo que se acuerdan es que la guerra es parte normal, habitual, ordinaria, de sus vidas. Entonces <strong>la gente quiere que alguien se haga cargo<\/strong>, en el sentido que ordene todo esto. Muchos dicen la Autoridad Palestina, otros dicen que no, que tiene que ser todo un nuevo liderazgo de distintas partes.. Hay un mont\u00f3n de interrogantes, cada uno tiene su modo de pensar, pero, en general, todos est\u00e1n contentos de que haya terminado,<strong> todos quieren que esto termine absolutamente<\/strong>, incluso muchos dicen que <strong>tiene que ser un nuevo Medio Oriente<\/strong>, que tiene que respetarse el derecho tambi\u00e9n de los palestinos a existir, a coexistir al lado de Israel. Es decir, lo que siempre se ha postulado desde la iglesia. La gran parte de las personas quieren la paz, todos est\u00e1n cansados de la guerra, que ha destruido mucho m\u00e1s que las estructuras externas.<\/p>\n","protected":false},"excerpt":{"rendered":"TEL AVIV.\u2013 \u201cLa guerra termin\u00f3, pero es como que estamos ahora a la vera del mar, contemplando lo&hellip;\n","protected":false},"author":2,"featured_media":173022,"comment_status":"","ping_status":"","sticky":false,"template":"","format":"standard","meta":{"footnotes":""},"categories":[42],"tags":[17,18,13,14,16005,11,61,62,63,64,19,20,9,10,15,16,12,21,22,65,66,67],"class_list":{"0":"post-173021","1":"post","2":"type-post","3":"status-publish","4":"format-standard","5":"has-post-thumbnail","7":"category-internacional","8":"tag-breaking-news","9":"tag-breakingnews","10":"tag-featured-news","11":"tag-featurednews","12":"tag-fotos_arc_bajarprint","13":"tag-headlines","14":"tag-internacional","15":"tag-international","16":"tag-international-news","17":"tag-internationalnews","18":"tag-latest-news","19":"tag-latestnews","20":"tag-news","21":"tag-noticias","22":"tag-noticias-destacadas","23":"tag-noticiasdestacadas","24":"tag-titulares","25":"tag-ultimas-noticias","26":"tag-ultimasnoticias","27":"tag-world","28":"tag-world-news","29":"tag-worldnews"},"share_on_mastodon":{"url":"","error":""},"_links":{"self":[{"href":"https:\/\/www.europesays.com\/es\/wp-json\/wp\/v2\/posts\/173021","targetHints":{"allow":["GET"]}}],"collection":[{"href":"https:\/\/www.europesays.com\/es\/wp-json\/wp\/v2\/posts"}],"about":[{"href":"https:\/\/www.europesays.com\/es\/wp-json\/wp\/v2\/types\/post"}],"author":[{"embeddable":true,"href":"https:\/\/www.europesays.com\/es\/wp-json\/wp\/v2\/users\/2"}],"replies":[{"embeddable":true,"href":"https:\/\/www.europesays.com\/es\/wp-json\/wp\/v2\/comments?post=173021"}],"version-history":[{"count":0,"href":"https:\/\/www.europesays.com\/es\/wp-json\/wp\/v2\/posts\/173021\/revisions"}],"wp:featuredmedia":[{"embeddable":true,"href":"https:\/\/www.europesays.com\/es\/wp-json\/wp\/v2\/media\/173022"}],"wp:attachment":[{"href":"https:\/\/www.europesays.com\/es\/wp-json\/wp\/v2\/media?parent=173021"}],"wp:term":[{"taxonomy":"category","embeddable":true,"href":"https:\/\/www.europesays.com\/es\/wp-json\/wp\/v2\/categories?post=173021"},{"taxonomy":"post_tag","embeddable":true,"href":"https:\/\/www.europesays.com\/es\/wp-json\/wp\/v2\/tags?post=173021"}],"curies":[{"name":"wp","href":"https:\/\/api.w.org\/{rel}","templated":true}]}}