{"id":173027,"date":"2025-10-13T02:12:22","date_gmt":"2025-10-13T02:12:22","guid":{"rendered":"https:\/\/www.europesays.com\/es\/173027\/"},"modified":"2025-10-13T02:12:22","modified_gmt":"2025-10-13T02:12:22","slug":"el-san-bartolome-sufre-una-preocupante-derrota-ante-el-cd-herbania-0-1","status":"publish","type":"post","link":"https:\/\/www.europesays.com\/es\/173027\/","title":{"rendered":"El San Bartolom\u00e9 sufre una preocupante derrota ante el CD Herbania (0-1)"},"content":{"rendered":"<p><a class=\"gofollow\" data-track=\"MTYsNCw2MA==\" href=\"https:\/\/www.facebook.com\/graciplus\/?locale=es_ES\" target=\"_blank\" rel=\"nofollow noopener\"><img loading=\"lazy\" decoding=\"async\" src=\"https:\/\/www.europesays.com\/es\/wp-content\/uploads\/2025\/09\/graciplus_banner_superior.jpg\" width=\"500\" height=\"75\"\/><\/a><\/p>\n<p><strong>LanzaroteDeportiva.com<\/strong><\/p>\n<p>Se enfrentaron en la tarde del s\u00e1bado el San Bartolom\u00e9 CF y el CD Herbania, dos equipos que llegaban al duelo necesitados de puntos para huir de la zona baja, sobre todo, el cuadro batatero que solo hab\u00eda sumado una victoria hasta la fecha. Se jug\u00f3 a lo que quiso el Herbania, es decir, a que el partido no tuviera ritmo y continuidad, y el San Bartolom\u00e9 no encontr\u00f3 soluciones para no entrar en la trampa del rival. A falta de siete minutos, los majoreros anotaron el gol de la victoria en una jugada a bal\u00f3n parado.<\/p>\n<p>La primera parte fue bastante igualada, sin apenas acciones de peligro, y desarroll\u00e1ndose la mayor parte del juego en la parcela ancha. La primera ocasi\u00f3n fue para el San Bartolom\u00e9 CF en el minuto 6, con un bal\u00f3n en largo de Kevin Castro que permiti\u00f3 a Sergio Mateo ganarle la espalda a los defensores y ante la salida de Toni, elev\u00f3 el bal\u00f3n desde la frontal del \u00e1rea, march\u00e1ndose por arriba del larguero.<\/p>\n<p>Al filo de la media hora, el CD Herbania dispuso de la mejor ocasi\u00f3n de esta primera mitad. Ebrima se sac\u00f3 un disparo desde la frontal del \u00e1rea, Agoney toc\u00f3 ligeramente el esf\u00e9rico y el disparo se acab\u00f3 estrellando en el larguero. Solo cuatro minutos m\u00e1s tarde, un buen centro de Keita desde la banda derecha fue rematado de cabeza por Sim\u00f3n en el segundo palo, y el guardameta Toni evit\u00f3 el tanto.<\/p>\n<p>En la segunda parte, el San Bartolom\u00e9 CF se adue\u00f1\u00f3 de la situaci\u00f3n y fue el equipo que quiso ir a por el partido. Por su parte, el CD Herbania se mostraba muy conservador sobre el terreno de juego, y siempre tratando que el choque no tuviera ni ritmo ni continuidad. As\u00ed que las interrupciones fueron habituales, y en esa din\u00e1mica entro el cuadro local.<\/p>\n<p>A bal\u00f3n parado llegaron las ocasiones m\u00e1s claras para el San Bartolom\u00e9 CF en esta segunda parte. En el minuto 59, Kevin Castro ejecut\u00f3 una falta cerrada desde el lateral izquierdo, metiendo los pu\u00f1os el portero Toni para evitar el tanto. Tres minutos m\u00e1s tarde, Kevin ejecut\u00f3 un saque de esquina y el remate de Ian Bola\u00f1os en el interior del \u00e1rea peque\u00f1a lo sac\u00f3 Toni.<\/p>\n<p>El CD Herbania se acerc\u00f3 de manera t\u00edmida a los dominios de Agoney en esta segunda parte. Una de las pocas ocasiones para los majoreros se produjo en el minuto 70, controlando Josemi un bal\u00f3n en el interior del \u00e1rea, recort\u00f3 al defensor y el remate se march\u00f3 por arriba del larguero.<\/p>\n<p>A falta de siete minutos para el final del encuentro, el CD Herbania encontr\u00f3 el gol que a la postre le dar\u00eda la victoria. Yared fue el encargado de ejecutar un saque de esquina, y Tob\u00edas libre de marca en el segundo palo remat\u00f3 con el pie al fondo de las mallas. Error de marcaje en la defensa del San Bartolom\u00e9 y que le costaba muy caro.<\/p>\n<p>Se volc\u00f3 el San Bartolom\u00e9 CF en los minutos finales en busca del gol del empate, y de nuevo las ocasiones llegaron en las acciones a bal\u00f3n parado. La m\u00e1s clara en el minuto 89, con un saque de esquina que cabece\u00f3 Ian Bola\u00f1os, march\u00e1ndose alto el cabezazo del defensor. Colg\u00f3 balones el conjunto local, y se defendi\u00f3 con todo el CD Herbania.<\/p>\n<p>Derrota por 0 a 1 del San Bartolom\u00e9 CF ante el CD Herbania, resultado que deja al cuadro batatero en la zona baja de la clasificaci\u00f3n del grupo XII de la Tercera Federaci\u00f3n y en una situaci\u00f3n preocupante. En la pr\u00f3xima jornada visitan el s\u00e1bado a la UD Tamaraceite en el Juan Guedes.<\/p>\n<p class=\"has-text-align-center\"><strong>Ficha T\u00e9cnica<\/strong><\/p>\n<p><strong>San Bartolom\u00e9 CF (0): <\/strong>Agoney, Keita, Adri\u00e1n Barrera, Ian Bola\u00f1os, Cedric, Jorge \u201cPope\u201d, Kevin Castro (Joni 79), Sim\u00f3n (Pablo Vera 79), Alex Vera (Ibra 72), Sergio Mateo (Abraham Hutchell 63) y Alex Yunes. Entrenador: Jos\u00e9 Labrador<\/p>\n<p><strong>CD Herbania (1):<\/strong> Toni, Queret, Israel, Tob\u00edas, Airam, Yared, Amine, Joel, Iv\u00e1n (Josemi 55), Ebrima (Giancarlo 64), Aythamy (Brian 89). Entrenador: Nauzet Cruz<\/p>\n<p><strong>Gol:<\/strong><\/p>\n<p><strong>0-1:<\/strong> minuto 83, Tob\u00edas<\/p>\n<p><strong>\u00c1rbitro: <\/strong>Nemrod Meng\u00edbar D\u00e9niz, asistido en las bandas por Miguel Torres Criado y Rub\u00e9n Jes\u00fas Sintes Linares. Expuls\u00f3 con doble cartulina amarilla a Giancarlo con el partido finalizado por parte del CD Herbania. Amonest\u00f3 a Alex Vera, Keita, Cedric, Joni y Agoney por parte del San Bartolom\u00e9 CF y a Yared, Brian, Queret y al entrenador, Nauzet Cruz, por parte del CD Herbania.<\/p>\n<p><strong>Incidencias: <\/strong>Municipal Pedro Espinosa \u201cCol\u00f3n\u201d, unos 400 espectadores. Partido correspondiente a la sexta jornada del grupo XII de la Tercera Federaci\u00f3n. Se guard\u00f3 un minuto de silencio en memoria de Pepe Vega, vicepresidente de la Federaci\u00f3n Interinsular de F\u00fatbol de Las Palmas.<\/p>\n<p class=\"has-text-align-center\">\ud83d\udcf7 <strong><a href=\"https:\/\/www.facebook.com\/media\/set\/?set=a.1325136869514091&amp;type=3\" rel=\"nofollow noopener\" target=\"_blank\">Galer\u00eda de Fotos del encuentro entre el San Bartolom\u00e9 CF y el CD Herbania<\/a><\/strong><\/p>\n","protected":false},"excerpt":{"rendered":"LanzaroteDeportiva.com Se enfrentaron en la tarde del s\u00e1bado el San Bartolom\u00e9 CF y el CD Herbania, dos equipos&hellip;\n","protected":false},"author":2,"featured_media":173028,"comment_status":"","ping_status":"","sticky":false,"template":"","format":"standard","meta":{"footnotes":""},"categories":[278],"tags":[376,168,37247,25,24,375,38238,23,167],"class_list":{"0":"post-173027","1":"post","2":"type-post","3":"status-publish","4":"format-standard","5":"has-post-thumbnail","7":"category-balonmano","8":"tag-balonmano","9":"tag-deportes","10":"tag-destacado-derecha","11":"tag-es","12":"tag-espana","13":"tag-handball","14":"tag-san-bartolome-cf","15":"tag-spain","16":"tag-sports"},"share_on_mastodon":{"url":"","error":""},"_links":{"self":[{"href":"https:\/\/www.europesays.com\/es\/wp-json\/wp\/v2\/posts\/173027","targetHints":{"allow":["GET"]}}],"collection":[{"href":"https:\/\/www.europesays.com\/es\/wp-json\/wp\/v2\/posts"}],"about":[{"href":"https:\/\/www.europesays.com\/es\/wp-json\/wp\/v2\/types\/post"}],"author":[{"embeddable":true,"href":"https:\/\/www.europesays.com\/es\/wp-json\/wp\/v2\/users\/2"}],"replies":[{"embeddable":true,"href":"https:\/\/www.europesays.com\/es\/wp-json\/wp\/v2\/comments?post=173027"}],"version-history":[{"count":0,"href":"https:\/\/www.europesays.com\/es\/wp-json\/wp\/v2\/posts\/173027\/revisions"}],"wp:featuredmedia":[{"embeddable":true,"href":"https:\/\/www.europesays.com\/es\/wp-json\/wp\/v2\/media\/173028"}],"wp:attachment":[{"href":"https:\/\/www.europesays.com\/es\/wp-json\/wp\/v2\/media?parent=173027"}],"wp:term":[{"taxonomy":"category","embeddable":true,"href":"https:\/\/www.europesays.com\/es\/wp-json\/wp\/v2\/categories?post=173027"},{"taxonomy":"post_tag","embeddable":true,"href":"https:\/\/www.europesays.com\/es\/wp-json\/wp\/v2\/tags?post=173027"}],"curies":[{"name":"wp","href":"https:\/\/api.w.org\/{rel}","templated":true}]}}