{"id":173031,"date":"2025-10-13T02:18:11","date_gmt":"2025-10-13T02:18:11","guid":{"rendered":"https:\/\/www.europesays.com\/es\/173031\/"},"modified":"2025-10-13T02:18:11","modified_gmt":"2025-10-13T02:18:11","slug":"coulthard-montezemolo-y-ecclestone-coinciden-verstappen-es-de-lejos-el-mejor-piloto-ahora-mismo-de-la-parrilla-de-la-f1-2025","status":"publish","type":"post","link":"https:\/\/www.europesays.com\/es\/173031\/","title":{"rendered":"Coulthard, Montezemolo y Ecclestone coinciden: \u00abVerstappen es, de lejos, el mejor piloto ahora mismo\u00bb de la parrilla de la F1 2025"},"content":{"rendered":"<p>La Venezolana Clara Fuentes conquist\u00f3 el oro del Mundial de Parapotencia al levantar 121 Kg<\/p>\n<p>En la clasificaci\u00f3n general domina\u00a0<strong>Oscar Piastri<\/strong>\u00a0(<strong>336<\/strong>\u00a0puntos). Saca\u00a0<strong>22<\/strong>\u00a0a su compa\u00f1ero\u00a0<strong>Lando Norris<\/strong>\u00a0y\u00a0<strong>63<\/strong>\u00a0al\u00a0<strong>tetracampe\u00f3n mundial<\/strong>. La estrella de Red Bull lo tiene realmente complicado, pero ya se puede dar satisfecho con estar tan cerca de los dominantes\u00a0<strong>MCL39<\/strong>. El neerland\u00e9s necesita sacar su mejor versi\u00f3n (la que est\u00e1 mostrando \u00faltimamente: victorias en\u00a0<strong>Monza y Bak\u00fa<\/strong>, y un resultado superior a los McLaren en\u00a0<strong>Singapur<\/strong>) y que los b\u00f3lidos naranjas papaya fallen de forma estrepitosa para a\u00f1adir un quinto entorchado a su palmar\u00e9s. De lo primero no cabe la menor duda. Y lo segundo es dif\u00edcil, pero (bastante) posible. Eso s\u00ed, el subcampeonato est\u00e1 menos complicado: s\u00f3lo\u00a0<strong>41 puntos<\/strong>\u00a0le separan del talento de Bristol<\/p>\n<p>Montezemolo, el m\u00e1s taxativo<\/p>\n<p>En lo que existe consenso es en la incre\u00edble destreza al volante de Max. La lluvia de elogios no cesa. Es m\u00e1s, este a\u00f1o incluso con m\u00e1s raz\u00f3n, ya que el RB21 no es el monoplaza so\u00f1ado por el astro de 28 a\u00f1os. Uno de los que ha argumentado por qu\u00e9 el de Pa\u00edses Bajos est\u00e1 por encima del resto ha sido\u00a0<strong>Luca di Montezemolo<\/strong>. El exjefe de Ferrari no se ha mordido la lengua cuando le ha tocado ensalzar al ganador de 67 carreras de F1.<\/p>\n<p>\u00ab<strong>A d\u00eda de hoy, tengo que decir que para m\u00ed Verstappen es, con mucha distancia respecto al resto, el n\u00famero uno. Max incluso en condiciones dif\u00edciles nunca pierde el control, siempre va r\u00e1pido, nunca comete errores<\/strong>. Y esto no es de ahora. Tambi\u00e9n era fant\u00e1stico en el karting. Cuando ten\u00eda 13 a\u00f1os, era s\u00faper, s\u00faper fuerte subido a un kart\u00bb, sostiene. Y apostilla: \u00ab<strong>Verstappen es el mejor piloto en estos momentos en mi opini\u00f3n. De lejos<\/strong>\u00ab.<\/p>\n<p><img decoding=\"async\" src=\"https:\/\/www.europesays.com\/es\/wp-content\/uploads\/2025\/10\/68eb9907bdf1b.jpeg\" alt=\"Max Verstappen conversa con Oscar Piastri.\"\/>Max Verstappen conversa con Oscar Piastri.RED BULL<\/p>\n<p>Ecclestone elogia a Piastri, pero\u2026<\/p>\n<p>Otra figura insigne relacionado con la categor\u00eda reina del automovilismo tambi\u00e9n se ha pronunciado sobre qui\u00e9n es el mejor piloto de la actualidad. Hablamos del lenguaraz\u00a0<strong>Bernie Ecclestone<\/strong>. El que fuera\u00a0boss\u00a0de la F1 elogia a Piastri, l\u00edder del certamen. aunque le sit\u00faa por detr\u00e1s del crack neerland\u00e9s. \u00abHace bien su trabajo. Cuando comete errores, sabe que los ha cometido.\u00a0<strong>No echa la culpa a otros, ni te viene con excusas<\/strong>. Se asegura de que no los repite, no comete dos veces el mismo error.\u00a0<strong>Es el mejor piloto despu\u00e9s de Verstappen<\/strong>\u00ab, ha indicado en\u00a0Sport.de.<\/p>\n<p>Lo extraordinario de Max seg\u00fan\u00a0Coulthard<\/p>\n<p>A este coro de entusiastas se suma\u00a0<strong>David Coulthard<\/strong>. El\u00a0expiloto ha explicado en\u00a0Channel 4\u00a0qu\u00e9 es lo que m\u00e1s le fascina de Max: \u00ab<strong>Es extraordinario. A lo largo de la historia ha habido otros pilotos excepcionales en la F1, pero Max es como si pudiera visualizar el\u00a0grip\u00a0(agarre) antes de que los dem\u00e1s lo sientan<\/strong>\u00ab.<\/p>\n<p>El ganador de 13 grandes premios a\u00f1ade: \u00ab<strong>Creo que Max se ha adaptado an\u00edmicamente bien a la situaci\u00f3n. Se ha resignado mentalmente al hecho de que probablemente no ganar\u00e1 el campeonato mundial esta vez, pero parece estar bien<\/strong>. Asegura\u00a0que est\u00e1 contento con el desarrollo del coche. A principios de a\u00f1o no estaba satisfecho en absoluto, parec\u00eda que no estaban haciendo ning\u00fan progreso. Pero eso es lo que quiere un piloto de carreras: s\u00f3lo quieres sentir que eres parte de una cadena, y est\u00e1 claro que se est\u00e1 acercando cada vez m\u00e1s a la lucha por el campeonato\u00bb.<\/p>\n<p><img fetchpriority=\"high\" decoding=\"async\" width=\"660\" height=\"440\" src=\"https:\/\/www.europesays.com\/es\/wp-content\/uploads\/2025\/10\/image-355.png\" alt=\"\" class=\"wp-image-175327\"  \/><\/p>\n<p>Hender \u00abVivo\u00bb Gonz\u00e1lez<\/p>\n<p>Con informaci\u00f3n de Marca<\/p>\n","protected":false},"excerpt":{"rendered":"La Venezolana Clara Fuentes conquist\u00f3 el oro del Mundial de Parapotencia al levantar 121 Kg En la clasificaci\u00f3n&hellip;\n","protected":false},"author":2,"featured_media":173032,"comment_status":"","ping_status":"","sticky":false,"template":"","format":"standard","meta":{"footnotes":""},"categories":[270],"tags":[49933,168,49934,25,24,306,271,272,23,167,49935],"class_list":{"0":"post-173031","1":"post","2":"type-post","3":"status-publish","4":"format-standard","5":"has-post-thumbnail","7":"category-formula-1","8":"tag-ahora-mismo","9":"tag-deportes","10":"tag-el-mejor-pilota","11":"tag-es","12":"tag-espana","13":"tag-f1","14":"tag-formula-1","15":"tag-formula1","16":"tag-spain","17":"tag-sports","18":"tag-versyappen-es-de-lejos"},"share_on_mastodon":{"url":"","error":""},"_links":{"self":[{"href":"https:\/\/www.europesays.com\/es\/wp-json\/wp\/v2\/posts\/173031","targetHints":{"allow":["GET"]}}],"collection":[{"href":"https:\/\/www.europesays.com\/es\/wp-json\/wp\/v2\/posts"}],"about":[{"href":"https:\/\/www.europesays.com\/es\/wp-json\/wp\/v2\/types\/post"}],"author":[{"embeddable":true,"href":"https:\/\/www.europesays.com\/es\/wp-json\/wp\/v2\/users\/2"}],"replies":[{"embeddable":true,"href":"https:\/\/www.europesays.com\/es\/wp-json\/wp\/v2\/comments?post=173031"}],"version-history":[{"count":0,"href":"https:\/\/www.europesays.com\/es\/wp-json\/wp\/v2\/posts\/173031\/revisions"}],"wp:featuredmedia":[{"embeddable":true,"href":"https:\/\/www.europesays.com\/es\/wp-json\/wp\/v2\/media\/173032"}],"wp:attachment":[{"href":"https:\/\/www.europesays.com\/es\/wp-json\/wp\/v2\/media?parent=173031"}],"wp:term":[{"taxonomy":"category","embeddable":true,"href":"https:\/\/www.europesays.com\/es\/wp-json\/wp\/v2\/categories?post=173031"},{"taxonomy":"post_tag","embeddable":true,"href":"https:\/\/www.europesays.com\/es\/wp-json\/wp\/v2\/tags?post=173031"}],"curies":[{"name":"wp","href":"https:\/\/api.w.org\/{rel}","templated":true}]}}