{"id":17305,"date":"2025-07-31T23:12:07","date_gmt":"2025-07-31T23:12:07","guid":{"rendered":"https:\/\/www.europesays.com\/es\/17305\/"},"modified":"2025-07-31T23:12:07","modified_gmt":"2025-07-31T23:12:07","slug":"feria-de-azpeitia-solo-falto-el-toro-cultura","status":"publish","type":"post","link":"https:\/\/www.europesays.com\/es\/17305\/","title":{"rendered":"Feria de Azpeitia: Solo falt\u00f3 el toro | Cultura"},"content":{"rendered":"<p class=\"\">Lleno de no hay billetes en Azpeitia bajo el intenso reclamo de <a href=\"https:\/\/elpais.com\/noticias\/jose-antonio-morante-de-la-puebla\/\" target=\"_self\" rel=\"nofollow noopener\" title=\"https:\/\/elpais.com\/noticias\/jose-antonio-morante-de-la-puebla\/\">Morante de la Puebla<\/a>. No falt\u00f3 nadie, ni los asiduos al coso guipuzcoano, ni los habituales visitantes franceses, ni los llegados desde innumerables lugares de la Pen\u00ednsula.<\/p>\n<p class=\"\">Estuvo Morante dispuesto en todo momento; <a href=\"https:\/\/elpais.com\/noticias\/daniel-luque\/\" target=\"_self\" rel=\"nofollow noopener\" title=\"https:\/\/elpais.com\/noticias\/daniel-luque\/\">Daniel Luque<\/a>, con la misma decisi\u00f3n que le ha llevado al triunfo constante en esta plaza, y un <a href=\"https:\/\/elpais.com\/noticias\/juan-ortega\/\" target=\"_self\" rel=\"nofollow noopener\" title=\"https:\/\/elpais.com\/noticias\/juan-ortega\/\">Juan Ortega<\/a>, en esa b\u00fasqueda del toreo puro que no siempre logra encontrar. <\/p>\n<p class=\"\">Todos menos el toro. Los siete astados que pisaron el ruedo azpeitiarra carecieron de la presencia habitual, justos de carnes, pobres de caras, romos de pitones y necesitados de casta. Se limitaron a seguir los enga\u00f1os de los espadas con esa cansina embestida del toro que colabora pero no emociona.<\/p>\n<p class=\"\">El esperado Morante se present\u00f3 ante un primero soso, que lleg\u00f3 muy justo a la muleta y apenas lograba completar el muletazo. En el cuarto sigui\u00f3 su apuesta, pero no hab\u00eda toro que lidiar y no pas\u00f3 de detalles y muletazos bellos sueltos; nunca pudo apretar al de Loreto Charro y los chispazos solo permitieron que los tendidos mostrasen su rendici\u00f3n al maestro de La Puebla haci\u00e9ndole saludar al final.<\/p>\n<p class=\"\">Daniel Luque, que recogi\u00f3 al inicio del festejo el trofeo como triunfador del pasado a\u00f1o, cort\u00f3 una oreja de cada uno de sus enemigos. En el primero, un sobrero de Loreto Charro, lig\u00f3 tandas desiguales que llegaron al p\u00fablico y roz\u00f3 las dos orejas; en el quinto, el m\u00e1s soso del festejo, se hizo con otro trofeo despu\u00e9s de un final de faena con cercan\u00edas junto a las tablas.<\/p>\n<p class=\"\">Juan Ortega tambi\u00e9n toc\u00f3 pelo en el \u00faltimo de la tarde. El sevillano orquest\u00f3 las mejores tandas de la corrida, pero no acab\u00f3 de ligar series enteras con muletazos limpios, y los enganchones finales deslucieron un trasteo que estuvo bien premiado. En su primero se hab\u00eda diluido en intentos de naturales que nunca llegaron a tener la rotundidad de una serie completa.<\/p>\n<p class=\"\">Lo m\u00e1s importante se reflej\u00f3 en los tendidos, con un ambiente impresionante en los aleda\u00f1os, con las localidades agotadas, la expectaci\u00f3n desbordada por el regreso de Morante de la Puebla y un deseo de que la fiesta de los toros siga con la misma fuerza en la peque\u00f1a y aficionada localidad vasca. No se vivieron grandes faenas; sin embargo, el p\u00fablico no se aburri\u00f3 y tan solo algunos se volvieron desconcertados a\u00f1orando la presencia y el trap\u00edo del toro habitual en este coso.<\/p>\n<p>Loreto y Vellosino \/ Morante, Ortega y Luque<\/p>\n<p>Tres toros de <strong>Loreto Charro<\/strong>, uno sobrero en segundo lugar por el devuelto de la misma ganader\u00eda, y tres toros de <strong>El Vellosin<\/strong>o, pobres de presentaci\u00f3n, con poca fuerza y ninguna casta.<\/p>\n<p><strong>Morante de la Puebla<\/strong>: estocada desprendida (palmas); pinchazo, estocada tendida y descabello (saludos).<\/p>\n<p><strong>Daniel Luque<\/strong>: estocada trasera (oreja); estocada (oreja).<\/p>\n<p><strong>Juan Ortega<\/strong>: estocada baja (silencio); estocada (oreja).<\/p>\n<p><strong>Plaza de toros de Azpeitia<\/strong>. Jueves, 31 de julio. 1\u00aa de la Feria de San Ignacio. Lleno de \u00abno hay billetes\u00bb.<\/p>\n","protected":false},"excerpt":{"rendered":"Lleno de no hay billetes en Azpeitia bajo el intenso reclamo de Morante de la Puebla. No falt\u00f3&hellip;\n","protected":false},"author":2,"featured_media":17306,"comment_status":"","ping_status":"","sticky":false,"template":"","format":"standard","meta":{"footnotes":""},"categories":[277],"tags":[7055,373,209,8115,168,25,24,1485,4172,4035,23,167,374,2487,444],"class_list":{"0":"post-17305","1":"post","2":"type-post","3":"status-publish","4":"format-standard","5":"has-post-thumbnail","7":"category-toreo","8":"tag-azpeitia","9":"tag-bullfighting","10":"tag-cultura","11":"tag-daniel-luque","12":"tag-deportes","13":"tag-es","14":"tag-espana","15":"tag-ferias-taurinas","16":"tag-jose-antonio-morante-de-la-puebla","17":"tag-juan-ortega","18":"tag-spain","19":"tag-sports","20":"tag-toreo","21":"tag-toreros","22":"tag-toros"},"share_on_mastodon":{"url":"","error":""},"_links":{"self":[{"href":"https:\/\/www.europesays.com\/es\/wp-json\/wp\/v2\/posts\/17305","targetHints":{"allow":["GET"]}}],"collection":[{"href":"https:\/\/www.europesays.com\/es\/wp-json\/wp\/v2\/posts"}],"about":[{"href":"https:\/\/www.europesays.com\/es\/wp-json\/wp\/v2\/types\/post"}],"author":[{"embeddable":true,"href":"https:\/\/www.europesays.com\/es\/wp-json\/wp\/v2\/users\/2"}],"replies":[{"embeddable":true,"href":"https:\/\/www.europesays.com\/es\/wp-json\/wp\/v2\/comments?post=17305"}],"version-history":[{"count":0,"href":"https:\/\/www.europesays.com\/es\/wp-json\/wp\/v2\/posts\/17305\/revisions"}],"wp:featuredmedia":[{"embeddable":true,"href":"https:\/\/www.europesays.com\/es\/wp-json\/wp\/v2\/media\/17306"}],"wp:attachment":[{"href":"https:\/\/www.europesays.com\/es\/wp-json\/wp\/v2\/media?parent=17305"}],"wp:term":[{"taxonomy":"category","embeddable":true,"href":"https:\/\/www.europesays.com\/es\/wp-json\/wp\/v2\/categories?post=17305"},{"taxonomy":"post_tag","embeddable":true,"href":"https:\/\/www.europesays.com\/es\/wp-json\/wp\/v2\/tags?post=17305"}],"curies":[{"name":"wp","href":"https:\/\/api.w.org\/{rel}","templated":true}]}}