{"id":173054,"date":"2025-10-13T02:34:09","date_gmt":"2025-10-13T02:34:09","guid":{"rendered":"https:\/\/www.europesays.com\/es\/173054\/"},"modified":"2025-10-13T02:34:09","modified_gmt":"2025-10-13T02:34:09","slug":"la-dana-alice-suspende-clases-este-lunes-y-la-actividad-presencial-de-la-universitat-de-valencia","status":"publish","type":"post","link":"https:\/\/www.europesays.com\/es\/173054\/","title":{"rendered":"La dana Alice suspende clases este lunes y la actividad presencial de la Universitat de Val\u00e8ncia"},"content":{"rendered":"<p class=\"article-text\">\n        La dana Alice coge fuerza de nuevo tras una jornada de domingo de relativa tranquilidad. As\u00ed, para este lunes vuelve la inestabilidad. Tal y como ha informado la Agencia Estatal de Meteorolog\u00eda (Aemet) para esta jornada se activar\u00e1 el aviso naranja por fuertes lluvias en varias zonas litorales de las provincias de Valencia y de Castell\u00f3n. En Alicante el aviso ser\u00e1 amarillo.\n    <\/p>\n<p class=\"article-text\">\n        Ante esta situaci\u00f3n, la Universitat de Val\u00e8ncia ha anunciado la suspensi\u00f3n de toda su actividad docente presencial en todos sus campus.\n    <\/p>\n<p class=\"article-text\">\n        Adem\u00e1s, ayuntamientos como los de Alafafar o Massanassa han informado ya de la suspensi\u00f3n de las clases para este lunes. Alfafar, adem\u00e1s, suspende las actividades al aire libre y cierra parques y jardines, mientras Massanassa tambi\u00e9n suspende la actividad de la escuela de adultos y cierra el cementerio.\n    <\/p>\n<p class=\"article-text\">\n        Por su parte, Catarroja suspende la actividad lectiva al aire libre y cierra las pistas municipales de atletismo el cementerio y los parques.\n    <\/p>\n<p class=\"article-text\">\n        El Ayuntamiento de Val\u00e8ncia ha informado tambi\u00e9n de la suspensi\u00f3n de las clases en las pedan\u00edas del sur afectadas por la dana del pasado a\u00f1o y en los centros escolares ubicados en zonas inundables. Adem\u00e1s recomienda al resto de centros no realizar actividades en el patio. Tambi\u00e9n se activan el resto de medidas habituales: cierre de parques y jardines, cementerios, suspensi\u00f3n de la actividad al aire libre de la Fundai\u00f3n Deportiva Municipal y apertura del CAES de Emergencias Clim\u00e1ticas del Carmen.\n    <\/p>\n<p>    Registros de 300 litros<\/p>\n<p class=\"article-text\">\n        Las lluvias de la dana Alice han dejado en la Comunitat Valenciana acumulados cercanos a los 300 litros por metro cuadrado, en localidades como Carcaixent, Sollana o Gandia, y la cifra m\u00e1s alta en las Islas Columbretes donde se han alcanzado los 325,2 litros.\n    <\/p>\n<p class=\"article-text\">\n        En la ciudad de Val\u00e8ncia tambi\u00e9n se han registrado valores altos, ya que en el observatorio de El Saler se ha medido un acumulado de 209,80 litros por metro cuadrado. En otras zonas de la ciudad se han superado los 170 litros como en La Torre, seg\u00fan los datos ofrecidos por el Ayuntamiento de Val\u00e8ncia.\n    <\/p>\n<p>            <img decoding=\"async\" class=\"lazy\" loading=\"lazy\" data-src=\"https:\/\/static.eldiario.es\/clip\/9b95ba48-cd1f-4057-89b7-85ce115de62e_16-9-discover-aspect-ratio_default_0.jpg\" src=\"data:image\/svg+xml,%3Csvg xmlns=\" http:=\"\" viewbox=\"0 0 1200 675\" alt=\"Un coche de polic\u00eda circula por una calle anegada por la lluvia en Foia, en Elx. EFE\/ Pablo Miranzo\"\/><\/p>\n<p class=\"article-text\">\n        En el resto de la Comunitat, seg\u00fan los datos de la Associaci\u00f3 Valenciana de Meteorologia (Avamet), en Carcaixent, desde el inicio del temporal, se han recogido 286,1 litros por metro cuadrado; en Sollana 279,6; en Gandia 271; en Miramar 264; en Sagra 261 y en la Albufera 256.\n    <\/p>\n<p class=\"article-text\">\n        Otros municipios han recogido valores altos como Alginet con 251,7 litros por metro cuadrado; Benif\u00e0 con 247,4; Almiser\u00e0 con 245,9; Simat de la Valldigna con 243,8; Salem con 240,2; Alc\u00e0sser con 239,4; Barx con 230 y Rafelcofer con 230.\n    <\/p>\n<p>            <img decoding=\"async\" class=\"lazy\" loading=\"lazy\" data-src=\"https:\/\/static.eldiario.es\/clip\/eb335e45-0c5f-442e-bb83-94893f526e4f_16-9-discover-aspect-ratio_default_0.jpg\" src=\"data:image\/svg+xml,%3Csvg xmlns=\" http:=\"\" viewbox=\"0 0 1200 675\" alt=\"Un veh\u00edculo trata de cruzar una carretera anegada en Algorfa (Alicante) durante este viernes debido a las intensas lluvias registradas en las \u00faltimas horas. EFE\/Pablo Miranzo.\"\/><\/p>\n<p class=\"article-text\">\n        Han superado ligeramente los 220 litros por metro cuadrado municipios como Quatretonda, Palma de Gandia, Castellonet de la Conquesta, Pinet, Lutxent y Favara.\n    <\/p>\n<p class=\"article-text\">\n        Y m\u00e1s de 200 otras muchas localidades como Alzira, Carricola, Alfauir, el Genov\u00e9s, X\u00e0tiva, Agullent, Rugat, Palmera, Benimassot, Real de Gandia y Oliva.\n    <\/p>\n<p>    Metrovalencia recupera la normalidad<\/p>\n<p class=\"article-text\">\n        El conseller de Transportes, Vicente Mart\u00ednez Mus, ha comunicado que todas las l\u00edneas de Metrovalencia han reanudado con normalidad su circulaci\u00f3n este domingo tras las incidencias provocadas por las lluvias en las \u00faltimas horas.\u00a0\n    <\/p>\n<p class=\"article-text\">\n        Debido a inundaciones de la v\u00eda o desprendimientos se tuvo que suprimir de forma temporal la circulaci\u00f3n de la L1 entre Torrent y Castell\u00f3 de la Ribera y entre Empalme y B\u00e9tera. Entre otros, en la L2 tambi\u00e9n se vio afectado el tramo Paterna y Lliria, lo que llev\u00f3 a movilizar diferentes equipos para, por ejemplo, retirar \u00e1rboles de las v\u00edas y achicar agua.\u00a0\n    <\/p>\n<p>            <img decoding=\"async\" class=\"lazy\" loading=\"lazy\" data-src=\"https:\/\/static.eldiario.es\/clip\/f9d0b8ff-c500-4ffa-924f-e8a111f3ded2_16-9-discover-aspect-ratio_default_0.jpg\" src=\"data:image\/svg+xml,%3Csvg xmlns=\" http:=\"\" viewbox=\"0 0 1200 675\" alt=\"Unos operarios facilitan el drenaje del agua a trav\u00e9s de una alcantarilla en Almussafes este s\u00e1bado. EFE\/ Kai F\u00f6rsterling\"\/><\/p>\n<p class=\"article-text\">\n        De forma paralela, desde Metrovalencia se movilizaron autobuses para garantizar el mayor n\u00famero de desplazamientos posibles e incluso se pudo prestar el servicio nocturno en gran parte de la red. Por lo que respecta al TRAM d\u2019Alacant el servicio se pudo prestar seg\u00fan lo previsto, sin incidencias rese\u00f1ables a lo largo de las dos \u00faltimas jornadas.\n    <\/p>\n<p class=\"article-text\">\n        La Generalitat ha resuelto 335 incidencias en la red de carreteras auton\u00f3micas durante el episodio de lluvias que se ha producido durante estos d\u00edas y durante la jornada de hoy se sigue actuando conforme se van notificando avisos de cortes puntuales.\n    <\/p>\n<p class=\"article-text\">\n        El Centro de Gesti\u00f3n de Servicios de Movilidad (CEGESEM) de la Conselleria de Medio Ambiente, Infraestructuras y Territorio ha confirmado que se ha actuado con rapidez tras movilizar las brigadas de conservaci\u00f3n en v\u00edas afectadas por inundaciones y desprendimientos puntuales, lo que ha permitido reabrir casi la totalidad de la red auton\u00f3mica. Durante la ma\u00f1ana de hoy se sigue actuando en episodios de embalsamiento, en especial en el norte de la provincia de Castell\u00f3n y v\u00edas como la CV-15 en Els Rosildos (Serra d&#8217;En Galcer\u00e0n).\n    <\/p>\n<p>    <a href=\"https:\/\/www.eldiario.es\/comunitat-valenciana\/dana-deja-madrugada-42-l-m2-zonas-alicante-aviso-rojo-10-horas_1_12672571.html\" data-mrf-recirculation=\"saber-mas-abajo\" data-dl-event=\"saber-mas-abajo\" rel=\"nofollow noopener\" target=\"_blank\"><\/p>\n<p class=\"know-more__title\">La dana deja en ocho horas 136 litros por metro cuadrado en las Islas Columbretes (Castell\u00f3n) y 42 en Alicante<\/p>\n<p>            <img decoding=\"async\" class=\"lazy\" loading=\"lazy\" data-src=\"https:\/\/static.eldiario.es\/clip\/0d93afa8-5b3b-43d0-9695-c71a9c7ecc88_16-9-aspect-ratio_default_0.jpg\" src=\"data:image\/svg+xml,%3Csvg xmlns=\" http:=\"\" viewbox=\"0 0 880 495\" alt=\"La dana deja en ocho horas 136 litros por metro cuadrado en las Islas Columbretes (Castell\u00f3n) y 42 en Alicante\"\/><\/p>\n<p>                        <\/a><\/p>\n<p class=\"article-text\">\n        Pese a todas las actuaciones, el balance es que no ha habido grandes incidencias destacables durante estos d\u00edas y casi la totalidad de las carreteras de la Generalitat est\u00e1n abiertas al tr\u00e1fico. La mayor problem\u00e1tica se dio en comarcas como la Vega Baja (CV-900, CV-920, CV-925, CV-940, CV-942, CV-949, CV-95, CV-950), aunque tambi\u00e9n se registraron incidencias en La Ribera Alta\u00a0(CV-520, CV-525), La Costera (CV-598, CV-645) o El Vinalop\u00f3 Mitj\u00e0 (CV-835, CV-84), entre otros.\n    <\/p>\n","protected":false},"excerpt":{"rendered":"La dana Alice coge fuerza de nuevo tras una jornada de domingo de relativa tranquilidad. As\u00ed, para este&hellip;\n","protected":false},"author":2,"featured_media":173055,"comment_status":"","ping_status":"","sticky":false,"template":"","format":"standard","meta":{"footnotes":""},"categories":[8],"tags":[517,2206,1705,17,18,3965,242,25,24,13,14,11,1667,19,20,9,10,15,16,1925,23,12,21,22,235],"class_list":{"0":"post-173054","1":"post","2":"type-post","3":"status-publish","4":"format-standard","5":"has-post-thumbnail","7":"category-espana","8":"tag-actualidad","9":"tag-alicante","10":"tag-analisis","11":"tag-breaking-news","12":"tag-breakingnews","13":"tag-castellon","14":"tag-comunidad-valenciana","15":"tag-es","16":"tag-espana","17":"tag-featured-news","18":"tag-featurednews","19":"tag-headlines","20":"tag-informacion","21":"tag-latest-news","22":"tag-latestnews","23":"tag-news","24":"tag-noticias","25":"tag-noticias-destacadas","26":"tag-noticiasdestacadas","27":"tag-opinion","28":"tag-spain","29":"tag-titulares","30":"tag-ultimas-noticias","31":"tag-ultimasnoticias","32":"tag-valencia"},"share_on_mastodon":{"url":"","error":""},"_links":{"self":[{"href":"https:\/\/www.europesays.com\/es\/wp-json\/wp\/v2\/posts\/173054","targetHints":{"allow":["GET"]}}],"collection":[{"href":"https:\/\/www.europesays.com\/es\/wp-json\/wp\/v2\/posts"}],"about":[{"href":"https:\/\/www.europesays.com\/es\/wp-json\/wp\/v2\/types\/post"}],"author":[{"embeddable":true,"href":"https:\/\/www.europesays.com\/es\/wp-json\/wp\/v2\/users\/2"}],"replies":[{"embeddable":true,"href":"https:\/\/www.europesays.com\/es\/wp-json\/wp\/v2\/comments?post=173054"}],"version-history":[{"count":0,"href":"https:\/\/www.europesays.com\/es\/wp-json\/wp\/v2\/posts\/173054\/revisions"}],"wp:featuredmedia":[{"embeddable":true,"href":"https:\/\/www.europesays.com\/es\/wp-json\/wp\/v2\/media\/173055"}],"wp:attachment":[{"href":"https:\/\/www.europesays.com\/es\/wp-json\/wp\/v2\/media?parent=173054"}],"wp:term":[{"taxonomy":"category","embeddable":true,"href":"https:\/\/www.europesays.com\/es\/wp-json\/wp\/v2\/categories?post=173054"},{"taxonomy":"post_tag","embeddable":true,"href":"https:\/\/www.europesays.com\/es\/wp-json\/wp\/v2\/tags?post=173054"}],"curies":[{"name":"wp","href":"https:\/\/api.w.org\/{rel}","templated":true}]}}