{"id":173058,"date":"2025-10-13T02:36:28","date_gmt":"2025-10-13T02:36:28","guid":{"rendered":"https:\/\/www.europesays.com\/es\/173058\/"},"modified":"2025-10-13T02:36:28","modified_gmt":"2025-10-13T02:36:28","slug":"noname-y-zamora-b-empatan-en-derbi-en-la-regional-de-aficionados-de-futbol","status":"publish","type":"post","link":"https:\/\/www.europesays.com\/es\/173058\/","title":{"rendered":"Noname y Zamora B empatan en derbi en la Regional de Aficionados de f\u00fatbol"},"content":{"rendered":"<p class=\"ft-text\">Noname y Zamora B firmaron las tablas (0-0) en un nuevo derbi provincial que supuso que varios ex del club rojiblanco como Sergio Garc\u00eda, Asiel, Viti, Fradejas&#8230; incluso el entrenador del equipo de la interrogaci\u00f3n, Miguel Losada, vivieran una tarde de reencuentros, aunque fuera ante el filial rojiblanco que, a pesar de ejercer de visitante, jugaba en casa.<\/p>\n<p><img decoding=\"async\" src=\"https:\/\/www.europesays.com\/es\/wp-content\/uploads\/2025\/10\/6e0f8ea1-5f96-42e0-b9f4-d74a5c8910a1_alta-libre-aspect-ratio_default_0.jpg\" width=\"1200\" height=\"746\" alt=\"Viti cabecea un bal\u00f3n, este s\u00e1bado en el No Name -Zamora B | V\u00cdCTOR GARRIDO\" class=\"ft-helper-img-rd\" loading=\"lazy\" hasdataaida=\"true\"\/><\/p>\n<p class=\"ft-helper-fontColor-quaternary ft-helper-fontSize-body-S ft-helper-spacer-t-xxs\">Viti cabecea un bal\u00f3n, este s\u00e1bado en el No Name -Zamora B | V\u00cdCTOR GARRIDO <\/p>\n<p class=\"ft-text\">Desde el pitido inicial fue un encuentro intenso entre dos equipos que, adem\u00e1s de buscar los tres puntos, intentaban hacer disfrutar el p\u00fablico congregado, pero durante todo el partido lo que falt\u00f3 fue el gol. Ambos planteles trataban de crear, pero las ocasiones mor\u00edan en la orilla y as\u00ed, sin estrenar el marcador, se lleg\u00f3 al descanso. Con la reanudaci\u00f3n ambos, Noname y Zamora B, trataron de mejorar prestaciones, sobre todo determinaci\u00f3n en \u00e1rea contraria que era lo que estaba fallando, pero el gol parec\u00eda negado a ambos, a pesar de los cambios que empezaron a hacer Losada y Kike Ramos desde los banquillos. Al final, un 0-0, un punto para cada uno, y a pensar en el siguiente compromiso.<\/p>\n","protected":false},"excerpt":{"rendered":"Noname y Zamora B firmaron las tablas (0-0) en un nuevo derbi provincial que supuso que varios ex&hellip;\n","protected":false},"author":2,"featured_media":173059,"comment_status":"","ping_status":"","sticky":false,"template":"","format":"standard","meta":{"footnotes":""},"categories":[278],"tags":[11650,376,168,18298,10423,25,24,375,49937,1421,2625,23,167,11054,2946],"class_list":{"0":"post-173058","1":"post","2":"type-post","3":"status-publish","4":"format-standard","5":"has-post-thumbnail","7":"category-balonmano","8":"tag-b","9":"tag-balonmano","10":"tag-deportes","11":"tag-derbi","12":"tag-empatan","13":"tag-es","14":"tag-espana","15":"tag-handball","16":"tag-noname","17":"tag-publico","18":"tag-sergio-garcia","19":"tag-spain","20":"tag-sports","21":"tag-tarde","22":"tag-zamora"},"share_on_mastodon":{"url":"","error":""},"_links":{"self":[{"href":"https:\/\/www.europesays.com\/es\/wp-json\/wp\/v2\/posts\/173058","targetHints":{"allow":["GET"]}}],"collection":[{"href":"https:\/\/www.europesays.com\/es\/wp-json\/wp\/v2\/posts"}],"about":[{"href":"https:\/\/www.europesays.com\/es\/wp-json\/wp\/v2\/types\/post"}],"author":[{"embeddable":true,"href":"https:\/\/www.europesays.com\/es\/wp-json\/wp\/v2\/users\/2"}],"replies":[{"embeddable":true,"href":"https:\/\/www.europesays.com\/es\/wp-json\/wp\/v2\/comments?post=173058"}],"version-history":[{"count":0,"href":"https:\/\/www.europesays.com\/es\/wp-json\/wp\/v2\/posts\/173058\/revisions"}],"wp:featuredmedia":[{"embeddable":true,"href":"https:\/\/www.europesays.com\/es\/wp-json\/wp\/v2\/media\/173059"}],"wp:attachment":[{"href":"https:\/\/www.europesays.com\/es\/wp-json\/wp\/v2\/media?parent=173058"}],"wp:term":[{"taxonomy":"category","embeddable":true,"href":"https:\/\/www.europesays.com\/es\/wp-json\/wp\/v2\/categories?post=173058"},{"taxonomy":"post_tag","embeddable":true,"href":"https:\/\/www.europesays.com\/es\/wp-json\/wp\/v2\/tags?post=173058"}],"curies":[{"name":"wp","href":"https:\/\/api.w.org\/{rel}","templated":true}]}}