{"id":173060,"date":"2025-10-13T02:37:18","date_gmt":"2025-10-13T02:37:18","guid":{"rendered":"https:\/\/www.europesays.com\/es\/173060\/"},"modified":"2025-10-13T02:37:18","modified_gmt":"2025-10-13T02:37:18","slug":"toros-en-madrid-roman-roza-la-puerta-grande-con-victorino-en-madrid","status":"publish","type":"post","link":"https:\/\/www.europesays.com\/es\/173060\/","title":{"rendered":"TOROS EN MADRID | Rom\u00e1n roza la puerta grande con Victorino en Madrid"},"content":{"rendered":"<p>Ficha del festejo<\/p>\n<p class=\"ft-text\">Ganado: se lidiaron seis toros de Victorino Mart\u00edn, bien presentados. Primero complicado. Segundo soso. Tercero bravo, ovacionado en el arrastre. Cuarto manejable aunque tendente a tablas. Quinto humillador y falto de recorrido. Sexto manejable por el izquierdo.<\/p>\n<p class=\"ft-text\"><strong>David Galv\u00e1n<\/strong> (de carmelita y oro): herido en el primero.<\/p>\n<p class=\"ft-text\"><strong>Rom\u00e1n <\/strong>(de azul rey y oro): estocada entera algo contraria y descabello en el que estoque\u00f3 por David Galv\u00e1n (silencio); estocada entera desprendida (oreja); estocada entera atravesada que hizo guardia y descabello (ovaci\u00f3n con saludos).<\/p>\n<p class=\"ft-text\"><strong>Gin\u00e9s Mar\u00edn<\/strong> (de malva y azabache): pinchazo y entera arriba (ovaci\u00f3n); pinchazo hondo y entera baja (silencio tras aviso); dos pinchazos y media arriba y dos descabellos (silencio tras aviso).<\/p>\n<p class=\"ft-text\"><strong>Incidencias<\/strong>: Iv\u00e1n Garc\u00eda salud\u00f3 tras banderillear al segundo.<\/p>\n<p class=\"ft-text\">Parte facultativo de David Galv\u00e1n. Traumatismo craneoencef\u00e1lico con p\u00e9rdida de conocimiento. Puntazo corrido en cara posterior de hemit\u00f3rax izquierdo, con contusi\u00f3n en parrilla costal izquierda pendiente de estudio radiol\u00f3gico. Es trasladado para posterior estudio al Hospital Gregorio Mara\u00f1\u00f3n.<\/p>\n<p class=\"ft-text\"><strong>Plaza<\/strong>: Las Ventas de Madrid. Corrida de toros. Sexto festejo de la Feria de Oto\u00f1o. 22.447 espectadores.<\/p>\n<p class=\"ft-text\">La <a class=\"ft-link ft-link--decoration\" href=\"https:\/\/www.diariocordoba.com\/tags\/corrida-de-toros\/\" rel=\"nofollow noopener\" target=\"_blank\">corrida<\/a> de <strong>Victorino Mart\u00edn<\/strong>, tan apegada a determinados nombres en los \u00faltimos a\u00f1os, present\u00f3 en esta <strong>Feria de Oto\u00f1o <\/strong>una combinaci\u00f3n original y escasamente manida que se sald\u00f3 con un destacado Rom\u00e1n, quien brind\u00f3 a <strong>Enrique Ponce <\/strong>la lidia del tercero, de nombre Madrugador, un ejemplar bravo que meti\u00f3 la cara abajo y que permiti\u00f3 al valenciano cuajar un trasteo eminentemente pasional, con el toro acometiendo a c\u00e1mara lenta. Rom\u00e1n lo condujo con escasa est\u00e9tica pero pulseado, evitando que tropezara tela por la acci\u00f3n del viento y se violentara. Todo ello contando con la receptividad de los tendidos, que rugieron, haciendo pensar en la posibilidad de que, si mataba a la primera, como hizo, se le pidiera el doble trofeo, si bien el premio qued\u00f3 en una oreja.<\/p>\n<p class=\"ft-text\">Y en la mano tuvo la<strong> salida a hombros <\/strong>Rom\u00e1n en el quinto, un ejemplar que humill\u00f3 y reba\u00f1\u00f3 a partes iguales. Ello dot\u00f3 de nuevo de emoci\u00f3n a lo realizado por el rubio torero, que llev\u00f3 sometido al de Victorino y anduvo r\u00e1pido para quitarse de all\u00ed nada m\u00e1s pasaba el toro. La oreja podr\u00eda haber ca\u00eddo, y con ella la puerta grande, pero la defectuosa estocada (hizo guardia) impidi\u00f3 ambos extremos.<\/p>\n<p class=\"ft-text\">La tarde comenz\u00f3 con sobresalto como resultado de la siempre <strong>indeseable combinaci\u00f3n de viento y lucimiento<\/strong>. El primero de Victorino rebuscaba los tobillos de <strong>David Galv\u00e1n<\/strong>, que intentaba lidiar con toro y Eolo, sin posible lucimiento. En uno de los embroques el toro lo prendi\u00f3, volte\u00f3 y busc\u00f3 en la arena hasta que lo encontr\u00f3, alz\u00e1ndole con el pit\u00f3n izquierdo, hiri\u00e9ndole y siendo trasladado a la enfermer\u00eda desmadejado. Rom\u00e1n se quit\u00f3 de en medio pronto al c\u00e1rdeno y se recompuso el orden de actuaci\u00f3n al quedar el festejo en mano a mano improvisado, con<strong> Gin\u00e9s Mar\u00edn <\/strong>haci\u00e9ndose cargo del segundo, al que cuaj\u00f3 un muy estimable fajo de ver\u00f3nicas cerradas con una magn\u00edfica media.<\/p>\n<p class=\"ft-text\">Eso fue antes de que <strong>Iv\u00e1n Garc\u00eda <\/strong>pusiera la plaza en pie tras banderillearlo, y de que Mar\u00edn intentara sacarle jugo a una embestida sosa y a media altura, logrando lo m\u00e1s jaleado en una tanda de naturales en las que aguant\u00f3 y tir\u00f3 de la remisa embestida hasta lograr que pasara, levemente, de su cadera. Poco m\u00e1s hubo que rascar.<\/p>\n<p class=\"ft-text\">En el cuarto, con clara tendencia a tablas, hubo alg\u00fan atisbo de toreo en redondo a cargo de del jerezano-extreme\u00f1o por el pit\u00f3n derecho, \u00fanico con posibilidades, aunque sin llegar a tomar altura. Mientras que en el sexto, de nuevo Mar\u00edn alcanz\u00f3<strong> lo m\u00e1s rese\u00f1able por el lado zurdo<\/strong>, el \u00fanico con opciones, rob\u00e1ndole dos series meritorias pero que no llegaron al nivel de \u00abpremiables\u00bb.<\/p>\n","protected":false},"excerpt":{"rendered":"Ficha del festejo Ganado: se lidiaron seis toros de Victorino Mart\u00edn, bien presentados. Primero complicado. Segundo soso. Tercero&hellip;\n","protected":false},"author":2,"featured_media":173061,"comment_status":"","ping_status":"","sticky":false,"template":"","format":"standard","meta":{"footnotes":""},"categories":[277],"tags":[373,1904,168,25,24,699,3728,740,4792,16861,23,167,625,374,444,4093],"class_list":{"0":"post-173060","1":"post","2":"type-post","3":"status-publish","4":"format-standard","5":"has-post-thumbnail","7":"category-toreo","8":"tag-bullfighting","9":"tag-corridas-de-toros","10":"tag-deportes","11":"tag-es","12":"tag-espana","13":"tag-grande","14":"tag-las-ventas","15":"tag-puerta","16":"tag-roman","17":"tag-roza","18":"tag-spain","19":"tag-sports","20":"tag-tauromaquia","21":"tag-toreo","22":"tag-toros","23":"tag-victorino"},"share_on_mastodon":{"url":"","error":""},"_links":{"self":[{"href":"https:\/\/www.europesays.com\/es\/wp-json\/wp\/v2\/posts\/173060","targetHints":{"allow":["GET"]}}],"collection":[{"href":"https:\/\/www.europesays.com\/es\/wp-json\/wp\/v2\/posts"}],"about":[{"href":"https:\/\/www.europesays.com\/es\/wp-json\/wp\/v2\/types\/post"}],"author":[{"embeddable":true,"href":"https:\/\/www.europesays.com\/es\/wp-json\/wp\/v2\/users\/2"}],"replies":[{"embeddable":true,"href":"https:\/\/www.europesays.com\/es\/wp-json\/wp\/v2\/comments?post=173060"}],"version-history":[{"count":0,"href":"https:\/\/www.europesays.com\/es\/wp-json\/wp\/v2\/posts\/173060\/revisions"}],"wp:featuredmedia":[{"embeddable":true,"href":"https:\/\/www.europesays.com\/es\/wp-json\/wp\/v2\/media\/173061"}],"wp:attachment":[{"href":"https:\/\/www.europesays.com\/es\/wp-json\/wp\/v2\/media?parent=173060"}],"wp:term":[{"taxonomy":"category","embeddable":true,"href":"https:\/\/www.europesays.com\/es\/wp-json\/wp\/v2\/categories?post=173060"},{"taxonomy":"post_tag","embeddable":true,"href":"https:\/\/www.europesays.com\/es\/wp-json\/wp\/v2\/tags?post=173060"}],"curies":[{"name":"wp","href":"https:\/\/api.w.org\/{rel}","templated":true}]}}