{"id":173062,"date":"2025-10-13T02:42:14","date_gmt":"2025-10-13T02:42:14","guid":{"rendered":"https:\/\/www.europesays.com\/es\/173062\/"},"modified":"2025-10-13T02:42:14","modified_gmt":"2025-10-13T02:42:14","slug":"verstappen-dice-que-red-bull-siempre-tuvo-potencial-en-su-coche-de-f1-tiene-razon","status":"publish","type":"post","link":"https:\/\/www.europesays.com\/es\/173062\/","title":{"rendered":"Verstappen dice que Red Bull siempre tuvo potencial en su coche de F1, \u00bftiene raz\u00f3n?"},"content":{"rendered":"<p>Ahora que Red Bull super\u00f3 la prueba de alta carga aerodin\u00e1mica en el Gran Premio de Singapur de F\u00f3rmula 1, est\u00e1 claro que su progreso en las \u00faltimas semanas no se limita a un solo tipo de circuito.<\/p>\n<p>Por supuesto, el Circuito de las Am\u00e9ricas, que es el siguiente en el calendario, representar\u00e1 un desaf\u00edo completamente diferente con sus muchas curvas de velocidad media, el mismo tipo de curvas que el jefe de equipo Laurent Mekies se\u00f1al\u00f3 en Zandvoort, donde dijo que el equipo fue \u00abaniquilado por McLaren\u00bb.<\/p>\n<p>Por lo tanto, el \u00e9xito no est\u00e1 garantizado en todos lados, pero Red Bull indudablemente encontr\u00f3 algo despu\u00e9s del receso de verano. Desde entonces, <a href=\"https:\/\/lat.motorsport.com\/driver\/max-verstappen\/465982\/\" target=\"_blank\" rel=\"noopener nofollow\">Max Verstappen<\/a> ha sumado m\u00e1s puntos que cualquier otro piloto en la parrilla, con una racha constante de resultados: segundo, primero, primero, segundo.<\/p>\n<p>La pregunta clave es qu\u00e9 significa exactamente ese \u00abalgo\u00bb. Como se\u00f1al\u00f3 Andrea Stella, un factor es que Red Bull ha seguido desarrollando su coche durante m\u00e1s tiempo que McLaren. El equipo de Mekies introdujo un nuevo piso en Monza y un nuevo aler\u00f3n delantero en Singapur, que seg\u00fan el ingeniero jefe Paul Monaghan probablemente ser\u00e1 la \u00faltima mejora importante de la temporada. McLaren, en cambio, ya centr\u00f3 toda su atenci\u00f3n en 2026 desde temprano, aunque los enfoques de ambos equipos tienen l\u00f3gica.<\/p>\n<p>La ventaja de McLaren era lo suficientemente grande como para permitirle pasar muy temprano a la pr\u00f3xima generaci\u00f3n de coches. Red Bull, sin embargo, estaba en una situaci\u00f3n completamente diferente. Durante mucho tiempo, el equipo \u00abmiraba dos relojes distintos\u00bb, como lo describi\u00f3 Christian Horner, lo que significa que la correlaci\u00f3n entre el mundo virtual y la pista real no funcionaba. Ese problema deb\u00eda solucionarse primero; de lo contrario, el equipo entrar\u00eda a ciegas en 2026 y corr\u00eda el riesgo de volver a equivocarse.<\/p>\n<p>La mejor manera de validar esas herramientas era a trav\u00e9s del coche actual, por lo que era completamente l\u00f3gico que Red Bull siguiera desarrollando el RB21 durante m\u00e1s tiempo.<\/p>\n<p>Una nueva filosof\u00eda en Red Bull y el rol de Mekies<br \/>\n   <img decoding=\"async\" draggable=\"false\" src=\"https:\/\/www.europesays.com\/es\/wp-content\/uploads\/2025\/10\/laurent-mekies-red-bull-racing.jpg\" alt=\"Laurent Mekies, Red Bull Racing Team Principal\" width=\"1200\" height=\"800\" loading=\"lazy\"\/> <\/p>\n<p class=\"title\">Laurent Mekies, Red Bull Racing Team Principal<\/p>\n<p class=\"photographer\">Photo by: Sam Bloxham \/ LAT Images via Getty Images<\/p>\n<p>Las recientes mejoras han dado exactamente el resultado esperado, lo cual es una buena noticia en dos frentes: el rendimiento en pista mejor\u00f3 y, m\u00e1s importante a\u00fan, confirma que la correlaci\u00f3n entre las herramientas Red Bull y la realidad est\u00e1 mejorando lentamente.<\/p>\n<p>\u00abEs extremadamente importante que validemos con el coche de este a\u00f1o que nuestra forma de analizar los datos es correcta y que nuestra forma de desarrollar el coche es correcta\u00bb, dijo Mekies. \u00abEso nos dar\u00e1 confianza en el invierno para el coche del pr\u00f3ximo a\u00f1o\u00bb.<\/p>\n<p>En cuanto al coche actual, Verstappen admiti\u00f3 en Singapur que si bien el nuevo piso ayud\u00f3, \u00abno fue toda la raz\u00f3n\u00bb detr\u00e1s del resurgimiento de Red Bull. Cuando se le pregunt\u00f3 cu\u00e1l fue el factor principal, el campe\u00f3n mundial respondi\u00f3: \u00abUna filosof\u00eda diferente\u00bb.<\/p>\n<p>No pudo dar detalles, pero dej\u00f3 entrever dos elementos clave. El equipo ahora comienza los viernes con una base m\u00e1s s\u00f3lida, que requiere solo ajustes finos en lugar de una revisi\u00f3n completa de la puesta a punto tras las primeras sesiones de pr\u00e1ctica. Y, m\u00e1s importante a\u00fan, Red Bull se volvi\u00f3 mejor para encontrar la ventana de funcionamiento del RB21, por estrecha que sea. Helmut Marko agreg\u00f3 que el nuevo piso ampli\u00f3 ligeramente esa ventana, pero lo m\u00e1s significativo es que el equipo dio pasos adelante en la parte operativa.<\/p>\n<p>Aunque ning\u00fan miembro del equipo revel\u00f3 m\u00e1s detalles sobre c\u00f3mo funciona esto en los bastidores, Marko dijo: \u00abNuestros ingenieros tienen experiencia, y Max tambi\u00e9n es un piloto experimentado ahora. Confiamos mucho m\u00e1s en ellos que antes. Ya no seguimos ciegamente lo que nos dicen los n\u00fameros\u00bb.<\/p>\n<p>Esto aplica tanto a la preparaci\u00f3n como a la ejecuci\u00f3n a lo largo de un fin de semana de carrera. Esto \u00faltimo se vio en Monza, donde varios miembros s\u00e9nior del equipo, incluido el director t\u00e9cnico Pierre Wache, sugirieron correr con m\u00e1s carga aerodin\u00e1mica, pero la opini\u00f3n de Verstappen prevaleci\u00f3.<\/p>\n<p>   <img decoding=\"async\" draggable=\"false\" src=\"https:\/\/www.europesays.com\/es\/wp-content\/uploads\/2025\/10\/1760323333_27_max-verstappen-red-bull-racing.jpg\" alt=\"Max Verstappen, Red Bull Racing, Laurent Mekies, Alpine\" width=\"1200\" height=\"800\" loading=\"lazy\"\/> <\/p>\n<p class=\"title\">Max Verstappen, Red Bull Racing, Laurent Mekies, Alpine<\/p>\n<p class=\"photographer\">Photo by: Mark Thompson &#8211; Getty Images<\/p>\n<p>La influencia de Mekies no debe subestimarse en esto. Todos los jueves antes de un Gran Premio, se sienta con Verstappen durante unos 20 minutos para discutir todas las opciones para el fin de semana, incluidos los aspectos t\u00e9cnicos. Es uno de los beneficios de tener un jefe de equipo con una s\u00f3lida formaci\u00f3n en ingenier\u00eda, aunque el propio Mekies se mantiene extremadamente modesto al respecto en sus apariciones p\u00fablicas.<\/p>\n<p>\u00abMi contribuci\u00f3n sigue siendo cero\u00bb, dijo. \u00abY lo digo con la misma seriedad que en Monza. La mejora en el rendimiento se debe b\u00e1sicamente al trabajo de todos en el equipo, con aportes extremadamente fuertes y claros de Max\u00bb.<\/p>\n<p>La alta direcci\u00f3n de Red Bull valora esa humildad, pero cuando Motorsport.com le plante\u00f3 a Marko las palabras de Mekies, el austr\u00edaco se ri\u00f3: \u00ab\u00bfCero contribuci\u00f3n? \u00a1Eso es un disparate absoluto!\u00bb<\/p>\n<p>Seg\u00fan Marko, Mekies est\u00e1 desempe\u00f1ando un papel vital, no solo en la comunicaci\u00f3n con Verstappen, sino tambi\u00e9n en el enlace con los ingenieros y los l\u00edderes t\u00e9cnicos Wache y Monaghan. El propio Verstappen elogi\u00f3 la capacidad de Mekies para \u00abhacer las preguntas correctas\u00bb, ya que ahora Red Bull tiene a alguien en la cima que puede desafiar al equipo t\u00e9cnico.<\/p>\n<p>\u00bfTuvo el RB21 este potencial en la primera mitad de la temporada?<\/p>\n<p>Esto nos lleva a la pregunta: \u00bften\u00eda raz\u00f3n Verstappen? \u00bfTuvo el RB21 este potencial desde hace tiempo? Es una pregunta hipot\u00e9tica y casi imposible de responder, pero hay algunas pistas en las victorias de Verstappen a principios de la temporada.<\/p>\n<p>Su victoria en Jap\u00f3n se debi\u00f3 principalmente a una buena vuelta de clasificaci\u00f3n y a la dificultad de adelantar en Suzuka, pero la victoria en Imola fue m\u00e1s reveladora. Verstappen impresion\u00f3 con un adelantamiento por el exterior a <a href=\"https:\/\/lat.motorsport.com\/driver\/oscar-piastri\/828724\/\" target=\"_blank\" rel=\"noopener nofollow\">Oscar Piastri<\/a> en las primeras curvas, aunque lo que vino despu\u00e9s fue a\u00fan m\u00e1s importante. Logr\u00f3 igualar a los McLaren en ritmo de carrera puro e incluso extendi\u00f3 m\u00e1s su stint con neum\u00e1ticos medios que Piastri.<\/p>\n<p>   <img decoding=\"async\" draggable=\"false\" src=\"https:\/\/www.europesays.com\/es\/wp-content\/uploads\/2025\/10\/1760323334_663_lando-norris-mclaren-oscar-pia.jpg\" alt=\"Lando Norris, McLaren, Oscar Piastri, McLaren, Max Verstappen, Red Bull Racing\" width=\"1200\" height=\"800\" loading=\"lazy\"\/> <\/p>\n<p class=\"title\">Lando Norris, McLaren, Oscar Piastri, McLaren, Max Verstappen, Red Bull Racing<\/p>\n<p class=\"photographer\">Photo by: Clive Mason\/Getty Images<\/p>\n<p>En la carrera siguiente, Verstappen admiti\u00f3 a la prensa neerlandesa que no entend\u00eda del todo por qu\u00e9 de repente todo hab\u00eda encajado, pero eso encaja perfectamente con sus comentarios recientes. El RB21 tuvo el potencial en algunos momentos; pero el equipo rara vez pudo aprovecharlo en la primera mitad de la temporada.<\/p>\n<p>Imola fue una de las raras ocasiones en que Red Bull dio en el clavo y ahora, tras meses de aprendizaje acumulado, el equipo entiende mejor el coche. Eso en s\u00ed no es una sorpresa, ya que la mejora en la comprensi\u00f3n se basa en todos los fracasos del camino, lo que lo convierte, sobre todo, en un desarrollo natural.<\/p>\n<p>Cuando Motorsport.com le pregunt\u00f3 a Mekies si estaba de acuerdo con Verstappen en que este potencial hab\u00eda estado en el coche de Red Bull desde hac\u00eda m\u00e1s tiempo, dio una respuesta diplom\u00e1tica pero interesante.<\/p>\n<p>\u00abD\u00e9jame decirlo as\u00ed: creo que todos han estado trabajando extremadamente duro en Milton Keynes desde la primera carrera hasta ahora, sin rendirse nunca en el intento de desbloquear el potencial de ese coche\u00bb, dijo.<\/p>\n<p>\u00abEs justo decir que el progreso en las \u00faltimas semanas ha sido bastante espectacular, y es m\u00e9rito de todos nuevamente en la f\u00e1brica que nunca se rindieron. Y es m\u00e9rito de Max, que con su sensibilidad nos ha estado presionando para explorar diferentes caminos, y finalmente encontramos uno que desbloque\u00f3 un poco de rendimiento\u00bb.<\/p>\n<p>Sus palabras fueron cuidadosamente medidas por una raz\u00f3n. Aunque Horner ya no est\u00e1, muchos otros miembros del equipo siguen all\u00ed, lo que explica por qu\u00e9 Mekies evit\u00f3 de forma inteligente estar completamente de acuerdo en que el rendimiento siempre estuvo presente.<\/p>\n<p>   <img decoding=\"async\" draggable=\"false\" src=\"https:\/\/www.europesays.com\/es\/wp-content\/uploads\/2025\/10\/1760323334_141_max-verstappen-red-bull-racing.jpg\" alt=\"Max Verstappen, Red Bull Racing\" width=\"1200\" height=\"800\" loading=\"lazy\"\/> <\/p>\n<p class=\"title\">Max Verstappen, Red Bull Racing<\/p>\n<p class=\"photographer\">Photo by: Mark Thompson &#8211; Getty Images<\/p>\n<p>Al elogiar primero el arduo trabajo del equipo, evit\u00f3 cualquier cr\u00edtica a quienes estuvieron all\u00ed al comienzo de la temporada, antes de confirmar sutilmente la teor\u00eda de Verstappen al hablar de \u00abnuevos caminos\u00bb.<\/p>\n<p>Finalmente, Mekies subray\u00f3 que no tiene sentido mirar atr\u00e1s, ya que el enfoque dentro del equipo debe estar puesto en el futuro: \u00abNo hay una bala de plata. Ha habido un buen flujo de mejoras y diferentes formas de trabajar con el coche\u00bb.<\/p>\n<p>\u00abEn conjunto, parece que tenemos un paquete competitivo en la mayor\u00eda de los circuitos, pero es muy dif\u00edcil retroceder y decir: con las mejoras al principios de a\u00f1o, \u00bfd\u00f3nde estar\u00edamos? No estamos mirando atr\u00e1s, estamos mirando hacia adelante\u00bb.<\/p>\n<p>M\u00e1s de la F\u00f3rmula 1:<\/p>\n<p>            Queremos tu opini\u00f3n<\/p>\n<p class=\"mt-auto\">\u00bfQu\u00e9 le gustar\u00eda ver en Motorsport.com?<\/p>\n<p>            <a href=\"#\" class=\"ms-link text-link font-bold\">Responda a nuestra encuesta de 5 minutos.<\/a><\/p>\n<p class=\"mt-1 font-info text-body\">&#8211; El equipo de Motorsport.com<\/p>\n","protected":false},"excerpt":{"rendered":"Ahora que Red Bull super\u00f3 la prueba de alta carga aerodin\u00e1mica en el Gran Premio de Singapur de&hellip;\n","protected":false},"author":2,"featured_media":173063,"comment_status":"","ping_status":"","sticky":false,"template":"","format":"standard","meta":{"footnotes":""},"categories":[270],"tags":[168,25,24,306,271,272,1230,44837,7529,44838,2099,2092,23,167,49939,49938],"class_list":{"0":"post-173062","1":"post","2":"type-post","3":"status-publish","4":"format-standard","5":"has-post-thumbnail","7":"category-formula-1","8":"tag-deportes","9":"tag-es","10":"tag-espana","11":"tag-f1","12":"tag-formula-1","13":"tag-formula1","14":"tag-fu00f3rmula-1","15":"tag-gp-de-singapur","16":"tag-laurent-mekies","17":"tag-marina-bay-street-circuit","18":"tag-max-verstappen","19":"tag-red-bull-racing","20":"tag-spain","21":"tag-sports","22":"tag-u00bftiene-razu00f3n","23":"tag-verstappen-dice-que-red-bull-siempre-tuvo-potencial-en-su-coche-de-f1"},"share_on_mastodon":{"url":"","error":""},"_links":{"self":[{"href":"https:\/\/www.europesays.com\/es\/wp-json\/wp\/v2\/posts\/173062","targetHints":{"allow":["GET"]}}],"collection":[{"href":"https:\/\/www.europesays.com\/es\/wp-json\/wp\/v2\/posts"}],"about":[{"href":"https:\/\/www.europesays.com\/es\/wp-json\/wp\/v2\/types\/post"}],"author":[{"embeddable":true,"href":"https:\/\/www.europesays.com\/es\/wp-json\/wp\/v2\/users\/2"}],"replies":[{"embeddable":true,"href":"https:\/\/www.europesays.com\/es\/wp-json\/wp\/v2\/comments?post=173062"}],"version-history":[{"count":0,"href":"https:\/\/www.europesays.com\/es\/wp-json\/wp\/v2\/posts\/173062\/revisions"}],"wp:featuredmedia":[{"embeddable":true,"href":"https:\/\/www.europesays.com\/es\/wp-json\/wp\/v2\/media\/173063"}],"wp:attachment":[{"href":"https:\/\/www.europesays.com\/es\/wp-json\/wp\/v2\/media?parent=173062"}],"wp:term":[{"taxonomy":"category","embeddable":true,"href":"https:\/\/www.europesays.com\/es\/wp-json\/wp\/v2\/categories?post=173062"},{"taxonomy":"post_tag","embeddable":true,"href":"https:\/\/www.europesays.com\/es\/wp-json\/wp\/v2\/tags?post=173062"}],"curies":[{"name":"wp","href":"https:\/\/api.w.org\/{rel}","templated":true}]}}