{"id":173107,"date":"2025-10-13T03:19:07","date_gmt":"2025-10-13T03:19:07","guid":{"rendered":"https:\/\/www.europesays.com\/es\/173107\/"},"modified":"2025-10-13T03:19:07","modified_gmt":"2025-10-13T03:19:07","slug":"si-quieren-la-paz-preparense-para-ganarla","status":"publish","type":"post","link":"https:\/\/www.europesays.com\/es\/173107\/","title":{"rendered":"\u00abSi quieren la paz, prep\u00e1rense para ganarla\u00bb"},"content":{"rendered":"<p style=\"\"><a href=\"https:\/\/www.abc.es\/noticias\/nicolas-maduro\/\" title=\"www.abc.es\" data-voc-vtm-id=\"in-text-traffic\" data-mrf-link=\"www.abc.es\" rel=\"nofollow noopener\" target=\"_blank\">Nicol\u00e1s Maduro<\/a> rompi\u00f3 su silencio sobre el <a href=\"https:\/\/www.abc.es\/espana\/premio-nobel-paz-maria-corina-machado-vuelve-20251011194702-nt.html\" title=\"www.abc.es\" data-voc-vtm-id=\"in-text-traffic\" data-mrf-link=\"www.abc.es\" rel=\"nofollow noopener\" target=\"_blank\">Premio N\u00f3bel de la Paz<\/a> de <a href=\"https:\/\/www.abc.es\/noticias\/maria-corina-machado\/\" title=\"www.abc.es\" data-voc-vtm-id=\"in-text-traffic\" data-mrf-link=\"www.abc.es\" rel=\"nofollow noopener\" target=\"_blank\">Mar\u00eda Corina Machado<\/a>. Este domingo 48 horas despu\u00e9s del otorgamiento exclam\u00f3 retando a la l\u00edder opositora sin mencionarla por su nombre: <strong>\u00abSi quieren la paz, prep\u00e1rense para ganarla\u00bb<\/strong> &#8230; .<\/p>\n<p class=\"voc-p\" style=\"\">Su declaraci\u00f3n ocurri\u00f3 en un acto p\u00fablico con motivo del D\u00eda de la Raza este 12 de Octubre al que el chavismo le cambi\u00f3 el nombre por el <strong>\u00abD\u00eda de la Resistencia Ind\u00edgena\u00bb<\/strong> para desconocer el descubrimiento de Crist\u00f3bal Col\u00f3n. Pero para estar a tono con los ind\u00edgenas <strong>Maduro se disfraz\u00f3 con un penacho de plumas en la cabeza y flechas en el hombro<\/strong>.<\/p>\n<p class=\"voc-p\" style=\"\">Los jerarcas del r\u00e9gimen chavista han mantenido un silencio total, ignorando el prestigioso galard\u00f3n noruego, que le concedi\u00f3 a Machado por \u00abpor su incansable labor en la promoci\u00f3n de los derechos democr\u00e1ticos del pueblo venezolano y por su lucha por lograr una transici\u00f3n justa y pac\u00edfica de la dictadura a la democracia\u00bb adem\u00e1s de exhortarle que reconozca los resultados de la elecci\u00f3n presidencial que le dio la victoria a Edmundo Gonz\u00e1lez Urrutia el 28 de julio del a\u00f1o pasado.<\/p>\n<p class=\"voc-p\" style=\"\"><strong>\u00abAqu\u00ed no queremos ser esclavos de los gringos\u00bb<\/strong>, dijo ajustando las plumas de su cabeza para indicar que el chavismo est\u00e1 dispuesto a dar la batalla ante las <strong>\u00ablas amenazas imperialistas\u00bb<\/strong>.<\/p>\n<p class=\"voc-p\" style=\"\">Se refiri\u00f3 al despliegue de la flota naval de buques destructores y submarinos de Estados Unidos frente a las costas venezolanas, la que piensa \u00abvencer\u00bb con el despliegue de armas compradas a los rusos y chinos y la formaci\u00f3n de civiles con la milicia bolivariana y ahora con grupos ind\u00edgenas que quieren alistarse tambi\u00e9n para enfrentarse a los marines norteamericanos.<\/p>\n<p class=\"voc-p\" style=\"\">Mientras inauguraba dos estatuas de ind\u00edgenas Maduro se\u00f1alaba que <strong>\u00abnosotros queremos paz y paz vamos a tener<\/strong>, pero paz con libertad, con soberan\u00eda, independencia e igualdad. No la paz de las ruinas de Gaza ni la paz de la muerte\u00bb.<\/p>\n<p class=\"voc-p\" style=\"\">Tambi\u00e9n intent\u00f3 humillar a la carism\u00e1tica l\u00edder de la oposici\u00f3n como una bruja. <strong>\u00abUn 90% de la poblaci\u00f3n repudia a la bruja demon\u00edaca de la Sayona (una leyenda de los llanos)\u00bb<\/strong>, espet\u00f3. Y afirm\u00f3 que no va a negociar la entrega de su cargo.<\/p>\n<p class=\"voc-p\" style=\"\">Machado por su parte ratific\u00f3 este viernes cuando gan\u00f3 el N\u00f3bel de la Paz que <strong>\u00abla libertad y la democracia la vamos a conquistar, y ganaremos\u00bb<\/strong> como anticip\u00e1ndose al desaf\u00edo de Maduro. \u00abEs inevitable que Maduro se vaya, tiene los d\u00edas contados\u00bb.<\/p>\n","protected":false},"excerpt":{"rendered":"Nicol\u00e1s Maduro rompi\u00f3 su silencio sobre el Premio N\u00f3bel de la Paz de Mar\u00eda Corina Machado. Este domingo&hellip;\n","protected":false},"author":2,"featured_media":173108,"comment_status":"","ping_status":"","sticky":false,"template":"","format":"standard","meta":{"footnotes":""},"categories":[42],"tags":[17,18,35106,13,14,49950,11,61,62,63,64,19,20,11576,6413,1932,9,7703,35262,10,15,16,11506,49949,13733,20300,12,21,22,65,66,67],"class_list":{"0":"post-173107","1":"post","2":"type-post","3":"status-publish","4":"format-standard","5":"has-post-thumbnail","7":"category-internacional","8":"tag-breaking-news","9":"tag-breakingnews","10":"tag-corina","11":"tag-featured-news","12":"tag-featurednews","13":"tag-ganarla","14":"tag-headlines","15":"tag-internacional","16":"tag-international","17":"tag-international-news","18":"tag-internationalnews","19":"tag-latest-news","20":"tag-latestnews","21":"tag-machado","22":"tag-maduro","23":"tag-maria","24":"tag-news","25":"tag-nicolas","26":"tag-nobel","27":"tag-noticias","28":"tag-noticias-destacadas","29":"tag-noticiasdestacadas","30":"tag-paz","31":"tag-preparense","32":"tag-quieren","33":"tag-reta","34":"tag-titulares","35":"tag-ultimas-noticias","36":"tag-ultimasnoticias","37":"tag-world","38":"tag-world-news","39":"tag-worldnews"},"share_on_mastodon":{"url":"","error":""},"_links":{"self":[{"href":"https:\/\/www.europesays.com\/es\/wp-json\/wp\/v2\/posts\/173107","targetHints":{"allow":["GET"]}}],"collection":[{"href":"https:\/\/www.europesays.com\/es\/wp-json\/wp\/v2\/posts"}],"about":[{"href":"https:\/\/www.europesays.com\/es\/wp-json\/wp\/v2\/types\/post"}],"author":[{"embeddable":true,"href":"https:\/\/www.europesays.com\/es\/wp-json\/wp\/v2\/users\/2"}],"replies":[{"embeddable":true,"href":"https:\/\/www.europesays.com\/es\/wp-json\/wp\/v2\/comments?post=173107"}],"version-history":[{"count":0,"href":"https:\/\/www.europesays.com\/es\/wp-json\/wp\/v2\/posts\/173107\/revisions"}],"wp:featuredmedia":[{"embeddable":true,"href":"https:\/\/www.europesays.com\/es\/wp-json\/wp\/v2\/media\/173108"}],"wp:attachment":[{"href":"https:\/\/www.europesays.com\/es\/wp-json\/wp\/v2\/media?parent=173107"}],"wp:term":[{"taxonomy":"category","embeddable":true,"href":"https:\/\/www.europesays.com\/es\/wp-json\/wp\/v2\/categories?post=173107"},{"taxonomy":"post_tag","embeddable":true,"href":"https:\/\/www.europesays.com\/es\/wp-json\/wp\/v2\/tags?post=173107"}],"curies":[{"name":"wp","href":"https:\/\/api.w.org\/{rel}","templated":true}]}}