{"id":173113,"date":"2025-10-13T03:23:05","date_gmt":"2025-10-13T03:23:05","guid":{"rendered":"https:\/\/www.europesays.com\/es\/173113\/"},"modified":"2025-10-13T03:23:05","modified_gmt":"2025-10-13T03:23:05","slug":"quien-torea-hoy-lunes-13-de-octubre-en-las-fiestas-del-pilar-2025-en-zaragoza-este-es-el-cartel-completo","status":"publish","type":"post","link":"https:\/\/www.europesays.com\/es\/173113\/","title":{"rendered":"\u00bfQui\u00e9n torea hoy, lunes 13 de octubre, en las Fiestas del Pilar 2025 en Zaragoza? Este es el cartel completo"},"content":{"rendered":"\n<p> La plaza de toros de La Misericordia pone fin este lunes 13 de octubre al ciclo taurino del Pilar con una cita dedicada al rejoneo. A partir de las 17:30 horas, <strong>Sergio Gal\u00e1n, Diego Ventura y Lea Vicens<\/strong> lidiar\u00e1n toros de <strong>S\u00e1nchez y S\u00e1nchez<\/strong>, en una jornada que combina veteran\u00eda y elegancia entre tres de los nombres m\u00e1s importantes del toreo a caballo actual. <\/p>\n<p> <strong>Sergio Gal\u00e1n<\/strong>, uno de los jinetes m\u00e1s respetados del escalaf\u00f3n, llega a Zaragoza tras una temporada constante y de resultados destacados. En <strong>Logro\u00f1o<\/strong> cort\u00f3 una oreja con una faena de precisi\u00f3n y temple, y en <strong>Albacete<\/strong> sustituy\u00f3 con \u00e9xito a Andy Cartagena en la Feria de septiembre. Con m\u00e1s de dos d\u00e9cadas de trayectoria, mantiene su sello cl\u00e1sico y su ambici\u00f3n intacta. <\/p>\n<p>              <img decoding=\"async\" class=\"inTextNews__img\" alt=\"Foto: fiesta-taurina-pilar-2025-zaragoza-cartel-1qrt-1tna\" src=\"https:\/\/www.europesays.com\/es\/wp-content\/uploads\/2025\/10\/f.elconfidencial.com\/original\/4d7\/923\/1b2\/4d79231b20ab0a555b08e2d8cc453bd0.jpg\"  \/>     <\/p>\n<p>TE PUEDE INTERESAR<\/p>\n<p>      <a class=\"inTextNews__title\" href=\"https:\/\/www.elconfidencial.com\/espana\/aragon\/2025-10-02\/fiesta-taurina-pilar-2025-zaragoza-cartel-1qrt-1tna_4220114\/\" onclick=\"window.ECCO.emit(&#039;amplitude&#039;, { dataEventName: &#039;click_related_article_module&#039;, data: { related_article_url: &#039;https:\/\/www.elconfidencial.com\/espana\/aragon\/2025-10-02\/fiesta-taurina-pilar-2025-zaragoza-cartel-1qrt-1tna_4220114\/&#039;, related_article_author: &#039;Roberto Ruiz&#039;, related_article_section: &#039;aragon&#039; } })\" rel=\"nofollow noopener\" target=\"_blank\"> Programa completo de toros por las Fiestas del Pilar 2025: cartel de cada d\u00eda, horario de las corridas y toreros <\/a>   <\/p>\n<p>    El Confidencial   <\/p>\n<p> El portugu\u00e9s <strong>Diego Ventura<\/strong>, m\u00e1xima figura del rejoneo contempor\u00e1neo, atraviesa un momento de plenitud. En 2025 ha firmado triunfos rotundos como las <strong>cuatro orejas cortadas en Albacete<\/strong> o las <strong>tres obtenidas en Jerez<\/strong>, y ha compartido puerta grande con Lea Vicens en ferias como <strong>N\u00eemes<\/strong> y <strong>Cuenca<\/strong>. Su dominio t\u00e9cnico y la conexi\u00f3n con el p\u00fablico lo sit\u00faan como un torero a caballo de referencia internacional. <\/p>\n<p>            Una figura femenina completa el cartel           <\/p>\n<p> Por su parte, <strong>Lea Vicens<\/strong> contin\u00faa afianzada entre las primeras figuras del rejoneo. En los \u00faltimos meses ha sumado triunfos en <strong>Murcia, Mor\u00f3n y Palos de la Frontera<\/strong>, y ha brillado en la <strong>Feria de N\u00eemes<\/strong>, donde volvi\u00f3 a dejar constancia de su elegancia y madurez art\u00edstica. <\/p>\n<p>              <img decoding=\"async\" class=\"inTextNews__img\" alt=\"Foto: virgen-pilar-patrona-dia-hispanidad-1qrt-1tna\" src=\"https:\/\/www.europesays.com\/es\/wp-content\/uploads\/2025\/10\/f.elconfidencial.com\/original\/fee\/6c6\/56e\/fee6c656ecd7ae867ecfa9de7a43fab7.jpg\"  \/>     <\/p>\n<p>TE PUEDE INTERESAR<\/p>\n<p>      <a class=\"inTextNews__title\" href=\"https:\/\/www.elconfidencial.com\/espana\/2025-10-12\/virgen-pilar-patrona-dia-hispanidad-1qrt-1tna_4226256\/\" onclick=\"window.ECCO.emit(&#039;amplitude&#039;, { dataEventName: &#039;click_related_article_module&#039;, data: { related_article_url: &#039;https:\/\/www.elconfidencial.com\/espana\/2025-10-12\/virgen-pilar-patrona-dia-hispanidad-1qrt-1tna_4226256\/&#039;, related_article_author: &#039;Roberto Ruiz&#039;, related_article_section: &#039;espana&#039; } })\" rel=\"nofollow noopener\" target=\"_blank\"> Por qu\u00e9 la Virgen del Pilar est\u00e1 considerada la patrona del D\u00eda de la Hispanidad <\/a>   <\/p>\n<p>    Roberto Ruiz Anderson   <\/p>\n<p> Con este festejo de rejones, Zaragoza despide la Feria del Pilar 2025 tras diez d\u00edas de intensa actividad taurina. Las entradas pueden adquirirse a trav\u00e9s de <a href=\"https:\/\/bacantix.com\/Entradas\/WebForms\/Forms\/Venta.aspx?id=plzaragoza&amp;codigo=020523001000055000088\" target=\"_blank\" rel=\"nofollow noopener\">la plataforma oficial Bacantix<\/a>, con precios que van desde los <strong>12 euros m\u00e1s gastos de gesti\u00f3n en andanada<\/strong> hasta los <strong>107 euros m\u00e1s gastos de gesti\u00f3n<\/strong><strong> <\/strong><strong>en las localidades de mayor visibilidad de tendido<\/strong>. <\/p>\n<p> La plaza de toros de La Misericordia pone fin este lunes 13 de octubre al ciclo taurino del Pilar con una cita dedicada al rejoneo. A partir de las 17:30 horas, <strong>Sergio Gal\u00e1n, Diego Ventura y Lea Vicens<\/strong> lidiar\u00e1n toros de <strong>S\u00e1nchez y S\u00e1nchez<\/strong>, en una jornada que combina veteran\u00eda y elegancia entre tres de los nombres m\u00e1s importantes del toreo a caballo actual. <\/p>\n","protected":false},"excerpt":{"rendered":"La plaza de toros de La Misericordia pone fin este lunes 13 de octubre al ciclo taurino del&hellip;\n","protected":false},"author":2,"featured_media":173114,"comment_status":"","ping_status":"","sticky":false,"template":"","format":"standard","meta":{"footnotes":""},"categories":[277],"tags":[373,168,25,24,23,167,374],"class_list":{"0":"post-173113","1":"post","2":"type-post","3":"status-publish","4":"format-standard","5":"has-post-thumbnail","7":"category-toreo","8":"tag-bullfighting","9":"tag-deportes","10":"tag-es","11":"tag-espana","12":"tag-spain","13":"tag-sports","14":"tag-toreo"},"share_on_mastodon":{"url":"","error":""},"_links":{"self":[{"href":"https:\/\/www.europesays.com\/es\/wp-json\/wp\/v2\/posts\/173113","targetHints":{"allow":["GET"]}}],"collection":[{"href":"https:\/\/www.europesays.com\/es\/wp-json\/wp\/v2\/posts"}],"about":[{"href":"https:\/\/www.europesays.com\/es\/wp-json\/wp\/v2\/types\/post"}],"author":[{"embeddable":true,"href":"https:\/\/www.europesays.com\/es\/wp-json\/wp\/v2\/users\/2"}],"replies":[{"embeddable":true,"href":"https:\/\/www.europesays.com\/es\/wp-json\/wp\/v2\/comments?post=173113"}],"version-history":[{"count":0,"href":"https:\/\/www.europesays.com\/es\/wp-json\/wp\/v2\/posts\/173113\/revisions"}],"wp:featuredmedia":[{"embeddable":true,"href":"https:\/\/www.europesays.com\/es\/wp-json\/wp\/v2\/media\/173114"}],"wp:attachment":[{"href":"https:\/\/www.europesays.com\/es\/wp-json\/wp\/v2\/media?parent=173113"}],"wp:term":[{"taxonomy":"category","embeddable":true,"href":"https:\/\/www.europesays.com\/es\/wp-json\/wp\/v2\/categories?post=173113"},{"taxonomy":"post_tag","embeddable":true,"href":"https:\/\/www.europesays.com\/es\/wp-json\/wp\/v2\/tags?post=173113"}],"curies":[{"name":"wp","href":"https:\/\/api.w.org\/{rel}","templated":true}]}}