{"id":173123,"date":"2025-10-13T03:33:19","date_gmt":"2025-10-13T03:33:19","guid":{"rendered":"https:\/\/www.europesays.com\/es\/173123\/"},"modified":"2025-10-13T03:33:19","modified_gmt":"2025-10-13T03:33:19","slug":"paco-escalero-cumple-un-sueno-y-ya-piensa-en-su-segundo-libro","status":"publish","type":"post","link":"https:\/\/www.europesays.com\/es\/173123\/","title":{"rendered":"Paco Escalero cumple un sue\u00f1o y ya piensa en su segundo libro"},"content":{"rendered":"<p>\u00abLa enfermedad del aburrimiento, los viejos la acumulan y no la sueltan\u00bb, comienza espetando con<strong> el \u00e1gil tono de voz y mente que exhibe a sus 101 a\u00f1os el popular Paco Escalero<\/strong> (Bermillo de Sayago, Zamora, 15 de mayo de 1924). Muy conocido por su vecindario, se mueve con su andador por la calle Bartomeu Pou hacia Blanquerna para tomarse cada d\u00eda su caf\u00e9 y pasar un rato con su hija, Nuria. <strong>Inquieto por naturaleza, en m\u00e1s de cuarenta a\u00f1os jubilado<\/strong>, tras dedicarse a la banca, ha alimentado su pasi\u00f3n por las manualidades. \u00abAhora estoy terminando una colcha\u00bb, explica <a href=\"https:\/\/www.ultimahora.es\/noticias\/sociedad\/2025\/02\/05\/2315335\/historias-mallorca-paco-escalero-artista-100-anos.html?utm_source=Related&amp;utm_medium=internal\" data-model=\"Noticia\" data-value=\"2315335\" rel=\"nofollow noopener\" target=\"_blank\">el autor de numerosos objetos en miniatura, bastones, bolsos, bisuter\u00eda&#8230;<\/a><\/p>\n<p><strong>A punto de conocer a su segundo biznieto, Paco ha cumplido otro sue\u00f1o vital. Lo ha hecho con 101 a\u00f1os \u00aby 135 d\u00edas\u00bb, publicando su primer <a href=\"https:\/\/www.ultimahora.es\/etiqueta\/libro.html?utm_source=Inline-tag&amp;utm_medium=internal\" rel=\"nofollow noopener\" target=\"_blank\">libro<\/a><\/strong>: Recopilaci\u00f3n de frases de intelecturales universales y sabios griegos. Un compendio de frases que ha ido coleccionando y escribiendo en viejos cuadernos desde ya la primera mitad del pasado siglo. \u00abEn el Cr\u00e9dito Balear -donde empez\u00f3 a trabajar en octubre de 1943- hab\u00eda un compa\u00f1ero de Inca que conoc\u00eda a un encuadernador y me hizo un bloc o libreta en la que pegaba, como si fueran cromos, las frases que escrib\u00eda\u00bb, recuerda Paco, que<strong> durante su etapa en Madrid pudo comprar ya libretas de cuadr\u00edculas en las que plasmar esas sentencias que recopila en su primer libro<\/strong>. \u00abY voy a por el segundo, pero tengo que darme prisa\u00bb, bromea con el humor que le define.<\/p>\n<p><img loading=\"lazy\" decoding=\"async\" src=\"https:\/\/www.europesays.com\/es\/wp-content\/uploads\/2025\/10\/3504313.jpg\" border=\"0\" alt=\"\" width=\"2040\" height=\"1148\"\/>&#13;<br \/>\nPaco Escalero, junto a su primer libro publicado. Foto: F.F.&#13;<\/p>\n<p><strong>Prologado por V\u00edctor Gay\u00e0, colaborador de \u00daltima Hora<\/strong>, le ha ayudado su pasi\u00f3n por la lectura y por el uso del lenguaje, construido en forma de sentencias edificantes. <strong>\u00abHe le\u00eddo muchos libros y escuchado miles de refranes durante mi vida, y cre\u00eda que era una buena idea juntarlos todo en un libro\u00bb<\/strong>, que ha publicado en formato de autoedici\u00f3n gracias a la Imprenta Nueva Balear, donde ha encontrado todo tipo de facilidades. Dice que uno de los objetivos de su trabajo es \u00abtrasladar la sabidur\u00eda popular en un momento en el que vemos una sociedad que come mal, por ejemplo. Y eso no ayuda. Con mi libro, <strong>adem\u00e1s de cumplir un sue\u00f1o al poder verlo publicado, quiero que no se pierdan estas frases que tanto contenido y sentido tienen<\/strong>\u00bb, prosigue mientras saborea un cortado en un bar pr\u00f3ximo a su domicilio, donde tiene su espectacular taller.<\/p>\n<p><strong>La inquietud de Escalero, quien explica que las manualidades \u00abhan alimentado mi vida\u00bb<\/strong>, se ha plasmado en un libro que ha hecho llegar a familiares y amigos como legado de su larga vida y capacidad creativa. \u00abEl encuadernador me dijo que esto era algo \u00fanico\u00bb, dice orgulloso de su nueva obra, que plasma su vitalidad y el car\u00e1cter afable que le define y le ha hecho ser una persona muy querida por quienes comparten edificio con \u00e9l y los que, cada d\u00eda y fiel a su hora, le ven moverse con su inseparable andador para darse su paseo y desayunar.<\/p>\n","protected":false},"excerpt":{"rendered":"\u00abLa enfermedad del aburrimiento, los viejos la acumulan y no la sueltan\u00bb, comienza espetando con el \u00e1gil tono&hellip;\n","protected":false},"author":2,"featured_media":173124,"comment_status":"","ping_status":"","sticky":false,"template":"","format":"standard","meta":{"footnotes":""},"categories":[172],"tags":[224,146,147,25,5235,24,49953,1496,225,2553,492,23,2922,1529],"class_list":{"0":"post-173123","1":"post","2":"type-post","3":"status-publish","4":"format-standard","5":"has-post-thumbnail","7":"category-libros","8":"tag-books","9":"tag-entertainment","10":"tag-entretenimiento","11":"tag-es","12":"tag-escritor","13":"tag-espana","14":"tag-jubilados-de-mallorca","15":"tag-libro","16":"tag-libros","17":"tag-palma","18":"tag-sociedad","19":"tag-spain","20":"tag-tendencias","21":"tag-ultima-hora"},"share_on_mastodon":{"url":"","error":""},"_links":{"self":[{"href":"https:\/\/www.europesays.com\/es\/wp-json\/wp\/v2\/posts\/173123","targetHints":{"allow":["GET"]}}],"collection":[{"href":"https:\/\/www.europesays.com\/es\/wp-json\/wp\/v2\/posts"}],"about":[{"href":"https:\/\/www.europesays.com\/es\/wp-json\/wp\/v2\/types\/post"}],"author":[{"embeddable":true,"href":"https:\/\/www.europesays.com\/es\/wp-json\/wp\/v2\/users\/2"}],"replies":[{"embeddable":true,"href":"https:\/\/www.europesays.com\/es\/wp-json\/wp\/v2\/comments?post=173123"}],"version-history":[{"count":0,"href":"https:\/\/www.europesays.com\/es\/wp-json\/wp\/v2\/posts\/173123\/revisions"}],"wp:featuredmedia":[{"embeddable":true,"href":"https:\/\/www.europesays.com\/es\/wp-json\/wp\/v2\/media\/173124"}],"wp:attachment":[{"href":"https:\/\/www.europesays.com\/es\/wp-json\/wp\/v2\/media?parent=173123"}],"wp:term":[{"taxonomy":"category","embeddable":true,"href":"https:\/\/www.europesays.com\/es\/wp-json\/wp\/v2\/categories?post=173123"},{"taxonomy":"post_tag","embeddable":true,"href":"https:\/\/www.europesays.com\/es\/wp-json\/wp\/v2\/tags?post=173123"}],"curies":[{"name":"wp","href":"https:\/\/api.w.org\/{rel}","templated":true}]}}