{"id":173125,"date":"2025-10-13T03:34:07","date_gmt":"2025-10-13T03:34:07","guid":{"rendered":"https:\/\/www.europesays.com\/es\/173125\/"},"modified":"2025-10-13T03:34:07","modified_gmt":"2025-10-13T03:34:07","slug":"muere-el-padre-gabriel-en-monteverde-y-juan-david-llora-su-fallecimiento-quien-fue-el-culpable-novelas-monteverde","status":"publish","type":"post","link":"https:\/\/www.europesays.com\/es\/173125\/","title":{"rendered":"Muere el padre Gabriel en \u2018Monteverde\u2019 y Juan David llora su fallecimiento: \u00bfQui\u00e9n fue el culpable? | Novelas Monteverde"},"content":{"rendered":"<p>Durante una discusi\u00f3n en la central de autobuses, Carlos amenaz\u00f3 a Carolina y \u00d3scar con el fin de llevarse a su hijo Andr\u00e9s una vez m\u00e1s y <b>en su desesperaci\u00f3n dispar\u00f3, sin imaginar que el padre se interpondr\u00eda. <\/b><\/p>\n<p>Entre gritos, Carolina pidi\u00f3 ayuda y el padre Gabriel fue trasladado al hospital, donde fue intervenido.<\/p>\n<p>Juan David lleg\u00f3 al hospital para saber el estado de su t\u00edo; sin embargo, los doctores no le dieron muchas esperanzas.<\/p>\n<p>Mientras <b> el padre Gabriel se debat\u00eda entre la vida y la muerte, su sobrino le dedic\u00f3 emotivas palabras. <\/b><\/p>\n<p>\u201cPensar que ayer estaba feliz celebrando que Andr\u00e9s hab\u00eda fallecido, por lo que m\u00e1s quiera no se le ocurra irse t\u00edo, lo necesito, no puede dejarme solo, piense en todas las cosas que nos quedan por vivir\u201d, indic\u00f3.<\/p>\n<p><b>Juan David le suplic\u00f3 que no muriera porque ten\u00eda que estar a su lado<\/b> y le agradeci\u00f3 por c\u00f3mo lo cuid\u00f3.<\/p>\n<p>\u201cTiene que bautizar a mis hijas, tiene que estar a mi lado ahora que gan\u00e9 las elecciones, necesito sus consejos, no se vaya t\u00edo\u2026 Usted me cuid\u00f3, me dio valores, es mi familia completa, todo lo que soy se lo debo a usted, no me deje solo se lo suplico\u201d, precis\u00f3.<\/p>\n<p>Tras las palabras de su sobrino, <b>el padre Gabriel no resisti\u00f3 y muri\u00f3 luego del disparo que le dio Carlos Rojas.<\/b><\/p>\n","protected":false},"excerpt":{"rendered":"Durante una discusi\u00f3n en la central de autobuses, Carlos amenaz\u00f3 a Carolina y \u00d3scar con el fin de&hellip;\n","protected":false},"author":2,"featured_media":173126,"comment_status":"","ping_status":"","sticky":false,"template":"","format":"standard","meta":{"footnotes":""},"categories":[171],"tags":[146,147,25,24,49954,38100,49955,23,214],"class_list":{"0":"post-173125","1":"post","2":"type-post","3":"status-publish","4":"format-standard","5":"has-post-thumbnail","7":"category-tv","8":"tag-entertainment","9":"tag-entretenimiento","10":"tag-es","11":"tag-espana","12":"tag-final-monteverde","13":"tag-monteverde","14":"tag-padre-gabriel-monteverde","15":"tag-spain","16":"tag-tv"},"share_on_mastodon":{"url":"","error":""},"_links":{"self":[{"href":"https:\/\/www.europesays.com\/es\/wp-json\/wp\/v2\/posts\/173125","targetHints":{"allow":["GET"]}}],"collection":[{"href":"https:\/\/www.europesays.com\/es\/wp-json\/wp\/v2\/posts"}],"about":[{"href":"https:\/\/www.europesays.com\/es\/wp-json\/wp\/v2\/types\/post"}],"author":[{"embeddable":true,"href":"https:\/\/www.europesays.com\/es\/wp-json\/wp\/v2\/users\/2"}],"replies":[{"embeddable":true,"href":"https:\/\/www.europesays.com\/es\/wp-json\/wp\/v2\/comments?post=173125"}],"version-history":[{"count":0,"href":"https:\/\/www.europesays.com\/es\/wp-json\/wp\/v2\/posts\/173125\/revisions"}],"wp:featuredmedia":[{"embeddable":true,"href":"https:\/\/www.europesays.com\/es\/wp-json\/wp\/v2\/media\/173126"}],"wp:attachment":[{"href":"https:\/\/www.europesays.com\/es\/wp-json\/wp\/v2\/media?parent=173125"}],"wp:term":[{"taxonomy":"category","embeddable":true,"href":"https:\/\/www.europesays.com\/es\/wp-json\/wp\/v2\/categories?post=173125"},{"taxonomy":"post_tag","embeddable":true,"href":"https:\/\/www.europesays.com\/es\/wp-json\/wp\/v2\/tags?post=173125"}],"curies":[{"name":"wp","href":"https:\/\/api.w.org\/{rel}","templated":true}]}}