{"id":173127,"date":"2025-10-13T03:37:09","date_gmt":"2025-10-13T03:37:09","guid":{"rendered":"https:\/\/www.europesays.com\/es\/173127\/"},"modified":"2025-10-13T03:37:09","modified_gmt":"2025-10-13T03:37:09","slug":"emilio-larraz-toma-las-riendas-del-real-zaragoza-y-dirigira-el-entrenamiento-de-este-lunes","status":"publish","type":"post","link":"https:\/\/www.europesays.com\/es\/173127\/","title":{"rendered":"Emilio Larraz toma las riendas del Real Zaragoza y dirigir\u00e1 el entrenamiento de este lunes"},"content":{"rendered":"<p class=\"paragraph\">Emilio Larraz dirigir\u00e1 este lunes el primer entrenamiento del Real Zaragoza para preparar el partido contra la Cultural Leonesa. El hasta ahora t\u00e9cnico del filial <a href=\"https:\/\/www.heraldo.es\/noticias\/deportes\/futbol\/real-zaragoza\/2025\/10\/12\/el-real-zaragoza-despide-a-gabi-y-emilio-larraz-asume-el-primer-equipo-1861330.html\" title=\"El Real Zaragoza despide a Gabi y la idea es que Emilio Larraz asuma el primer equipo\" rel=\"nofollow noopener\" target=\"_blank\">toma las riendas del primer equipo, como ha avanzado HERALDO<\/a> este domingo, tras la destituci\u00f3n de Gabi Fern\u00e1ndez. <b>El club ha anunciado que el entrenador de la casa se estrenar\u00e1 este lunes en la Ciudad Deportiva,<\/b> dirigiendo al equipo en la primera sesi\u00f3n semanal para comenzar a preparar el trascendental partido del pr\u00f3ximo s\u00e1bado.<\/p>\n<p class=\"paragraph\">Despu\u00e9s de barajar distintos escenarios tras tomar la decisi\u00f3n de cesar a Gabi, el Real Zaragoza, con Txema Indias a la cabeza,<b> decidi\u00f3 dar a Larraz la responsabilidad de llevar al primer equipo<\/b>. Se han mirado opciones de entrenadores fuera del club, y no se van a cerrar algunas de esas posibilidades, ya que no es descartable que pueda haber una contrataci\u00f3n si no se ve una reacci\u00f3n r\u00e1pida en el equipo. Pero el club ha decidido mirar primero a la casa y, ante la situaci\u00f3n del mercado, dar al entrenador del Deportivo Arag\u00f3n la misi\u00f3n de guiar al equipo en este complicado momento. Al menos, de momento.<\/p>\n<p class=\"paragraph\">Emilio Larraz, t\u00e9cnico con 1.000 partidos a sus espaldas en el f\u00fatbol modesto, <b>se planta as\u00ed ante su primera oportunidad de dirigir al Real Zaragoza en un partido oficial<\/b>. Con poco tiempo para dejar su sello, el t\u00e9cnico tratar\u00e1 de buscar la reacci\u00f3n de un equipo que es colista de Segunda Divisi\u00f3n, y que en el Ibercaja Estadio recibir\u00e1 a otro equipo de la parte baja de la tabla como la Cultural Leonesa.\u00a0 \u00a0<\/p>\n","protected":false},"excerpt":{"rendered":"Emilio Larraz dirigir\u00e1 este lunes el primer entrenamiento del Real Zaragoza para preparar el partido contra la Cultural&hellip;\n","protected":false},"author":2,"featured_media":173128,"comment_status":"","ping_status":"","sticky":false,"template":"","format":"standard","meta":{"footnotes":""},"categories":[93],"tags":[168,11914,13836,8346,25,24,48386,23,167,491],"class_list":{"0":"post-173127","1":"post","2":"type-post","3":"status-publish","4":"format-standard","5":"has-post-thumbnail","7":"category-deportes","8":"tag-deportes","9":"tag-dirigira","10":"tag-emilio","11":"tag-entrenamiento","12":"tag-es","13":"tag-espana","14":"tag-larraz","15":"tag-spain","16":"tag-sports","17":"tag-zaragoza"},"share_on_mastodon":{"url":"","error":""},"_links":{"self":[{"href":"https:\/\/www.europesays.com\/es\/wp-json\/wp\/v2\/posts\/173127","targetHints":{"allow":["GET"]}}],"collection":[{"href":"https:\/\/www.europesays.com\/es\/wp-json\/wp\/v2\/posts"}],"about":[{"href":"https:\/\/www.europesays.com\/es\/wp-json\/wp\/v2\/types\/post"}],"author":[{"embeddable":true,"href":"https:\/\/www.europesays.com\/es\/wp-json\/wp\/v2\/users\/2"}],"replies":[{"embeddable":true,"href":"https:\/\/www.europesays.com\/es\/wp-json\/wp\/v2\/comments?post=173127"}],"version-history":[{"count":0,"href":"https:\/\/www.europesays.com\/es\/wp-json\/wp\/v2\/posts\/173127\/revisions"}],"wp:featuredmedia":[{"embeddable":true,"href":"https:\/\/www.europesays.com\/es\/wp-json\/wp\/v2\/media\/173128"}],"wp:attachment":[{"href":"https:\/\/www.europesays.com\/es\/wp-json\/wp\/v2\/media?parent=173127"}],"wp:term":[{"taxonomy":"category","embeddable":true,"href":"https:\/\/www.europesays.com\/es\/wp-json\/wp\/v2\/categories?post=173127"},{"taxonomy":"post_tag","embeddable":true,"href":"https:\/\/www.europesays.com\/es\/wp-json\/wp\/v2\/tags?post=173127"}],"curies":[{"name":"wp","href":"https:\/\/api.w.org\/{rel}","templated":true}]}}