{"id":173137,"date":"2025-10-13T03:42:07","date_gmt":"2025-10-13T03:42:07","guid":{"rendered":"https:\/\/www.europesays.com\/es\/173137\/"},"modified":"2025-10-13T03:42:07","modified_gmt":"2025-10-13T03:42:07","slug":"la-reaccion-del-gobierno-espanol-es-deplorable","status":"publish","type":"post","link":"https:\/\/www.europesays.com\/es\/173137\/","title":{"rendered":"\u00abLa reacci\u00f3n del Gobierno espa\u00f1ol es deplorable\u00bb"},"content":{"rendered":"<p style=\"\">El comit\u00e9 noruego no revela los patrocinios del premio Nobel de la Paz, pero despu\u00e9s del robo de las elecciones venezolanas de julio de 2024 por parte de Nicol\u00e1s Maduro, en Chile se inici\u00f3 una campa\u00f1a entre su sociedad civil para que se lo dieran a &#8230; <a href=\"https:\/\/www.abc.es\/internacional\/maria-corina-machado-mujer-desafia-chavismo-clandestinidad-20251010125749-nt.html\" target=\"_self\" data-voc-vtm-id=\"in-text-traffic\" title=\" Mar\u00eda Corina Machado\" data-mrf-link=\"www.abc.es\" rel=\"nofollow noopener\"> Mar\u00eda Corina Machado<\/a>. La idea parti\u00f3 del exrepresentante de la ONU en Espa\u00f1a, Jos\u00e9 Rodr\u00edguez Elizondo (Santiago de Chile, 1936), abogado, profesor, periodista y diplom\u00e1tico, quien junto a dos amigos comenz\u00f3 a reunir firmas de chilenos destacados. El 24 de noviembre de 2024, Elizondo present\u00f3 formalmente la candidatura ante el comit\u00e9 Nobel. <\/p>\n<p class=\"voc-p\" style=\"\"><strong>\u2014\u00bfC\u00f3mo surgi\u00f3 la iniciativa de proponer a Mar\u00eda Corina Machado para el Nobel de la Paz?<\/strong><\/p>\n<p class=\"voc-p\" style=\"\">\u2014Naci\u00f3 de la convicci\u00f3n, compartida con Mar\u00eda Alicia Ruiz-Tagle y Sergio Mu\u00f1oz Riveros, de que la pol\u00edtica tambi\u00e9n se hace con sentimientos. No solo con c\u00e1lculos sobre correlaci\u00f3n de fuerzas. As\u00ed fue como nuestra admiraci\u00f3n por el liderazgo heroico de Mar\u00eda Corina tuvo como contrapunto el rechazo a los &#8216;juegos de tronos&#8217;. Esos que, mediante condenas ret\u00f3ricas y cr\u00e9ditos sin resguardo estaban dejando manos libres a la dictadura. As\u00ed cuaj\u00f3 nuestra convicci\u00f3n de que el Nobel de la Paz ser\u00eda m\u00e1s que un reconocimiento para la l\u00edder venezolana. Adem\u00e1s ser\u00eda un escudo para protegerla, pues nadie puede ignorar que se estaba jugando la vida. Resultado: nos constituimos en &#8216;petit comit\u00e9&#8217; ciudadano, sin patrocinio pol\u00edtico alguno y comenzamos a convocar firmantes. <\/p>\n<p class=\"voc-p\" style=\"\"><strong>\u2014\u00bfContaron con el respaldo del Gobierno chileno?<\/strong><\/p>\n<p class=\"voc-p\" style=\"\">\u2014Por la naturaleza del tema, solicitamos apoyo al canciller Alberto Van Klaveren, a sabiendas de que tendr\u00eda que consultar al presidente de la Rep\u00fablica. No tuvimos respuesta, quiz\u00e1 porque la relaci\u00f3n con Venezuela ya estaba demasiado crispada. Pero, para nuestra alegr\u00eda, este viernes el canciller felicit\u00f3 a Mar\u00eda Corina por \u00abliderar con gran valent\u00eda la lucha pol\u00edtica y pac\u00edfica contra el r\u00e9gimen\u00bb. Obviamente, es la postura del Gobierno de Chile.<\/p>\n<p class=\"voc-p\" style=\"\"><strong>\u2014\u00bfEsperaban este resultado?<\/strong><\/p>\n<p class=\"voc-p\" style=\"\">\u2014Francamente, s\u00ed. M\u00e1s que por an\u00e1lisis, por la percepci\u00f3n de que Mar\u00eda Corina interpreta a quienes, en Noruega y en cualquier pa\u00eds, exigen m\u00e1s coraje y menos ret\u00f3rica a los pol\u00edticos que se reclaman democr\u00e1ticos. Es una l\u00edder que combina la idea con la acci\u00f3n valiente, no en una asamblea, sino en un r\u00e9gimen con prontuario poco recomendable. <\/p>\n<p class=\"voc-p\" style=\"\"><strong>\u2014\u00bfCu\u00e1l es el argumento que cree que fue m\u00e1s convincente?<\/strong><\/p>\n<p class=\"voc-p\" style=\"\">\u2014Si me pongo en modo &#8216;mente noruega&#8217;, creo que domin\u00f3 la &#8216;l\u00ednea Mandela&#8217;. Esto es, la de contribuir a liberar y\/o proteger a una hero\u00edna de la lucha pac\u00edfica por la democracia y la libertad. En el caso de Mar\u00eda Corina, ya estaba claro que en eso consist\u00eda su lucha, que su clandestinidad era una c\u00e1rcel virtual y que el premio pod\u00eda ser un escudo antisicariato.<\/p>\n<p class=\"voc-p\" style=\"\"><strong>\u2014\u00bfCree que esto contribuir\u00e1 a la transici\u00f3n a la democracia en Venezuela?<\/strong><\/p>\n<p class=\"voc-p\" style=\"\">\u2014Por supuesto. Negarlo ser\u00eda pensar que no hay que intentar moverle el piso a las dictaduras.<\/p>\n<p class=\"voc-p\" style=\"\"><strong>\u2014\u00bfQu\u00e9 le ha parecido la reacci\u00f3n (o no reacci\u00f3n) del Gobierno espa\u00f1ol?<\/strong><\/p>\n<p class=\"voc-p\" style=\"\">\u2014Deplorable. <\/p>\n<p class=\"voc-p\" style=\"\"><strong>\u2014\u00bfA qu\u00e9 lo atribuye?<\/strong><\/p>\n<p class=\"voc-p\" style=\"\">\u2014A los &#8216;juegos de tronos&#8217;, por supuesto. S\u00f3lo en las utop\u00edas buenistas los dictadores son un\u00e1nimemente repudiados por todos los gobernantes del arco democr\u00e1tico. En el caso de Espa\u00f1a, pienso que Felipe Gonz\u00e1lez habr\u00eda sido muy expresivo para alegrarse por la decisi\u00f3n noruega. Tambi\u00e9n quiero creer que el Rey, es decir el trono real, desear\u00eda felicitar a Mar\u00eda Corina. Me consta que su padre no disimulaba su rechazo a Augusto Pinochet, quien, comparado con el dictador venezolano, hoy luce solo como \u00abautoritario\u00bb.<\/p>\n<p class=\"voc-p\" style=\"\"><strong>\u2014En Espa\u00f1a hay voces que vinculan a Machado con partidos de ultraderecha. \u00bfEs as\u00ed?<\/strong><\/p>\n<p class=\"voc-p\" style=\"\">\u2014Como los viejos escol\u00e1sticos, me tienta contrapreguntar: \u00bfqu\u00e9 significa \u00abvincular\u00bb y d\u00f3nde est\u00e1 el l\u00edmite democr\u00e1tico entre las derechas y las ultraderechas? Para la primera pregunta, tengo a mano a Winston Churchill sobre el acuerdo anglo-sovi\u00e9tico de 1941. Explicando su t\u00e1cita vinculaci\u00f3n con Stalin, dijo que \u00absi Hitler invadiera el infierno, yo har\u00eda una referencia favorable al diablo en la C\u00e1mara de los Comunes\u00bb. Respecto a la segunda, recuerdo el libro de estilo de un peri\u00f3dico que conten\u00eda en su l\u00e9xico la voz \u00abultraderecha\u00bb, pero\u2026 ignoraba la voz \u00abultraizquierda\u00bb. Son los eufemismos y cancelaciones propias de esta \u00e9poca, en la cual la denuncia de la crisis de las ideolog\u00edas totales se est\u00e1 confundiendo con el repudio al pensamiento cr\u00edtico.<\/p>\n<p class=\"voc-p\" style=\"\"><strong>\u2014Usted y Sergio Mu\u00f1oz militaron en el PC chileno y sufrieron exilio por eso. \u00bfQu\u00e9 cree que es ser hoy comunista?<\/strong><\/p>\n<p class=\"voc-p\" style=\"\">\u2014Eso dio para un libro que escrib\u00ed el siglo pasado: Crisis y renovaci\u00f3n de las izquierdas. Ah\u00ed narro mi breve paso por el PC chileno y mi aleccionador exilio en la RDA. A partir de esas experiencias lejanas hoy soy un extremista de centro. S\u00f3lo agrego que el PC de la \u00e9poca de Allende era motejado de \u00abreformista\u00bb por los &#8216;verdaderos revolucionarios&#8217; y de hecho fue una especie de modelo para el eurocomunismo. El PC de hoy se declara marxista-leninista y yo agregar\u00eda \u00abcastrista\u00bb. Sergio Mu\u00f1oz es quien mejor domina estos temas en Chile, porque fue dirigente del PC desde su juventud y hoy es un gran escritor independiente. En parte importante, sus textos me recuerdan a Fernando Claud\u00edn y a Jorge Sempr\u00fan, a quien conoc\u00ed como ministro de Felipe Gonz\u00e1lez.<\/p>\n<p class=\"voc-p\" style=\"\"><strong>\u2014Fue representante de la ONU en Espa\u00f1a en tiempos de Javier P\u00e9rez de Cu\u00e9llar. \u00bfQu\u00e9 balance de la ONU hace a los 80 a\u00f1os de su creaci\u00f3n? \u00bfCumple su misi\u00f3n?<\/strong><\/p>\n<p class=\"voc-p\" style=\"\">\u2014Fue un honor haber trabajado con ese jefe. P\u00e9rez de Cu\u00e9llar fue el mejor secretario general de la lista hist\u00f3rica. Gracias a su gesti\u00f3n la ONU pudo ser relevante en lo suyo: la pacificaci\u00f3n. Como pruebas objetivas, obtuvo el Premio Pr\u00edncipe de Asturias y el Nobel de la Paz para los Cascos Azules. Hoy veo una ONU resignada a que otros asuman su funci\u00f3n primaria. Era fatal: a ocho d\u00e9cadas del fin de la Segunda Guerra Mundial, los cinco miembros permanentes del Consejo de Seguridad no abren paso a una perestroika.<\/p>\n","protected":false},"excerpt":{"rendered":"El comit\u00e9 noruego no revela los patrocinios del premio Nobel de la Paz, pero despu\u00e9s del robo de&hellip;\n","protected":false},"author":2,"featured_media":173138,"comment_status":"","ping_status":"","sticky":false,"template":"","format":"standard","meta":{"footnotes":""},"categories":[42],"tags":[17,18,35106,49958,9667,1489,13,14,582,11,61,62,63,64,2467,19,20,1932,9,35262,10,15,16,23929,9173,416,12,21,22,65,66,67],"class_list":{"0":"post-173137","1":"post","2":"type-post","3":"status-publish","4":"format-standard","5":"has-post-thumbnail","7":"category-internacional","8":"tag-breaking-news","9":"tag-breakingnews","10":"tag-corina","11":"tag-deplorable","12":"tag-elizondo","13":"tag-espanol","14":"tag-featured-news","15":"tag-featurednews","16":"tag-gobierno","17":"tag-headlines","18":"tag-internacional","19":"tag-international","20":"tag-international-news","21":"tag-internationalnews","22":"tag-jose","23":"tag-latest-news","24":"tag-latestnews","25":"tag-maria","26":"tag-news","27":"tag-nobel","28":"tag-noticias","29":"tag-noticias-destacadas","30":"tag-noticiasdestacadas","31":"tag-promotor","32":"tag-reaccion","33":"tag-rodriguez","34":"tag-titulares","35":"tag-ultimas-noticias","36":"tag-ultimasnoticias","37":"tag-world","38":"tag-world-news","39":"tag-worldnews"},"share_on_mastodon":{"url":"","error":""},"_links":{"self":[{"href":"https:\/\/www.europesays.com\/es\/wp-json\/wp\/v2\/posts\/173137","targetHints":{"allow":["GET"]}}],"collection":[{"href":"https:\/\/www.europesays.com\/es\/wp-json\/wp\/v2\/posts"}],"about":[{"href":"https:\/\/www.europesays.com\/es\/wp-json\/wp\/v2\/types\/post"}],"author":[{"embeddable":true,"href":"https:\/\/www.europesays.com\/es\/wp-json\/wp\/v2\/users\/2"}],"replies":[{"embeddable":true,"href":"https:\/\/www.europesays.com\/es\/wp-json\/wp\/v2\/comments?post=173137"}],"version-history":[{"count":0,"href":"https:\/\/www.europesays.com\/es\/wp-json\/wp\/v2\/posts\/173137\/revisions"}],"wp:featuredmedia":[{"embeddable":true,"href":"https:\/\/www.europesays.com\/es\/wp-json\/wp\/v2\/media\/173138"}],"wp:attachment":[{"href":"https:\/\/www.europesays.com\/es\/wp-json\/wp\/v2\/media?parent=173137"}],"wp:term":[{"taxonomy":"category","embeddable":true,"href":"https:\/\/www.europesays.com\/es\/wp-json\/wp\/v2\/categories?post=173137"},{"taxonomy":"post_tag","embeddable":true,"href":"https:\/\/www.europesays.com\/es\/wp-json\/wp\/v2\/tags?post=173137"}],"curies":[{"name":"wp","href":"https:\/\/api.w.org\/{rel}","templated":true}]}}