{"id":173165,"date":"2025-10-13T04:03:09","date_gmt":"2025-10-13T04:03:09","guid":{"rendered":"https:\/\/www.europesays.com\/es\/173165\/"},"modified":"2025-10-13T04:03:09","modified_gmt":"2025-10-13T04:03:09","slug":"galaxy-s25-fe-llega-a-peru-asi-es-uno-de-los-celulares-premium-mas-accesibles-del-pais","status":"publish","type":"post","link":"https:\/\/www.europesays.com\/es\/173165\/","title":{"rendered":"Galaxy S25 FE llega a Per\u00fa: as\u00ed es uno de los celulares premium m\u00e1s accesibles del pa\u00eds"},"content":{"rendered":"<p><img alt=\"El Galaxy S25 FE en\" class=\"global-image\" decoding=\"async\" fetchpriority=\"high\" height=\"952\" loading=\"eager\" src=\"https:\/\/www.europesays.com\/es\/wp-content\/uploads\/2025\/10\/OAJ2CB7RPNHGRKYXBOOHAPOK6I.jpg\" width=\"1920\"\/>El Galaxy S25 FE en Per\u00fa se caracteriza por su enfoque en la versatilidad y el rendimiento.<br \/>\nSAMSUNG<\/p>\n<p class=\"paragraph\">El reciente lanzamiento del <a href=\"https:\/\/www.infobae.com\/tecno\/2025\/10\/07\/galaxy-s25-fe-llega-con-una-alianza-inedita-con-pokemon-go\/\" target=\"_blank\" rel=\"noreferrer nofollow noopener\" title=\"https:\/\/www.infobae.com\/tecno\/2025\/10\/07\/galaxy-s25-fe-llega-con-una-alianza-inedita-con-pokemon-go\/\">Galaxy S25 FE<\/a> marca un nuevo hito en la estrategia de <b>Samsung <\/b>para ampliar el acceso a la tecnolog\u00eda de la serie premium Galaxy S en el mercado peruano. Concebido como una opci\u00f3n m\u00e1s asequible para los usuarios que buscan funcionalidades avanzadas, dise\u00f1o moderno y capacidades superiores en fotograf\u00eda e inteligencia artificial, el S25 FE integra los principales avances de la familia Galaxy, especialmente en rendimiento y seguridad. <\/p>\n<p class=\"paragraph\">El <b>Galaxy S25 FE en Per\u00fa<\/b> se caracteriza por su enfoque en la versatilidad y el rendimiento, dos elementos esenciales para quienes buscan un dispositivo capaz de adaptarse a diversas exigencias diarias. El <a href=\"https:\/\/www.infobae.com\/tecno\/2025\/08\/04\/7-celulares-de-gama-media-con-mejor-rendimiento-en-2025\/\" target=\"_blank\" rel=\"noreferrer nofollow noopener\" title=\"https:\/\/www.infobae.com\/tecno\/2025\/08\/04\/7-celulares-de-gama-media-con-mejor-rendimiento-en-2025\/\">smartphone <\/a>incorpora una pantalla inmersiva de 6,7 pulgadas con una tasa de refresco de 120Hz y un brillo de hasta 1.900 nits, una combinaci\u00f3n que optimiza la experiencia visual tanto en interiores como bajo luz solar intensa. Todo esto se traduce en im\u00e1genes fluidas, colores vibrantes y un alto nivel de detalle incluso en ambientes exteriores. <\/p>\n<p class=\"paragraph\">Cuenta con un dise\u00f1o delgado, ligero y pensado para un uso c\u00f3modo durante largas jornadas. Adem\u00e1s, la bater\u00eda de 4.900 mAh y un sistema avanzado de enfriamiento le permiten mantener un desempe\u00f1o fluido incluso en situaciones que exigen grandes recursos, como el gaming, la edici\u00f3n de video o la multitarea intensa. <\/p>\n<p><img alt=\" El smartphone incorpora una\" class=\"global-image\" decoding=\"async\" fetchpriority=\"low\" height=\"1080\" loading=\"lazy\" src=\"https:\/\/www.europesays.com\/es\/wp-content\/uploads\/2025\/10\/OGIRRH36YNHGZCGEGD26MMF7L4.png\" width=\"1920\"\/> El smartphone incorpora una pantalla inmersiva de 6,7 pulgadas con una tasa de refresco de 120Hz.<br \/>\n(businessempresarial.com.pe)<\/p>\n<p class=\"paragraph\">En palabras de Manuel Cigar\u00e1n, director de Mobile Experience en Samsung Per\u00fa, el lanzamiento \u201cpone al alcance de m\u00e1s usuarios lo mejor de nuestra tecnolog\u00eda. Queremos que m\u00e1s personas disfruten de un dispositivo con un dise\u00f1o distintivo, c\u00e1maras que realmente marcan la diferencia y la seguridad que siempre ofrece Samsung\u201d. <\/p>\n<p class=\"paragraph\">Seg\u00fan el directivo, la propuesta busca \u201cdemocratizar la innovaci\u00f3n, brindando un smartphone que no solo responde a las necesidades del d\u00eda a d\u00eda, sino que tambi\u00e9n eleva la experiencia m\u00f3vil con<b> Inteligencia Artificial<\/b>, actualizaciones de largo plazo y un rendimiento pensado para acompa\u00f1arlos por muchos a\u00f1os\u201d. <\/p>\n<p class=\"paragraph\">Uno de los grandes diferenciadores del Galaxy S25 FE es su triple sistema de c\u00e1maras impulsado por IA.<b> El dispositivo equipa una c\u00e1mara principal de 50 megap\u00edxeles<\/b>, un teleobjetivo de 8 megap\u00edxeles y un ultra gran angular de 12 megap\u00edxeles, junto a una c\u00e1mara frontal de 12 megap\u00edxeles. <\/p>\n<p><img alt=\"Samsung ampl\u00eda el acceso a\" class=\"global-image\" decoding=\"async\" fetchpriority=\"low\" height=\"2001\" loading=\"lazy\" src=\"https:\/\/www.europesays.com\/es\/wp-content\/uploads\/2025\/10\/OQT4MJDWVJCDLKGNNLWPYUPHLQ.JPG\" width=\"3000\"\/>Samsung ampl\u00eda el acceso a tel\u00e9fonos m\u00f3viles de gama alta.<\/p>\n<p>REUTERS\/Dado Ruvic <\/p>\n<p class=\"paragraph\">No se trata solo de la cantidad de megap\u00edxeles, sino de la integraci\u00f3n de inteligencia artificial para mejorar la experiencia fotogr\u00e1fica: detecci\u00f3n de rostros, HDR avanzado, edici\u00f3n generativa y optimizaciones autom\u00e1ticas hacen posible capturar y transformar recuerdos con resultados de calidad profesional. <\/p>\n<p class=\"paragraph\">La combinaci\u00f3n de hardware s\u00f3lido y soluciones de software permite a los usuarios registrar y editar contenido visual de manera creativa y sencilla. El sistema integra <b>herramientas inteligentes<\/b> que facilitan la composici\u00f3n y el retoque de im\u00e1genes, asegurando que cada foto refleje tanto la realidad como la visi\u00f3n art\u00edstica del usuario. <\/p>\n<p class=\"paragraph\">En materia de seguridad digital, la compa\u00f1\u00eda refuerza su propuesta con la plataforma Samsung Knox. Los datos almacenados en el dispositivo permanecen protegidos frente a amenazas externas, en un contexto donde la privacidad cobra una relevancia creciente para los consumidores. <\/p>\n<p class=\"paragraph\">Adem\u00e1s, el compromiso de la empresa con la longevidad del producto se plasma en las 7 generaciones de actualizaciones de software y <b>7 a\u00f1os de actualizaciones de seguridad<\/b>. <\/p>\n<p><img alt=\"Dentro de estas tiendas seleccionadas\" class=\"global-image\" decoding=\"async\" fetchpriority=\"low\" height=\"1080\" loading=\"lazy\" src=\"https:\/\/www.europesays.com\/es\/wp-content\/uploads\/2025\/10\/Y4GN73UZ5FCUNC72J2LCJXZKIA.png\" width=\"1920\"\/>Dentro de estas tiendas seleccionadas se llevar\u00e1n a cabo activaciones tem\u00e1ticas que potencian la experiencia del usuario. (Composici\u00f3n Infobae: Europa Press \/ Samsung)<\/p>\n<p class=\"paragraph\">Samsung ha acompa\u00f1ado la llegada del Galaxy S25 FE a Per\u00fa con una serie de beneficios exclusivos para los usuarios. Entre las novedades, destaca una alianza regional con Pok\u00e9mon GO, que transforma las tiendas de la marca en <b>Pok\u00e9paradas especiales <\/b>y otorga recompensas \u00fanicas a quienes adquieren el nuevo smartphone. <\/p>\n<p class=\"paragraph\">Mauricio Revollar, Gerente de IMC y PR en Samsung Per\u00fa, puntualiz\u00f3 que \u201ccomo parte del lanzamiento, tenemos beneficios exclusivos para todos los usuarios. Por ejemplo, tenemos una alianza regional con Pok\u00e9mon GO que convertir\u00e1 nuestras tiendas en Pok\u00e9paradas especiales y brindaremos recompensas \u00fanicas a quienes adquieran un Galaxy S25 FE\u201d. <\/p>\n<p><img alt=\"El cup\u00f3n puede utilizarse para\" class=\"global-image\" decoding=\"async\" fetchpriority=\"low\" height=\"1080\" loading=\"lazy\" src=\"https:\/\/www.europesays.com\/es\/wp-content\/uploads\/2025\/10\/33D2I4VJRVGSLKPO3Q5GSGCAOM.png\" width=\"1920\"\/>El cup\u00f3n puede utilizarse para conseguir Pok\u00e9monedas, boletos para eventos internos y otros recursos digitales. (Samsung)<\/p>\n<p class=\"paragraph\">El dispositivo ya se encuentra disponible en cuatro colores y versiones desde<b> 128 GB<\/b>, lo que permite a los usuarios elegir el modelo que mejor se adapta a sus preferencias y necesidades de almacenamiento. <\/p>\n<p class=\"paragraph\">Con la presentaci\u00f3n del Galaxy S25 FE en Per\u00fa, Samsung reafirma su estrategia de llevar la innovaci\u00f3n y la tecnolog\u00eda de alta gama a un sector creciente de la poblaci\u00f3n. Al ofrecer caracter\u00edsticas propias de la serie premium Galaxy S en un dispositivo m\u00e1s accesible, la marca responde a las demandas de los consumidores contempor\u00e1neos, quienes priorizan un equilibrio entre funcionalidad, seguridad, dise\u00f1o y precio. <\/p>\n","protected":false},"excerpt":{"rendered":"El Galaxy S25 FE en Per\u00fa se caracteriza por su enfoque en la versatilidad y el rendimiento. SAMSUNG&hellip;\n","protected":false},"author":2,"featured_media":173166,"comment_status":"","ping_status":"","sticky":false,"template":"","format":"standard","meta":{"footnotes":""},"categories":[81],"tags":[119,123,124,25,24,406,117,121,122,23,118,120],"class_list":{"0":"post-173165","1":"post","2":"type-post","3":"status-publish","4":"format-standard","5":"has-post-thumbnail","7":"category-ciencia-y-tecnologia","8":"tag-ciencia","9":"tag-ciencia-y-tecnologia","10":"tag-cienciaytecnologia","11":"tag-es","12":"tag-espana","13":"tag-europe","14":"tag-science","15":"tag-science-and-technology","16":"tag-scienceandtechnology","17":"tag-spain","18":"tag-technology","19":"tag-tecnologia"},"share_on_mastodon":{"url":"","error":""},"_links":{"self":[{"href":"https:\/\/www.europesays.com\/es\/wp-json\/wp\/v2\/posts\/173165","targetHints":{"allow":["GET"]}}],"collection":[{"href":"https:\/\/www.europesays.com\/es\/wp-json\/wp\/v2\/posts"}],"about":[{"href":"https:\/\/www.europesays.com\/es\/wp-json\/wp\/v2\/types\/post"}],"author":[{"embeddable":true,"href":"https:\/\/www.europesays.com\/es\/wp-json\/wp\/v2\/users\/2"}],"replies":[{"embeddable":true,"href":"https:\/\/www.europesays.com\/es\/wp-json\/wp\/v2\/comments?post=173165"}],"version-history":[{"count":0,"href":"https:\/\/www.europesays.com\/es\/wp-json\/wp\/v2\/posts\/173165\/revisions"}],"wp:featuredmedia":[{"embeddable":true,"href":"https:\/\/www.europesays.com\/es\/wp-json\/wp\/v2\/media\/173166"}],"wp:attachment":[{"href":"https:\/\/www.europesays.com\/es\/wp-json\/wp\/v2\/media?parent=173165"}],"wp:term":[{"taxonomy":"category","embeddable":true,"href":"https:\/\/www.europesays.com\/es\/wp-json\/wp\/v2\/categories?post=173165"},{"taxonomy":"post_tag","embeddable":true,"href":"https:\/\/www.europesays.com\/es\/wp-json\/wp\/v2\/tags?post=173165"}],"curies":[{"name":"wp","href":"https:\/\/api.w.org\/{rel}","templated":true}]}}