{"id":173174,"date":"2025-10-13T04:08:08","date_gmt":"2025-10-13T04:08:08","guid":{"rendered":"https:\/\/www.europesays.com\/es\/173174\/"},"modified":"2025-10-13T04:08:08","modified_gmt":"2025-10-13T04:08:08","slug":"el-luceros-suma-y-sigue-a-costa-del-farolillo-rojo","status":"publish","type":"post","link":"https:\/\/www.europesays.com\/es\/173174\/","title":{"rendered":"El Luceros suma y sigue a costa del farolillo rojo"},"content":{"rendered":"<p class=\"ft-text\"><strong>33-31<\/strong><\/p>\n<p class=\"ft-text\"><strong>Automan\u00eda Luceros &#8211; Tacoronte<\/strong><\/p>\n<p class=\"ft-text\"><strong>AUTOMAN\u00cdA LUCEROS:<\/strong> Mateo yRodal; Eloy (2), William (5), Moro (6), Mendui\u00f1a (2), Xurxo (3), Xandre, Josemi, Rahim (1), Mart\u00edn (4), Iago (19), Doder, Christian, Gir\u00e1ldez y Ux\u00edo.<\/p>\n<p class=\"ft-text\"><strong>TACORONTE: J<\/strong>uanjo, Gallart (1), Javi (5), Mario (2), Alonso, M\u00e1rkel (8), David (2), Miguel (4), Adri\u00e1n (9), Carlos, Fumero y Urrutia.<\/p>\n<p class=\"ft-text\"><strong>MARCADOR CADA CINCO MINUTOS:<\/strong> 3-4; 6-4; 7-7; 10-9; 14-12; 16-14 (descanso); 18-16; 22-16; 26-20; 31-23; 33-27; y 33-31.<\/p>\n","protected":false},"excerpt":{"rendered":"33-31 Automan\u00eda Luceros &#8211; Tacoronte AUTOMAN\u00cdA LUCEROS: Mateo yRodal; Eloy (2), William (5), Moro (6), Mendui\u00f1a (2), Xurxo&hellip;\n","protected":false},"author":2,"featured_media":173175,"comment_status":"","ping_status":"","sticky":false,"template":"","format":"standard","meta":{"footnotes":""},"categories":[278],"tags":[11327,376,42447,2828,168,437,25,24,18757,375,11328,11326,1262,23,167,4991,35747],"class_list":{"0":"post-173174","1":"post","2":"type-post","3":"status-publish","4":"format-standard","5":"has-post-thumbnail","7":"category-balonmano","8":"tag-automania-luceros","9":"tag-balonmano","10":"tag-balonmano-luceros","11":"tag-costa","12":"tag-deportes","13":"tag-encuentro","14":"tag-es","15":"tag-espana","16":"tag-farolillo","17":"tag-handball","18":"tag-luceros","19":"tag-primera-nacional-balonmano","20":"tag-sigue","21":"tag-spain","22":"tag-sports","23":"tag-suma","24":"tag-tacoronte"},"share_on_mastodon":{"url":"","error":""},"_links":{"self":[{"href":"https:\/\/www.europesays.com\/es\/wp-json\/wp\/v2\/posts\/173174","targetHints":{"allow":["GET"]}}],"collection":[{"href":"https:\/\/www.europesays.com\/es\/wp-json\/wp\/v2\/posts"}],"about":[{"href":"https:\/\/www.europesays.com\/es\/wp-json\/wp\/v2\/types\/post"}],"author":[{"embeddable":true,"href":"https:\/\/www.europesays.com\/es\/wp-json\/wp\/v2\/users\/2"}],"replies":[{"embeddable":true,"href":"https:\/\/www.europesays.com\/es\/wp-json\/wp\/v2\/comments?post=173174"}],"version-history":[{"count":0,"href":"https:\/\/www.europesays.com\/es\/wp-json\/wp\/v2\/posts\/173174\/revisions"}],"wp:featuredmedia":[{"embeddable":true,"href":"https:\/\/www.europesays.com\/es\/wp-json\/wp\/v2\/media\/173175"}],"wp:attachment":[{"href":"https:\/\/www.europesays.com\/es\/wp-json\/wp\/v2\/media?parent=173174"}],"wp:term":[{"taxonomy":"category","embeddable":true,"href":"https:\/\/www.europesays.com\/es\/wp-json\/wp\/v2\/categories?post=173174"},{"taxonomy":"post_tag","embeddable":true,"href":"https:\/\/www.europesays.com\/es\/wp-json\/wp\/v2\/tags?post=173174"}],"curies":[{"name":"wp","href":"https:\/\/api.w.org\/{rel}","templated":true}]}}