{"id":173194,"date":"2025-10-13T04:25:06","date_gmt":"2025-10-13T04:25:06","guid":{"rendered":"https:\/\/www.europesays.com\/es\/173194\/"},"modified":"2025-10-13T04:25:06","modified_gmt":"2025-10-13T04:25:06","slug":"enora-desaparece-misteriosamente-del-13-al-17-de-octubre","status":"publish","type":"post","link":"https:\/\/www.europesays.com\/es\/173194\/","title":{"rendered":"Enora desaparece misteriosamente, del 13 al 17 de octubre"},"content":{"rendered":"<p>La misteriosa desaparici\u00f3n de Enora sorprende a To\u00f1o y Manuel, avance semanal de &#8216;La Promesa&#8217; del 13 al 17 de octubre.<\/p>\n<p><img data-no-lazy=\"\" fetchpriority=\"high\" decoding=\"async\" width=\"1215\" height=\"810\" src=\"https:\/\/www.europesays.com\/es\/wp-content\/uploads\/2025\/10\/la-promesa-13oct-00001.jpg\" alt=\"\"  \/><\/p>\n<p>&#8216;La Promesa&#8217; emite esta semana los <a href=\"https:\/\/www.culturaenserie.com\/horarios-y-capitulos-de-la-promesa-y-valle-salvaje-del-13-al-17-de-octubre.html\" rel=\"nofollow noopener\" target=\"_blank\">cap\u00edtulos 695, 696, 697, 698 y 699<\/a> marcados por la llegada de un nuevo personaje y el misterio de Enora.<\/p>\n<p>Adem\u00e1s:<\/p>\n<ul class=\"wp-block-list\">\n<li>Catalina contacta con Adriano<\/li>\n<li>Llega Beltr\u00e1n&#8230; \u00bfnuevo amor para \u00c1ngela?<\/li>\n<li>Martina sorprende a Leocadia<\/li>\n<\/ul>\n<p>Avance del cap\u00edtulo 695 de &#8216;La Promesa&#8217; (lunes, 13 de octubre)<\/p>\n<p>Manuel busca una soluci\u00f3n para Petra, el lunes en &#8216;La Promesa&#8217;.<\/p>\n<p><strong>Leocadia<\/strong> ha pillado a <strong>Curro<\/strong> en su propia alcoba\u2026 \u00a1y con una joya en las manos! La escena es tan impactante como inesperada. \u00bfC\u00f3mo reaccionar\u00e1 el lacayo ante semejante descubrimiento? \u00bfQu\u00e9 significado tiene esa joya? <\/p>\n<p><img loading=\"lazy\" decoding=\"async\" width=\"1215\" height=\"810\" src=\"data:image\/svg+xml,%3Csvg%20xmlns=\" http:=\"\" alt=\"\" data-lazy- data-lazy- data-lazy-src=\"https:\/\/www.europesays.com\/es\/wp-content\/uploads\/2025\/10\/la-promesa-13oct-00002.jpg\"\/><\/p>\n<p>Todo apunta a que <strong>podr\u00edamos estar ante un giro clave en la investigaci\u00f3n sobre la muerte de Jana<\/strong>, y las piezas del rompecabezas empiezan a encajar de forma inquietante.<\/p>\n<p>Mientras tanto, en La Promesa, todos est\u00e1n volcados en un \u00fanico objetivo: <strong>salvar a Petra<\/strong>. El tiempo corre en su contra y la situaci\u00f3n es cr\u00edtica. En un intento desesperado, <strong>Manuel<\/strong> recurre a un amigo y utiliza su avi\u00f3n para <strong>volar hasta Sevilla y conseguir el suero<\/strong> que podr\u00eda marcar la diferencia.<\/p>\n<p>Pero el reloj no perdona, y <strong>parece que la ayuda llegar\u00e1 demasiado tarde<\/strong>. La vida de Petra <strong>pende de un hilo<\/strong>, y su desenlace podr\u00eda ser inminente. El ambiente en el palacio es de m\u00e1xima tensi\u00f3n\u2026 y todos <strong>se preparan para lo peor<\/strong>.<\/p>\n<p>Por otro lado, la conexi\u00f3n entre <strong>Adriano y Martina<\/strong> se fortalece d\u00eda tras d\u00eda. Su complicidad crece y se hace evidente para todos. Especialmente para <strong>Jacobo<\/strong>, que <strong>no oculta sus celos<\/strong> y enfrenta a Martina con dureza, exigi\u00e9ndole que empiece a comportarse como lo que, seg\u00fan \u00e9l, ya es: <strong>su prometida<\/strong>.<\/p>\n<p>En otro frente, la preocupaci\u00f3n se intensifica. <strong>Teresa y Lope<\/strong> est\u00e1n muy nerviosos: <strong>no tienen noticias de Vera desde hace m\u00e1s de 24 horas<\/strong>. <\/p>\n<p>El silencio les pone en alerta, y en su angustia, intentan contactar con <strong>Federico<\/strong>, su hermano, con la esperanza de que impida el encuentro con el <strong>duque de Carril<\/strong>. Pero todos sus esfuerzos son <strong>en vano<\/strong>.<\/p>\n<p><img loading=\"lazy\" decoding=\"async\" width=\"1215\" height=\"810\" src=\"data:image\/svg+xml,%3Csvg%20xmlns=\" http:=\"\" alt=\"\" data-lazy- data-lazy- data-lazy-src=\"https:\/\/www.europesays.com\/es\/wp-content\/uploads\/2025\/10\/la-promesa-13oct-00004.jpg\"\/><\/p>\n<p>De repente, llega una <strong>carta de Ricardo dirigida a P\u00eda<\/strong>, y el contenido deja huella. <strong>Santos<\/strong>, convencido de que ese mensaje lo cambiar\u00e1 todo, est\u00e1 seguro de que <strong>P\u00eda no tardar\u00e1 en marcharse de La Promesa<\/strong> para reunirse con el padre de su hijo. \u00bfSer\u00e1 esa la decisi\u00f3n final de la ama de llaves?<\/p>\n<p>Y mientras algunos planes se tambalean, otros <strong>avanzan con paso firme<\/strong>. <strong>Lorenzo<\/strong>, harto de las actitudes de \u00c1ngela, exige a <strong>Leocadia<\/strong> que aceleren todo: <strong>la boda se celebrar\u00e1 en tres meses<\/strong>, le guste a quien le guste. La presi\u00f3n se intensifica\u2026 y \u00c1ngela no sabe cu\u00e1nto m\u00e1s podr\u00e1 resistir.<\/p>\n<p>Por su parte, <strong>Enora<\/strong> parece tener la cabeza en cualquier parte\u2026 menos en su futura boda con To\u00f1o. Algo la tiene inquieta: <strong>una extra\u00f1a llamada telef\u00f3nica<\/strong> que ha recibido y que <strong>parece esconder un misterio a\u00fan mayor<\/strong>. \u00bfQu\u00e9 estar\u00e1 tramando realmente?<\/p>\n","protected":false},"excerpt":{"rendered":"La misteriosa desaparici\u00f3n de Enora sorprende a To\u00f1o y Manuel, avance semanal de &#8216;La Promesa&#8217; del 13 al&hellip;\n","protected":false},"author":2,"featured_media":173195,"comment_status":"","ping_status":"","sticky":false,"template":"","format":"standard","meta":{"footnotes":""},"categories":[91],"tags":[7377,33696,146,147,25,24,23],"class_list":{"0":"post-173194","1":"post","2":"type-post","3":"status-publish","4":"format-standard","5":"has-post-thumbnail","7":"category-entretenimiento","8":"tag-avance","9":"tag-avances","10":"tag-entertainment","11":"tag-entretenimiento","12":"tag-es","13":"tag-espana","14":"tag-spain"},"share_on_mastodon":{"url":"","error":""},"_links":{"self":[{"href":"https:\/\/www.europesays.com\/es\/wp-json\/wp\/v2\/posts\/173194","targetHints":{"allow":["GET"]}}],"collection":[{"href":"https:\/\/www.europesays.com\/es\/wp-json\/wp\/v2\/posts"}],"about":[{"href":"https:\/\/www.europesays.com\/es\/wp-json\/wp\/v2\/types\/post"}],"author":[{"embeddable":true,"href":"https:\/\/www.europesays.com\/es\/wp-json\/wp\/v2\/users\/2"}],"replies":[{"embeddable":true,"href":"https:\/\/www.europesays.com\/es\/wp-json\/wp\/v2\/comments?post=173194"}],"version-history":[{"count":0,"href":"https:\/\/www.europesays.com\/es\/wp-json\/wp\/v2\/posts\/173194\/revisions"}],"wp:featuredmedia":[{"embeddable":true,"href":"https:\/\/www.europesays.com\/es\/wp-json\/wp\/v2\/media\/173195"}],"wp:attachment":[{"href":"https:\/\/www.europesays.com\/es\/wp-json\/wp\/v2\/media?parent=173194"}],"wp:term":[{"taxonomy":"category","embeddable":true,"href":"https:\/\/www.europesays.com\/es\/wp-json\/wp\/v2\/categories?post=173194"},{"taxonomy":"post_tag","embeddable":true,"href":"https:\/\/www.europesays.com\/es\/wp-json\/wp\/v2\/tags?post=173194"}],"curies":[{"name":"wp","href":"https:\/\/api.w.org\/{rel}","templated":true}]}}