{"id":173214,"date":"2025-10-13T04:40:08","date_gmt":"2025-10-13T04:40:08","guid":{"rendered":"https:\/\/www.europesays.com\/es\/173214\/"},"modified":"2025-10-13T04:40:08","modified_gmt":"2025-10-13T04:40:08","slug":"michelle-salas-recuerda-uno-de-los-momentos-mas-emotivos-de-su-boda-a-pocos-dias-de-su-segundo-aniversario","status":"publish","type":"post","link":"https:\/\/www.europesays.com\/es\/173214\/","title":{"rendered":"Michelle Salas recuerda uno de los momentos m\u00e1s emotivos de su boda, a pocos d\u00edas de su segundo aniversario"},"content":{"rendered":"<p>\n          Michelle Salas tambi\u00e9n celebr\u00f3 su primer a\u00f1o de casada<\/p>\n<p>Durante el \u00faltimo a\u00f1o, <b> <a class=\"Link\" href=\"https:\/\/www.quien.com\/espectaculos\/2024\/10\/15\/michelle-salas-y-danilo-diaz-celebran-su-primer-aniversario-de-bodas?utm_source=internal&amp;utm_medium=link-recommended\" target=\"_blank\" rel=\"nofollow noopener\">Michelle Salas y Danilo D\u00edaz Granados<\/a>  <\/b> han disfrutado de una etapa llena de felicidad como pareja. En su primer aniversario de bodas, celebrado en 2024, la modelo comparti\u00f3 im\u00e1genes de un fin de semana en el campo, donde ambos aprovecharon para relajarse y disfrutar de la tranquilidad y la naturaleza.<\/p>\n<p>             <img loading=\"lazy\" decoding=\"async\" src=\"https:\/\/www.europesays.com\/es\/wp-content\/uploads\/2025\/10\/1760330408_762_\" class=\"lazyload\" alt=\"michelle-salas-danilo-diaz-granados.jpg\"  width=\"1200\" height=\"800\"\/> <\/p>\n<p>              Michelle Salas y Danilo D\u00edaz Granados<br \/>\n              (Instagram\/michellesalas)<\/p>\n<p>\u201c\u00a1M\u00e1s d\u00edas as\u00ed! No saben lo mucho que disfrutamos esos d\u00edas en el campo&#8230; se nos olvida por completo lo importante que es tomarnos un momento para estar presentes, agradecer y disfrutar de las cosas bonitas que nos da la vida\u201d, escribi\u00f3 en ese momento.<\/p>\n<p>Como parte de ese mismo aniversario, <b>Michelle <\/b>tambi\u00e9n dedic\u00f3 unas palabras llenas de amor a su esposo, recordando la ceremonia que uni\u00f3 a sus familias en Italia.<\/p>\n<p>             <img loading=\"lazy\" decoding=\"async\" src=\"https:\/\/www.europesays.com\/es\/wp-content\/uploads\/2025\/10\/1760330408_975_\" class=\"lazyload\" alt=\"Michelle Salas y Danilo D\u00edaz Granados\"  width=\"1200\" height=\"1500\"\/> <\/p>\n<p>              Michelle Salas y Danilo D\u00edaz Granados<br \/>\n              (Instagram)<\/p>\n<p>Durante la celebraci\u00f3n de su aniversario, <b>Michelle <\/b>tambi\u00e9n dedic\u00f3 unas tiernas palabras a su esposo: \u201cHace un a\u00f1o emprendimos este camino juntos y cada paso a tu lado ha sido m\u00e1s hermoso de lo que jam\u00e1s imagin\u00e9&#8230; Que este sea solo el comienzo de muchos a\u00f1os m\u00e1s juntos llenos de amor, complicidad y sue\u00f1os cumplidos. Te amo con todo mi ser\u201d, escribi\u00f3.<\/p>\n","protected":false},"excerpt":{"rendered":"Michelle Salas tambi\u00e9n celebr\u00f3 su primer a\u00f1o de casada Durante el \u00faltimo a\u00f1o, Michelle Salas y Danilo D\u00edaz&hellip;\n","protected":false},"author":2,"featured_media":173215,"comment_status":"","ping_status":"","sticky":false,"template":"","format":"standard","meta":{"footnotes":""},"categories":[174],"tags":[255,49971,146,147,25,24,2793,256,49972,49973,49974,49975,23],"class_list":{"0":"post-173214","1":"post","2":"type-post","3":"status-publish","4":"format-standard","5":"has-post-thumbnail","7":"category-famosos","8":"tag-celebrities","9":"tag-danilo-diaz-granados","10":"tag-entertainment","11":"tag-entretenimiento","12":"tag-es","13":"tag-espana","14":"tag-espectaculos","15":"tag-famosos","16":"tag-michelle-salas","17":"tag-michelle-salas-boda","18":"tag-michelle-salas-comparte-detalles-de-su-boda","19":"tag-michelle-salas-segundo-aniversario-de-bodas","20":"tag-spain"},"share_on_mastodon":{"url":"","error":""},"_links":{"self":[{"href":"https:\/\/www.europesays.com\/es\/wp-json\/wp\/v2\/posts\/173214","targetHints":{"allow":["GET"]}}],"collection":[{"href":"https:\/\/www.europesays.com\/es\/wp-json\/wp\/v2\/posts"}],"about":[{"href":"https:\/\/www.europesays.com\/es\/wp-json\/wp\/v2\/types\/post"}],"author":[{"embeddable":true,"href":"https:\/\/www.europesays.com\/es\/wp-json\/wp\/v2\/users\/2"}],"replies":[{"embeddable":true,"href":"https:\/\/www.europesays.com\/es\/wp-json\/wp\/v2\/comments?post=173214"}],"version-history":[{"count":0,"href":"https:\/\/www.europesays.com\/es\/wp-json\/wp\/v2\/posts\/173214\/revisions"}],"wp:featuredmedia":[{"embeddable":true,"href":"https:\/\/www.europesays.com\/es\/wp-json\/wp\/v2\/media\/173215"}],"wp:attachment":[{"href":"https:\/\/www.europesays.com\/es\/wp-json\/wp\/v2\/media?parent=173214"}],"wp:term":[{"taxonomy":"category","embeddable":true,"href":"https:\/\/www.europesays.com\/es\/wp-json\/wp\/v2\/categories?post=173214"},{"taxonomy":"post_tag","embeddable":true,"href":"https:\/\/www.europesays.com\/es\/wp-json\/wp\/v2\/tags?post=173214"}],"curies":[{"name":"wp","href":"https:\/\/api.w.org\/{rel}","templated":true}]}}