{"id":173216,"date":"2025-10-13T04:42:15","date_gmt":"2025-10-13T04:42:15","guid":{"rendered":"https:\/\/www.europesays.com\/es\/173216\/"},"modified":"2025-10-13T04:42:15","modified_gmt":"2025-10-13T04:42:15","slug":"chloe-walsh-el-fenomeno-tiktokero-que-arrasa-entre-las-lectoras-ocio-y-cultura","status":"publish","type":"post","link":"https:\/\/www.europesays.com\/es\/173216\/","title":{"rendered":"Chloe Walsh, el fen\u00f3meno tiktokero que arrasa entre las lectoras | Ocio y cultura"},"content":{"rendered":"<p>Chloe Walsh apenas se prodiga. Naci\u00f3 en Cork, Irlanda, donde vive con su familia. Lleva varios a\u00f1os escribiendo romance contempor\u00e1neo, tanto juvenil como new adult, y sus libros se han traducido a m\u00faltiples idiomas. Es una gran amante de los animales, la m\u00fasica y las series de televisi\u00f3n. Comenz\u00f3 autopublic\u00e1ndose y en apenas dos a\u00f1os ha logrado convertirse en fen\u00f3meno mundial, sobre todo, para un p\u00fablico femenino y adolescente, que la ha encumbrado como una de las autoras m\u00e1s virales en plataformas como TikTok, Goodreads o Amazon. \u00abNosotros la empezamos a publicar en enero de 2024, se hab\u00eda publicado el primer libro en noviembre de 2023 en Estados Unidos, pero la verdad es que cuando la contrat\u00e9 ella se autopublicaba, es cierto que ten\u00eda lectores y varios reviews en Amazon, pero tampoco era un s\u00faper fen\u00f3meno. Y de hecho cuando nosotros la empezamos a publicar aqu\u00ed no vendi\u00f3 mucho al inicio, ten\u00eda una venta muy discreta\u00bb, nos cuenta Gemma Vilagin\u00e9s, editora de <a href=\"https:\/\/www.penguinlibros.com\/es\/11375-montena?srsltid=AfmBOoqWVQkHO5Tu2SsFjMHNqN6pCUn1y8gf96formcfzui4RvVWkp-6\" target=\"_blank\" rel=\"nofollow noopener\" title=\"https:\/\/www.penguinlibros.com\/es\/11375-montena?srsltid=AfmBOoqWVQkHO5Tu2SsFjMHNqN6pCUn1y8gf96formcfzui4RvVWkp-6\">Montena<\/a>. <\/p>\n<p>Hace apenas unos d\u00edas se publicaba en Espa\u00f1a &#8216;Releasing 10&#8217;, sexta entrega de &#8216;Los chicos de Tommen&#8217;, una saga sobre primeros amores y protagonistas de instituto, pero que aborda temas mucho m\u00e1s complejos y profundos, como el bulling, la salud mental y las relaciones t\u00f3xicas, y que han convertido a Walsh en autora s\u00faper ventas de The New York Times y del USA Today. \u00abEl primer libro que me le\u00ed fue &#8216;Binding 13&#8217; porque me hab\u00eda salido varios d\u00edas en redes sociales y una amiga m\u00eda se lo hab\u00eda le\u00eddo y le hab\u00eda gustado mucho. Quer\u00eda saber si era tan bueno como dec\u00eda\u00bb, explica Ainara estudiante de 2\u00ba de Bachillerato, fan incondicional de la escritora, que llevaba semanas esperando el nuevo lanzamiento junto a sus amigas, Nuria y Leyre. Las tres coinciden. Empezaron a leerla por recomendaci\u00f3n de alguna amiga o por lo que ve\u00edan de ella en redes, donde las lectoras explican c\u00f3mo se sienten despu\u00e9s de leer los libros o recomiendan el orden para leer la serie. \u00abEs un fen\u00f3meno de boca oreja que BookTok y TikTok han incrementado, es un fen\u00f3meno muy global, no es algo que solo est\u00e9 pasando en un mercado\u00bb explica Vilagin\u00e9s.<\/p>\n<p><img decoding=\"async\" src=\"https:\/\/www.europesays.com\/es\/wp-content\/uploads\/2025\/10\/VPNUVMM7DBGI3KZ7RRMNVMNSAA.jpg\" alt=\"'Binding 13' de Chloe Walsh\" width=\"650\" height=\"975\"  loading=\"lazy\"\/><\/p>\n<p>&#8216;Binding 13&#8217; de Chloe Walsh<\/p>\n<p>Ampliar<img decoding=\"async\" src=\"https:\/\/www.europesays.com\/es\/wp-content\/uploads\/2025\/10\/1760330533_101_VPNUVMM7DBGI3KZ7RRMNVMNSAA.jpg\" alt=\"'Binding 13' de Chloe Walsh\" width=\"650\" height=\"975\" loading=\"lazy\"\/><\/p>\n<p>&#8216;Binding 13&#8217; de Chloe Walsh<\/p>\n<p>Cerrar<\/p>\n<p>Calculan en Montena que las ventas podr\u00edan alcanzar a finales de este a\u00f1o solo en Espa\u00f1a el medio mill\u00f3n de ejemplares. Un \u00e9xito que no solo radica en su viralidad en redes. \u00abNo es un libro de romance cualquiera, cuya trama est\u00e1 subordinada a esa parte de romance, sino que tiene unos personajes con unas historias propias muy desarrolladas, que te hacen empatizar con los personajes, y meterte mucho m\u00e1s en la historia\u00bb, nos cuenta Ainara. \u00abDe sus novelas me engancha todo\u00bb coincide Leyre, \u00abson novelas que no tienen una trama plana y sus personajes est\u00e1n muy desarrollados\u00bb. Y Nuria, \u00abme gusta mucho la importancia de los personajes secundarios, y tambi\u00e9n c\u00f3mo trata ciertos temas que son bastantes duros, pero muy necesarios. Conectas mucho con los personajes y eso me gusta mucho de ella\u00bb.<\/p>\n<p>Y es que la novela no parece que ofrezca nada especialmente diferente a otras que ya se han publicado, pero Walsh introduce otros temas, que ella misma ha vivido, especialmente relacionados con la salud mental, y que han conseguido conectar con sus lectoras y generar un sentimiento de colectividad y de pertenencia. Como nos cuenta Gemma Vilagin\u00e9s \u00absi te cuento la trama me dir\u00e1s que parece una trama cualquiera de cualquier otro libro, pero lo diferencial lo entiendes cuando lo lees, y por eso no es un fen\u00f3meno que dijeras desde el principio, esto va a funcionar\u00bb. Las novelas de &#8216;Los chicos de Tommen&#8217; est\u00e1n protagonizadas por chicos de instituto, \u00abeso permite conectar con los m\u00e1s j\u00f3venes, pero tambi\u00e9n con lectores que puedan estar en la veintena o en la treintena, porque son historias que te llevan a la nostalgia de esos primeros amores\u00bb, con parejas distintas en cada libro pero que todas est\u00e1n relacionadas. <\/p>\n<p>Esos temas complejos son los que han logrado esa conexi\u00f3n y esa trascendencia. \u00abEsto es lo que creo que ha desatado esa pasi\u00f3n por los personajes, porque los acompa\u00f1as en sus crecimientos personales, en algunos casos muy duros. Los secundarios est\u00e1n muy bien construidos tambi\u00e9n, entonces se genera ese sentimiento que se denomina found family, ese sentimiento de comunidad, de pertenecer a un grupo de personas muy cercano que es lo que hace tan especial a la serie\u00bb explica Vilagin\u00e9s. <\/p>\n<p><img decoding=\"async\" src=\"https:\/\/www.europesays.com\/es\/wp-content\/uploads\/2025\/10\/MD73GLQTA5BDLPLCP7LBFFUK3U.webp\" alt=\"'Crep\u00fasculo' de Stephenie Meyer\" width=\"650\" height=\"1003\"  loading=\"lazy\"\/><\/p>\n<p>&#8216;Crep\u00fasculo&#8217; de Stephenie Meyer<\/p>\n<p>Ampliar<img decoding=\"async\" src=\"https:\/\/www.europesays.com\/es\/wp-content\/uploads\/2025\/10\/1760330534_300_MD73GLQTA5BDLPLCP7LBFFUK3U.webp\" alt=\"'Crep\u00fasculo' de Stephenie Meyer\" width=\"650\" height=\"1003\" loading=\"lazy\"\/><\/p>\n<p>&#8216;Crep\u00fasculo&#8217; de Stephenie Meyer<\/p>\n<p>Cerrar<\/p>\n<p>El fen\u00f3meno recuerda al de hace 20 a\u00f1os de la saga &#8216;Crep\u00fasculo&#8217;, de Stephenie Meyer, que supuso el inicio del fan fiction y del auge de las lectoras femeninas, que vendi\u00f3 millones de ejemplares en todo el mundo, tres millones solo en Espa\u00f1a, y que termin\u00f3 convirti\u00e9ndose en un aut\u00e9ntico fen\u00f3meno de masas con su adaptaci\u00f3n al cine, con Kristen Stewart y Robert Pattinson. \u00ab&#8216;Crep\u00fasculo&#8217; son palabras mayores. Chloe Walsh est\u00e1 creciendo mucho, es un fen\u00f3meno hoy en d\u00eda, pero todav\u00eda tiene que crecer m\u00e1s. S\u00ed se podr\u00eda comparar con fen\u00f3menos como &#8216;After&#8217; o con autoras como Mercedes Ron o Joana Marc\u00fas\u00bb.<\/p>\n<p>Mercedes Ron es autora de la saga literaria &#8216;Culpables&#8217;, adaptada al cine y protagonizada por Gabriel Guevara y Nicole Wallace, que esta misma semana estrena su \u00faltima entrega en Amazon, &#8216;Culpa nuestra&#8217;. \u00abPara mi es un sue\u00f1o, siempre cre\u00ed en esta historia y sab\u00eda que si consegu\u00eda el apoyo suficiente pod\u00eda llegar lejos, pero jam\u00e1s imagin\u00e9 que iba a tener este impacto internacional, y que la pel\u00edcula haya funcionado tan bien en otros pa\u00edses y que el libro est\u00e9 yendo tan bien\u00bb. Un fen\u00f3meno impulsado por su traducci\u00f3n al ingl\u00e9s al que se suma un nuevo proyecto &#8216;D\u00edmelo bajito&#8217;, que estrena su adaptaci\u00f3n en diciembre. \u00abLa presi\u00f3n est\u00e1 siempre. Desde que &#8216;Culpable&#8217; se hizo m\u00e1s grande siempre que ten\u00eda que sacar un libro nuevo estaba el miedo de si iba a cumplir las expectativas de la gente. Veremos ahora qu\u00e9 pasa en diciembre porque &#8216;Culpa&#8217; ha dejado el list\u00f3n muy alto\u00bb. <\/p>\n<p><img decoding=\"async\" src=\"https:\/\/www.europesays.com\/es\/wp-content\/uploads\/2025\/10\/BNYGK7EWWBFINGEVUF4YAFLMVY.jpg\" alt=\"Trilog\u00eda 'Culpables' de Mercedes Ron\" width=\"650\" height=\"931\"  loading=\"lazy\"\/><\/p>\n<p>Trilog\u00eda &#8216;Culpables&#8217; de Mercedes Ron<\/p>\n<p>Ampliar<img decoding=\"async\" src=\"https:\/\/www.europesays.com\/es\/wp-content\/uploads\/2025\/10\/1760330535_251_BNYGK7EWWBFINGEVUF4YAFLMVY.jpg\" alt=\"Trilog\u00eda 'Culpables' de Mercedes Ron\" width=\"650\" height=\"931\" loading=\"lazy\"\/><\/p>\n<p>Trilog\u00eda &#8216;Culpables&#8217; de Mercedes Ron<\/p>\n<p>Cerrar<\/p>\n<p>Nos contaba Mercedes Ron que no es verdad que los j\u00f3venes no lean, \u00abno hay persona que no le guste leer sino que no ha encontrado su libro\u00bb. Una idea que comparte Vilagin\u00e9s, \u00abpara mi la clave es que leer vuelve a estar de moda, sobre todo, entre este target de lectoras. Se genera ese sentimiento de querer compartir algo que te ha emocionado mucho. Y el hecho de que sean libros tan largos demuestra que si le damos a las lectoras lo que les gusta, van a leer. Aunque compitamos con otros formatos, el libro todav\u00eda gusta. Frente al consumo de contenido que hacemos hoy en d\u00eda, que es tan intant\u00e1neo, apetece meterte en estas historias de mil p\u00e1ginas y pasar por estos vaivenes personales, que no puedes vivir si no tienes suficiente tiempo para conectar. Adem\u00e1s, se da ese poder compartirlo que antes se hac\u00eda en las clases de instituto o en los clubes de lectura, que se sigue dando pero que ahora puedes compartir con miles y miles de personas m\u00e1s\u00bb. <\/p>\n","protected":false},"excerpt":{"rendered":"Chloe Walsh apenas se prodiga. Naci\u00f3 en Cork, Irlanda, donde vive con su familia. Lleva varios a\u00f1os escribiendo&hellip;\n","protected":false},"author":2,"featured_media":173217,"comment_status":"","ping_status":"","sticky":false,"template":"","format":"standard","meta":{"footnotes":""},"categories":[172],"tags":[224,146,147,25,24,225,23],"class_list":{"0":"post-173216","1":"post","2":"type-post","3":"status-publish","4":"format-standard","5":"has-post-thumbnail","7":"category-libros","8":"tag-books","9":"tag-entertainment","10":"tag-entretenimiento","11":"tag-es","12":"tag-espana","13":"tag-libros","14":"tag-spain"},"share_on_mastodon":{"url":"","error":""},"_links":{"self":[{"href":"https:\/\/www.europesays.com\/es\/wp-json\/wp\/v2\/posts\/173216","targetHints":{"allow":["GET"]}}],"collection":[{"href":"https:\/\/www.europesays.com\/es\/wp-json\/wp\/v2\/posts"}],"about":[{"href":"https:\/\/www.europesays.com\/es\/wp-json\/wp\/v2\/types\/post"}],"author":[{"embeddable":true,"href":"https:\/\/www.europesays.com\/es\/wp-json\/wp\/v2\/users\/2"}],"replies":[{"embeddable":true,"href":"https:\/\/www.europesays.com\/es\/wp-json\/wp\/v2\/comments?post=173216"}],"version-history":[{"count":0,"href":"https:\/\/www.europesays.com\/es\/wp-json\/wp\/v2\/posts\/173216\/revisions"}],"wp:featuredmedia":[{"embeddable":true,"href":"https:\/\/www.europesays.com\/es\/wp-json\/wp\/v2\/media\/173217"}],"wp:attachment":[{"href":"https:\/\/www.europesays.com\/es\/wp-json\/wp\/v2\/media?parent=173216"}],"wp:term":[{"taxonomy":"category","embeddable":true,"href":"https:\/\/www.europesays.com\/es\/wp-json\/wp\/v2\/categories?post=173216"},{"taxonomy":"post_tag","embeddable":true,"href":"https:\/\/www.europesays.com\/es\/wp-json\/wp\/v2\/tags?post=173216"}],"curies":[{"name":"wp","href":"https:\/\/api.w.org\/{rel}","templated":true}]}}