{"id":173222,"date":"2025-10-13T04:46:12","date_gmt":"2025-10-13T04:46:12","guid":{"rendered":"https:\/\/www.europesays.com\/es\/173222\/"},"modified":"2025-10-13T04:46:12","modified_gmt":"2025-10-13T04:46:12","slug":"premio-para-vlachodimos-tras-brillar-en-el-sevilla-con-el-peor-final-posible","status":"publish","type":"post","link":"https:\/\/www.europesays.com\/es\/173222\/","title":{"rendered":"Premio para Vlachodimos tras brillar en el Sevilla con el peor final posible"},"content":{"rendered":"<p class=\"parrafo\"><strong>Odysseas Vlachodimos <\/strong>ha irrumpido con fuerza en el Sevilla una vez que Almeyda le otorg\u00f3 la titularidad y su magn\u00edfico rendimiento en Nervi\u00f3n, con intervenciones claves para sumar puntos, le han brindado <strong>el premio m\u00e1s esperado por el portero grecoalem\u00e1n.<\/strong><\/p>\n<p class=\"parrafo\">De ese modo, despu\u00e9s de haber sido suplente el pasado mi\u00e9rcoles en la derrota contra Escocia por octavo partido consecutivo, <strong>Vlachodimos recuper\u00f3 hoy la titularidad en la selecci\u00f3n helena y parti\u00f3 de inicio en el partido contra Dinamarca <\/strong>en el Parken Stadion de Copenhague, correspondiente al Grupo C de la fase de clasificaci\u00f3n para el Mundial.<\/p>\n<p>Vlachodimos, titular casi un a\u00f1o despu\u00e9s<\/p>\n<p class=\"parrafo\">Despu\u00e9s del grave error de Tzolakis contra los escoceses, <strong>Ivan Jonanovic decidi\u00f3 apostar por el portero sevillista tras reencontrar su mejor versi\u00f3n en Nervi\u00f3n<\/strong>, lo que significaba que recuperaba su puesto habitual antes de que su ostracismo en la Premier se lo arrebatara desde finales de 2024 -su \u00faltima titularidad fue el 17 de noviembre de 2024 ante Finlandia-.<\/p>\n<p><a class=\"elementos-rel-t2\" href=\"https:\/\/www.estadiodeportivo.com\/futbol\/sevilla-fc\/odysseas-vlachodimos-cierra-puerta-del-sevilla-20251006-515296.html\" title=\"Odysseas Vlachodimos cierra la puerta del Sevilla\" rel=\"nofollow noopener\" target=\"_blank\">Odysseas Vlachodimos cierra la puerta del Sevilla<img decoding=\"async\" src=\"https:\/\/www.europesays.com\/es\/wp-content\/uploads\/2025\/10\/9ef20f8b-bda9-4440-8885-53c510eb1e40_320x180.jpeg\" alt=\"Odysseas Vlachodimos cierra la puerta del Sevilla\"\/><\/a><a class=\"elementos-rel-t2\" href=\"https:\/\/www.estadiodeportivo.com\/futbol\/sevilla-fc\/vlachodimos-sobresale-tambien-allende-las-fronteras-20251004-515082.html\" title=\"Vlachodimos sobresale tambi\u00e9n allende las fronteras\" rel=\"nofollow noopener\" target=\"_blank\">Vlachodimos sobresale tambi\u00e9n allende las fronteras<img decoding=\"async\" src=\"https:\/\/www.europesays.com\/es\/wp-content\/uploads\/2025\/10\/97b6cf4c-37c4-41cf-8518-30fd521d3c91_320x180.jpeg\" alt=\"Vlachodimos sobresale tambi\u00e9n allende las fronteras\"\/><\/a><a class=\"elementos-rel-t2\" href=\"https:\/\/www.estadiodeportivo.com\/futbol\/sevilla-fc\/precio-vlachodimos-para-sevilla-20250929-514191.html\" title=\"El precio de Vlachodimos para el Sevilla\" rel=\"nofollow noopener\" target=\"_blank\">El precio de Vlachodimos para el Sevilla<img decoding=\"async\" src=\"https:\/\/www.europesays.com\/es\/wp-content\/uploads\/2025\/10\/8318fb6b-bc37-4713-a55e-90f021939795_320x180.jpeg\" alt=\"El precio de Vlachodimos para el Sevilla\"\/><\/a><\/p>\n<p class=\"parrafo\">Sin duda, u<strong>n motivo de alegr\u00eda para Vlachodimos que, sin embargo, termin\u00f3 de manera amarga<\/strong>, pues la visita al combinado n\u00f3rdico termin\u00f3 con derrota por 3-1 y Grecia se queda sin opciones de clasificarse para el Mundial 2026, pues solo suma tres puntos por los diez de daneses y escoceses. Un duro rev\u00e9s para el meta nervionense, sin posibilides de estar en la cita de Estados Unidos, Canad\u00e1 y M\u00e9xico y que emborrona su ansiado regreso a la porter\u00eda helena.<\/p>\n<p class=\"parrafo\">As\u00ed las cosas, <strong>Dinamarca dej\u00f3 sentenciado el partido en la primera parte <\/strong>con tantos de H\u00f8jlund, Andersen y Damsgaard aprovechando la debilidad de la defensa visitante y de nada sirvi\u00f3 la t\u00edmida reacci\u00f3n griega en la segunda mitad. El gol de Tzolis qued\u00f3 en an\u00e9cdota y solo sirvi\u00f3 para maquillar el resultado.<\/p>\n<p class=\"parrafo\">Curiosamente, <strong>Vlachodimos encaj\u00f3 hoy con su selecci\u00f3n solo un gol menos que en los cuatro partidos disputados como sevillista<\/strong>, en los que ha recibido cuatro, dejando a cero su porter\u00eda contra el Rayo Vallecano con intervenciones de verdadero m\u00e9rito. Seguramente, aunque su regreso no fue el esperado, el meta blanquirrojo volver\u00e1 a consolidarse como el titular en Grecia.<\/p>\n","protected":false},"excerpt":{"rendered":"Odysseas Vlachodimos ha irrumpido con fuerza en el Sevilla una vez que Almeyda le otorg\u00f3 la titularidad y&hellip;\n","protected":false},"author":2,"featured_media":173223,"comment_status":"","ping_status":"","sticky":false,"template":"","format":"standard","meta":{"footnotes":""},"categories":[93],"tags":[168,25,24,284,282,2023,2993,23,167],"class_list":{"0":"post-173222","1":"post","2":"type-post","3":"status-publish","4":"format-standard","5":"has-post-thumbnail","7":"category-deportes","8":"tag-deportes","9":"tag-es","10":"tag-espana","11":"tag-estadio-deportivo","12":"tag-futbol","13":"tag-grecia","14":"tag-sevilla-futbol-club","15":"tag-spain","16":"tag-sports"},"share_on_mastodon":{"url":"","error":""},"_links":{"self":[{"href":"https:\/\/www.europesays.com\/es\/wp-json\/wp\/v2\/posts\/173222","targetHints":{"allow":["GET"]}}],"collection":[{"href":"https:\/\/www.europesays.com\/es\/wp-json\/wp\/v2\/posts"}],"about":[{"href":"https:\/\/www.europesays.com\/es\/wp-json\/wp\/v2\/types\/post"}],"author":[{"embeddable":true,"href":"https:\/\/www.europesays.com\/es\/wp-json\/wp\/v2\/users\/2"}],"replies":[{"embeddable":true,"href":"https:\/\/www.europesays.com\/es\/wp-json\/wp\/v2\/comments?post=173222"}],"version-history":[{"count":0,"href":"https:\/\/www.europesays.com\/es\/wp-json\/wp\/v2\/posts\/173222\/revisions"}],"wp:featuredmedia":[{"embeddable":true,"href":"https:\/\/www.europesays.com\/es\/wp-json\/wp\/v2\/media\/173223"}],"wp:attachment":[{"href":"https:\/\/www.europesays.com\/es\/wp-json\/wp\/v2\/media?parent=173222"}],"wp:term":[{"taxonomy":"category","embeddable":true,"href":"https:\/\/www.europesays.com\/es\/wp-json\/wp\/v2\/categories?post=173222"},{"taxonomy":"post_tag","embeddable":true,"href":"https:\/\/www.europesays.com\/es\/wp-json\/wp\/v2\/tags?post=173222"}],"curies":[{"name":"wp","href":"https:\/\/api.w.org\/{rel}","templated":true}]}}