{"id":173234,"date":"2025-10-13T04:54:20","date_gmt":"2025-10-13T04:54:20","guid":{"rendered":"https:\/\/www.europesays.com\/es\/173234\/"},"modified":"2025-10-13T04:54:20","modified_gmt":"2025-10-13T04:54:20","slug":"el-maravilla-melilla-suma-su-primera-victoria-con-autoridad-en-la-cancha-del-pozuelo-22-30","status":"publish","type":"post","link":"https:\/\/www.europesays.com\/es\/173234\/","title":{"rendered":"El Maravilla Melilla suma su primera victoria con autoridad en la cancha del Pozuelo (22-30)"},"content":{"rendered":"<p>\n\t\t\t\t\tEl Club Balonmano T-Maravilla Melilla logr\u00f3 su primera victoria de la temporada al vencer 22-30 al BM Pozuelo de Calatrava, dominando el partido con un s\u00f3lido juego defensivo y ofensivo, destacando Giovanna como m\u00e1xima goleadora.\t\t\t\t<\/p>\n<p><strong>El Club Balonmano T-Maravilla Melilla estren\u00f3 este s\u00e1bado su casillero de victorias, tras imponerse con claridad al BM Pozuelo de Calatrava por 22-30, en el encuentro correspondiente a la tercera jornada del Grupo D de la Divisi\u00f3n de Honor Plata Femenina. El conjunto melillense firm\u00f3 un partido muy completo, dominando de principio a fin y mostrando una notable solidez, tanto en defensa como en ataque, lo que le permiti\u00f3 sumar dos puntos de gran valor para reforzar su confianza en el inicio de curso.<\/strong><\/p>\n<p>Desde los primeros compases, el equipo de Faisal Salmi dej\u00f3 claras sus intenciones, mostrando intensidad defensiva y un juego ofensivo muy fluido. El cuadro melillense se distanci\u00f3 pronto en el marcador, gracias a su acierto en los contragolpes y a una buena lectura del juego posicional. Los parciales de la primera mitad reflejaron su dominio: 1-2, 3-7, 4-10, 5-13, 7-16 y 8-19 al descanso.<\/p>\n<p>En la segunda parte, el Maravilla Melilla mantuvo el control del partido, administrando su ventaja y dando minutos a las jugadoras m\u00e1s j\u00f3venes del equipo. A pesar de algunas exclusiones y de la reacci\u00f3n final del conjunto manchego, las melillenses no vieron peligrar el resultado en ning\u00fan momento.<\/p>\n<p>Los parciales del segundo tiempo fueron 11-19, 13-25, 16-26, 18-28, 20-29 y 22-30, lo que evidenci\u00f3 la superioridad visitante.<\/p>\n<p>Giovanna fue la m\u00e1xima goleadora del encuentro con ocho tantos, liderando un ataque coral en el que pr\u00e1cticamente todas las jugadoras aportaron en faceta ofensiva. El equipo destac\u00f3 especialmente en defensa, cerrando bien los espacios y dificultando el juego interior de las locales, adem\u00e1s de aprovechar con eficacia las transiciones r\u00e1pidas.<\/p>\n<p id=\"pvc_stats_10328939\" class=\"pvc_stats total_only  pvc_load_by_ajax_update\" data-element-id=\"10328939\" style=\"\"> <img loading=\"lazy\" class=\"lazy\" decoding=\"async\" width=\"16\" height=\"16\" alt=\"Loading\" src=\"https:\/\/www.europesays.com\/es\/wp-content\/uploads\/2025\/10\/1759987271_991_ajax-loader-2x.gif\" border=\"0\"\/><\/p>\n<p>\t\t\t<img decoding=\"async\" class=\"aioseo-author-bio-compact-image lazy\" src=\"https:\/\/www.europesays.com\/es\/wp-content\/uploads\/2025\/10\/1760331260_423_12617fd1044ec1cdf84c9fcc894e40ee529e9240cb60f6449ec8152bfef3fe40\" alt=\"avatar de autor\"\/><\/p>\n","protected":false},"excerpt":{"rendered":"El Club Balonmano T-Maravilla Melilla logr\u00f3 su primera victoria de la temporada al vencer 22-30 al BM Pozuelo&hellip;\n","protected":false},"author":2,"featured_media":173235,"comment_status":"","ping_status":"","sticky":false,"template":"","format":"standard","meta":{"footnotes":""},"categories":[278],"tags":[376,168,25,24,375,23,167],"class_list":{"0":"post-173234","1":"post","2":"type-post","3":"status-publish","4":"format-standard","5":"has-post-thumbnail","7":"category-balonmano","8":"tag-balonmano","9":"tag-deportes","10":"tag-es","11":"tag-espana","12":"tag-handball","13":"tag-spain","14":"tag-sports"},"share_on_mastodon":{"url":"","error":""},"_links":{"self":[{"href":"https:\/\/www.europesays.com\/es\/wp-json\/wp\/v2\/posts\/173234","targetHints":{"allow":["GET"]}}],"collection":[{"href":"https:\/\/www.europesays.com\/es\/wp-json\/wp\/v2\/posts"}],"about":[{"href":"https:\/\/www.europesays.com\/es\/wp-json\/wp\/v2\/types\/post"}],"author":[{"embeddable":true,"href":"https:\/\/www.europesays.com\/es\/wp-json\/wp\/v2\/users\/2"}],"replies":[{"embeddable":true,"href":"https:\/\/www.europesays.com\/es\/wp-json\/wp\/v2\/comments?post=173234"}],"version-history":[{"count":0,"href":"https:\/\/www.europesays.com\/es\/wp-json\/wp\/v2\/posts\/173234\/revisions"}],"wp:featuredmedia":[{"embeddable":true,"href":"https:\/\/www.europesays.com\/es\/wp-json\/wp\/v2\/media\/173235"}],"wp:attachment":[{"href":"https:\/\/www.europesays.com\/es\/wp-json\/wp\/v2\/media?parent=173234"}],"wp:term":[{"taxonomy":"category","embeddable":true,"href":"https:\/\/www.europesays.com\/es\/wp-json\/wp\/v2\/categories?post=173234"},{"taxonomy":"post_tag","embeddable":true,"href":"https:\/\/www.europesays.com\/es\/wp-json\/wp\/v2\/tags?post=173234"}],"curies":[{"name":"wp","href":"https:\/\/api.w.org\/{rel}","templated":true}]}}