{"id":173257,"date":"2025-10-13T05:15:09","date_gmt":"2025-10-13T05:15:09","guid":{"rendered":"https:\/\/www.europesays.com\/es\/173257\/"},"modified":"2025-10-13T05:15:09","modified_gmt":"2025-10-13T05:15:09","slug":"el-gobierno-busca-blindar-el-derecho-al-aborto-en-la-constitucion-tras-la-polemica-en-madrid-el-pais-expres","status":"publish","type":"post","link":"https:\/\/www.europesays.com\/es\/173257\/","title":{"rendered":"El Gobierno busca blindar el derecho al aborto en la Constituci\u00f3n tras la pol\u00e9mica en Madrid | El PA\u00cdS Expr\u00e9s"},"content":{"rendered":"<p><img fetchpriority=\"high\" alt=\"Manifestantes derecho al aborto libre en la Sanidad P\u00fablica\" decoding=\"auto\" class=\"_re  a_m-h\" height=\"414\"  width=\"414\"  src=\"https:\/\/www.europesays.com\/es\/wp-content\/uploads\/2025\/10\/GOZVI32OKNFVLMQRL4KRZHPVI4.jpg\" loading=\"eager\"\/>Varias personas durante una concentraci\u00f3n para exigir el derecho al aborto libre en la sanidad p\u00fablica para todas, frente al Ministerio de Sanidad, a 28 de septiembre de 2025, en Madrid (Espa\u00f1a). La concentraci\u00f3n, convocada por el Movimiento Feminista de Madrid se ha llevado a cabo bajo el lema \u0091\u00a1Ven! Con nuestro derecho a decidir no se juega\u0092.&#13;<br \/>\n28 SEPTIEMBRE 2025;CONCENTRACI\u00d3N;MADRID;DERECHO AL ABORTO;ABORTO LIBRE;ABORTO;SANIDAD P\u00daBLICA;FEMINISMO&#13;<br \/>\nMatias Chiofalo \/ Europa Press&#13;<br \/>\n28\/09\/2025Foto: Matias Chiofalo (Europa Press)<\/p>\n<p class=\"\">El Gobierno prepara una reforma de la Constituci\u00f3n para incluir expl\u00edcitamente el derecho al aborto. <\/p>\n<ul>\n<li>El cambio consistir\u00eda en a\u00f1adir una frase al art\u00edculo 43.3, que hoy se refiere a la educaci\u00f3n sanitaria, la educaci\u00f3n f\u00edsica y el ocio, para que los poderes p\u00fablicos \u201cvelen por el derecho a la interrupci\u00f3n voluntaria del embarazo\u201d. <\/li>\n<li>Con esta reforma, el Ejecutivo busca blindar el aborto frente a una posible involuci\u00f3n si PP y Vox llegaran al poder.<\/li>\n<\/ul>\n<p class=\"\"><b>\u00bfPor qu\u00e9 ahora? <\/b>Por la pol\u00e9mica surgida en Madrid, tras el apoyo del Ayuntamiento a una propuesta de Vox para \u201cinformar\u201d sobre un supuesto s\u00edndrome posaborto, algo no avalado por la ciencia.<\/p>\n<p class=\"\"><b>\u00bfDe d\u00f3nde surge la idea? <\/b>De Sumar, que ya en marzo de 2024 plante\u00f3 una redacci\u00f3n para reconocer el aborto como \u201cun derecho libre, informado, pleno y universal\u201d. <\/p>\n<p class=\"\"><b>\u00bfCu\u00e1ndo se aprobar\u00e1?<\/b> La Moncloa pretende llevar el texto al Consejo de Ministros este martes o el pr\u00f3ximo, aunque fuentes jur\u00eddicas advierten de que los plazos t\u00e9cnicos podr\u00edan retrasarlo. <\/p>\n<ul>\n<li>Una vez aprobado por el Gobierno, deber\u00e1 recibir el visto bueno del Consejo de Estado y del Consejo General del Poder Judicial antes de llegar al Congreso.<\/li>\n<\/ul>\n<p class=\"\"><b>\u00bfTiene posibilidades de salir adelante?<\/b> Casi nulas. Para modificar la Constituci\u00f3n se necesitan tres quintos del Congreso, y el PP ya ha anunciado que votar\u00e1 en contra, lo que hace inviable su aprobaci\u00f3n.<\/p>\n<p class=\"\">\u00a9Foto: Matias Chiofalo (Europa Press)<\/p>\n<p class=\"\"><a href=\"https:\/\/elpais.com\/espana\/2025-10-13\/el-gobierno-ultima-la-propuesta-de-reforma-de-la-constitucion-para-blindar-el-aborto.html\" target=\"_self\" rel=\"nofollow noopener\" title=\"https:\/\/elpais.com\/espana\/2025-10-13\/el-gobierno-ultima-la-propuesta-de-reforma-de-la-constitucion-para-blindar-el-aborto.html\">Si quieres saber m\u00e1s, puedes leer aqu\u00ed.<\/a><\/p>\n","protected":false},"excerpt":{"rendered":"Varias personas durante una concentraci\u00f3n para exigir el derecho al aborto libre en la sanidad p\u00fablica para todas,&hellip;\n","protected":false},"author":2,"featured_media":173258,"comment_status":"","ping_status":"","sticky":false,"template":"","format":"standard","meta":{"footnotes":""},"categories":[8],"tags":[17020,17,18,11298,25,24,13,14,582,11,19,20,205,9,10,15,16,956,23,12,21,22,624],"class_list":{"0":"post-173257","1":"post","2":"type-post","3":"status-publish","4":"format-standard","5":"has-post-thumbnail","7":"category-espana","8":"tag-aborto","9":"tag-breaking-news","10":"tag-breakingnews","11":"tag-constitucion","12":"tag-es","13":"tag-espana","14":"tag-featured-news","15":"tag-featurednews","16":"tag-gobierno","17":"tag-headlines","18":"tag-latest-news","19":"tag-latestnews","20":"tag-madrid","21":"tag-news","22":"tag-noticias","23":"tag-noticias-destacadas","24":"tag-noticiasdestacadas","25":"tag-pp","26":"tag-spain","27":"tag-titulares","28":"tag-ultimas-noticias","29":"tag-ultimasnoticias","30":"tag-vox"},"share_on_mastodon":{"url":"","error":""},"_links":{"self":[{"href":"https:\/\/www.europesays.com\/es\/wp-json\/wp\/v2\/posts\/173257","targetHints":{"allow":["GET"]}}],"collection":[{"href":"https:\/\/www.europesays.com\/es\/wp-json\/wp\/v2\/posts"}],"about":[{"href":"https:\/\/www.europesays.com\/es\/wp-json\/wp\/v2\/types\/post"}],"author":[{"embeddable":true,"href":"https:\/\/www.europesays.com\/es\/wp-json\/wp\/v2\/users\/2"}],"replies":[{"embeddable":true,"href":"https:\/\/www.europesays.com\/es\/wp-json\/wp\/v2\/comments?post=173257"}],"version-history":[{"count":0,"href":"https:\/\/www.europesays.com\/es\/wp-json\/wp\/v2\/posts\/173257\/revisions"}],"wp:featuredmedia":[{"embeddable":true,"href":"https:\/\/www.europesays.com\/es\/wp-json\/wp\/v2\/media\/173258"}],"wp:attachment":[{"href":"https:\/\/www.europesays.com\/es\/wp-json\/wp\/v2\/media?parent=173257"}],"wp:term":[{"taxonomy":"category","embeddable":true,"href":"https:\/\/www.europesays.com\/es\/wp-json\/wp\/v2\/categories?post=173257"},{"taxonomy":"post_tag","embeddable":true,"href":"https:\/\/www.europesays.com\/es\/wp-json\/wp\/v2\/tags?post=173257"}],"curies":[{"name":"wp","href":"https:\/\/api.w.org\/{rel}","templated":true}]}}