{"id":173273,"date":"2025-10-13T05:29:09","date_gmt":"2025-10-13T05:29:09","guid":{"rendered":"https:\/\/www.europesays.com\/es\/173273\/"},"modified":"2025-10-13T05:29:09","modified_gmt":"2025-10-13T05:29:09","slug":"oriol-nolis-las-televisiones-que-atendemos-al-audiovisual-en-catalan-hemos-de-colaborar-noticias-de-cataluna","status":"publish","type":"post","link":"https:\/\/www.europesays.com\/es\/173273\/","title":{"rendered":"Oriol Nolis: \u201cLas televisiones que atendemos al audiovisual en catal\u00e1n hemos de colaborar\u201d | Noticias de Catalu\u00f1a"},"content":{"rendered":"<p class=\"\">Ma\u00f1ana, en Catalu\u00f1a, <a href=\"https:\/\/elpais.com\/espana\/catalunya\/2025-03-31\/el-canal-en-catalan-de-tve-iniciara-sus-emisiones-en-pruebas-en-torno-al-11-de-septiembre.html\" target=\"_self\" rel=\"nofollow noopener\" title=\"https:\/\/elpais.com\/espana\/catalunya\/2025-03-31\/el-canal-en-catalan-de-tve-iniciara-sus-emisiones-en-pruebas-en-torno-al-11-de-septiembre.html\">La 2 de TVE pasar\u00e1 a llamarse La 2 Cat<\/a>. No es un cambio cosm\u00e9tico de nomenclatura, una ocurrencia. La frecuencia que ahora ocupa La2 ofrecer\u00e1 inicialmente hasta un 70% de programaci\u00f3n en catal\u00e1n y mantendr\u00e1 unos pocos espacios del actual segundo canal. Adem\u00e1s, La 2 Cat podr\u00e1 verse en directo o a la carta en la plataforma de RTVE Play. Y tambi\u00e9n ah\u00ed, quien quiera, est\u00e9 donde est\u00e9, podr\u00e1 seguir <a href=\"https:\/\/elpais.com\/noticias\/la-2\/\" target=\"_self\" rel=\"nofollow noopener\" title=\"https:\/\/elpais.com\/noticias\/la-2\/\">la programaci\u00f3n de La 2<\/a>. Oriol Nolis (46 a\u00f1os) es el director de La 2 Cat. Periodista y escritor, conoce las esquinas de la casa donde ha tenido distintos desempe\u00f1os. Por ejemplo, presentar informativos. Afronta el reto sin temores. \u201cCon ilusi\u00f3n y responsabilidad, pero sin miedo. Para hacer bien un trabajo como este, no hay que tener miedo a perderlo\u201d. Desde que recibi\u00f3 el encargo de levantar La 2 Cat dej\u00f3 de tejer su tercera novela, aunque no ha abandonado alg\u00fan alivio intelectual como matricularse en el Institut d\u2019Humanitats en un curso sobre Thomas Mann. <\/p>\n<p class=\"\"><b>Pregunta:<\/b> <a href=\"https:\/\/elpais.com\/espana\/catalunya\/2023-09-22\/oriol-nolis-dimite-como-director-de-rtve-en-cataluna.html#:~:text=Oriol%20Nolis%20ha%20anunciado%20este,labor%E2%80%9D%20que%20se%20hab%C3%ADa%20propuesto.\" target=\"_self\" rel=\"nofollow noopener\" title=\"https:\/\/elpais.com\/espana\/catalunya\/2023-09-22\/oriol-nolis-dimite-como-director-de-rtve-en-cataluna.html#:~:text=Oriol%20Nolis%20ha%20anunciado%20este,labor%E2%80%9D%20que%20se%20hab%C3%ADa%20propuesto.\">En 2023 renunci\u00f3 a su puesto de director de RTVE en Catalu\u00f1a<\/a>. \u00bfQu\u00e9 pas\u00f3 entonces y qu\u00e9 ha pasado ahora para que regrese a un cargo directivo?<\/p>\n<p class=\"\"><b>Respuesta:<\/b> En 2023 tuve la certeza de que el proyecto que quise poner en marcha estaba acabado. Aumentamos las horas en catal\u00e1n, un programa en este idioma gan\u00f3 el Ondas, dimos otra imagen de TVE, etc. Y hab\u00eda cierto cansancio por mi parte despu\u00e9s de haber puesto en marcha una quincena de programas en aquellos dos a\u00f1os y medio. Nunca he sido una persona prisionera de un cargo o de un sueldo. Funciono por objetivos. Cuando <a href=\"https:\/\/elpais.com\/noticias\/jose-pablo-lopez-sanchez\/\" target=\"_self\" rel=\"nofollow noopener\" title=\"https:\/\/elpais.com\/noticias\/jose-pablo-lopez-sanchez\/\">el presidente de RTVE, Jos\u00e9 Pablo L\u00f3pez<\/a>, me propuso esta nueva tarea, a pesar de que quer\u00eda volver al periodismo, pens\u00e9 que era un proyecto singular y que ciertos trenes \u00fanicamente pasan una vez o nunca. Algunos amigos me advert\u00edan de que era temerario, pero es m\u00e1s importante intentarlo, aunque pueda salir mal, que rechazarlo por miedo. De momento est\u00e1 yendo bien. Hab\u00eda las ganas y la necesidad de un proyecto de esta envergadura.<\/p>\n<p class=\"\"><b>P.<\/b> El consejo de administraci\u00f3n aprob\u00f3 el proyecto de La 2 Cat con la \u00fanica abstenci\u00f3n del PP, sin votos negativos. \u00bfEsto le da tranquilidad pol\u00edtica?<\/p>\n<p class=\"\"><b>R.<\/b> S\u00ed. Era necesario que la televisi\u00f3n p\u00fablica normalizase una oferta que existe en otros pa\u00edses con similar mapa ling\u00fc\u00edstico. Estar atento a \u00e9l. Corregir el retroceso del catal\u00e1n es algo que deber\u00eda preocuparnos a todos y todos hemos de sentirnos responsables. Tambi\u00e9n el operador audiovisual m\u00e1s importante de Espa\u00f1a. Me siento respaldado por el consejo de administraci\u00f3n. No soy ajeno a la pol\u00edtica corporativa y al debate sobre si<a href=\"https:\/\/elpais.com\/television\/2020-08-11\/tve-apuesta-por-mas-horas-de-programas-en-catalan-en-la-2-en-cataluna.html\" target=\"_self\" rel=\"nofollow noopener\" title=\"https:\/\/elpais.com\/television\/2020-08-11\/tve-apuesta-por-mas-horas-de-programas-en-catalan-en-la-2-en-cataluna.html\"> La 2 Cat deb\u00eda emitirse en lugar de La 2 o en otra frecuencia, pero no es mi responsabilidad<\/a>. A m\u00ed me preocupa cumplir con el encargo de ampliar la oferta existente en Catalu\u00f1a. Soy un periodista independiente y defiendo con u\u00f1as y dientes las decisiones que tomo en mi \u00e1mbito competencial. A lo otro le dedico el tiempo justo.<\/p>\n<p class=\"\"><b>P.<\/b> En alguna ocasi\u00f3n ha dicho que desear\u00eda para las televisiones p\u00fablicas una autonom\u00eda parecida a la de las universidades. \u00bfCree que eso llegar\u00e1 o los pol\u00edticos siempre tendr\u00e1n la apetencia de controlar los medios p\u00fablicos?<\/p>\n<p class=\"\"><b>R.<\/b> Nunca llegar\u00e1. Tengo buenos amigos en los partidos y <a href=\"https:\/\/elpais.com\/politica\/2017\/06\/23\/actualidad\/1498247156_845065.html\" target=\"_self\" rel=\"nofollow noopener\" title=\"https:\/\/elpais.com\/politica\/2017\/06\/23\/actualidad\/1498247156_845065.html\">nadie quiere para los medios p\u00fablicos una autonom\u00eda como la que deber\u00edan tener<\/a>. Los medios p\u00fablicos estamos para fiscalizar al poder y si \u00e9ste nos controla demasiado\u2026 se dificulta esta funci\u00f3n. No hemos de ser transmisores de los mensajes pol\u00edticos, sino espejo del p\u00fablico potencial al que nos dirigimos. Hemos de dar instrumentos para opinar a la ciudadan\u00eda y rebatir las mentiras. Los pol\u00edticos desconf\u00edan de los periodistas que dirigen los medios. Ahora bien, los periodistas tambi\u00e9n hemos de practicar la autocr\u00edtica.<\/p>\n<p class=\"\"><b>P.<\/b> \u00bfSe ha olvidado el papel de TVE en Catalu\u00f1a en los a\u00f1os setenta del siglo pasado cuando introdujo contenidos cr\u00edticos y en catal\u00e1n, varios en pleno franquismo, en la televisi\u00f3n? <\/p>\n<p class=\"\"><b>R.<\/b> Hemos de poner en valor el legado audiovisual de RTVE en Catalu\u00f1a y proyectarlo hacia el futuro con nuevas maneras de hacer televisi\u00f3n. Por ejemplo, con el programa Temps enrere.<\/p>\n<p><img decoding=\"auto\" class=\"_re lazyload a_m-h\" height=\"277\"  width=\"414\"  src=\"https:\/\/www.europesays.com\/es\/wp-content\/uploads\/2025\/10\/5X43DUUOBRDUXGZ4BOGMKYGJCM.jpg\" loading=\"lazy\"\/>Oriol Nolis, en la sede de Televisi\u00f3n Espa\u00f1ola del barrio de Poblenou de Barcelona.Massimiliano Minocri<\/p>\n<p class=\"\"><b>P.<\/b> \u00bfLa exportaci\u00f3n de programas con profesionales como Marc Gir\u00f3 o T\u00e0nia Sarrias a la parrilla en castellano de TVE debilita o fortalece el centro de producci\u00f3n de Sant Cugat?<\/p>\n<p class=\"\"><b>R.<\/b> Es un orgullo que formatos que empiezan en catal\u00e1n se hagan luego en toda Espa\u00f1a. Y ahora haremos la operaci\u00f3n inversa. El manresano Jacob Petrus, sin abandonar <a href=\"https:\/\/elpais.com\/cultura\/2018\/06\/01\/television\/1527845413_087161.html\" target=\"_self\" rel=\"nofollow noopener\" title=\"https:\/\/elpais.com\/cultura\/2018\/06\/01\/television\/1527845413_087161.html\">Aqu\u00ed la Tierra, grabar\u00e1 una versi\u00f3n en catal\u00e1n<\/a>. No ser\u00e1 una traducci\u00f3n. El mismo prescriptor y la misma marca presentar\u00e1n contenidos distintos para el p\u00fablico en Catalu\u00f1a.<\/p>\n<p class=\"\"><b>P.<\/b> \u00bfQu\u00e9 ha convencido a Jordi Bast\u00e9, Xavier Bund\u00f3, l\u00edderes de la radio en catal\u00e1n, o a Cristina Villanueva, que ha dejado La Sexta, a comprometerse en este proyecto?<\/p>\n<p class=\"\"><b>R.<\/b> Hemos sido capaces de transmitir ilusi\u00f3n. Me espantan las expectativas que hemos generado.<\/p>\n<p class=\"\"><b>P.<\/b> <a href=\"https:\/\/elpais.com\/television\/2025-10-07\/jordi-hurtado-cristina-villanueva-oriol-nolis-y-gemma-nierga-las-caras-de-la-nueva-2cat.html\" target=\"_self\" rel=\"nofollow noopener\" title=\"https:\/\/elpais.com\/television\/2025-10-07\/jordi-hurtado-cristina-villanueva-oriol-nolis-y-gemma-nierga-las-caras-de-la-nueva-2cat.html\">El lema de La 2 Cat, \u201cla que parla com tu\u201d<\/a> (\u201cla que habla como t\u00fa\u201d), no debe entenderse \u00fanicamente en clave ling\u00fc\u00edstica.<\/p>\n<p class=\"\"><b>R.<\/b> Debe entenderse en clave de proximidad. Una televisi\u00f3n p\u00fablica lo m\u00e1s transversal posible donde todos se vean reflejados.<\/p>\n<p class=\"\"><b>P.<\/b> Tambi\u00e9n dice que ser\u00e1 complementaria\u2026<\/p>\n<p class=\"\"><b>R.<\/b> Ahora no hay suficiente espacio para todos los contenidos en catal\u00e1n imaginables. Nosotros lo ampliaremos con cosas que no se hacen o haci\u00e9ndolas de manera distinta. Ser complementario no quiere decir vampirizar a nadie. Se pueden hacer cosas de otra manera, ni mejor ni peor. Poder escoger en catal\u00e1n como pasa en la radio (SER Catalunya, RAC 1, Catalunya R\u00e0dio\u2026) no pasa en televisi\u00f3n y queremos que pase.<\/p>\n<p class=\"\"><b>P.<\/b> Hacer lo que anuncian, con 11 millones de presupuesto para 2026, suena a milagro. \u00bfVa a ser una televisi\u00f3n pobre o es que hay una cultura del derroche en muchas televisiones p\u00fablicas?<\/p>\n<p class=\"\"><b>R.<\/b> Estamos en una fase de rodaje. El Consejo de Administraci\u00f3n aprob\u00f3 el proyecto a finales de marzo y en octubre estrenamos el canal. Hemos ido muy deprisa, pero es una carrera de fondo. En televisi\u00f3n, los resultados, las audiencias, no llegan r\u00e1pidamente. Terminaremos 2025 con un 60-70% en catal\u00e1n. C\u00f3mo acabaremos el 2026 y empezaremos en 2027, cu\u00e1nto creceremos, no lo tengo claro. No s\u00e9 cu\u00e1l ser\u00e1 el presupuesto y la capacidad productiva de Sant Cugat en el 2027. Hacer televisi\u00f3n es caro. No haremos Masterchef ni OT. Hemos ajustado los formatos a un presupuesto modesto, pero eso no quiere decir que no sean de mucha calidad. La colaboraci\u00f3n con las productoras privadas est\u00e1 siendo provechosa. <\/p>\n<p class=\"\"><b>P.<\/b> \u00bfSer\u00e1 amigable la competencia con TV3? \u00bfNo hay resquemores onom\u00e1sticos tras el cambio de marca de la Corporaci\u00f3n Catalana de RTV que ha lanzado el 3Cat?<\/p>\n<p class=\"\"><b>R.<\/b> <a href=\"https:\/\/elpais.com\/espana\/catalunya\/2025-04-02\/3cat-contra-2cat-tv3-intenta-blindar-su-imagen-corporativa-ante-el-nuevo-canal-en-catalan-de-tve.html\" target=\"_self\" rel=\"nofollow noopener\" title=\"https:\/\/elpais.com\/espana\/catalunya\/2025-04-02\/3cat-contra-2cat-tv3-intenta-blindar-su-imagen-corporativa-ante-el-nuevo-canal-en-catalan-de-tve.html\">Ya es totalmente amigable. Viniendo de La 2 tiene toda la l\u00f3gica que nos llamemos La 2 Cat<\/a>. El nombre manifiesta una identidad. No pod\u00edamos renunciar a llamarnos como nos llamamos. Por otra parte, en un momento con tanta oferta audiovisual, y mucha que llega de fuera, quienes atendemos al audiovisual en catal\u00e1n hemos de crear sinergias. Cada uno desde su propia identidad. De hecho, ya existen y me gustar\u00eda avanzar. Adem\u00e1s de la coproducci\u00f3n de documentales y series\u2026 por qu\u00e9 no pensar en colaborar, por ejemplo, para convocar un debate electoral. Hay un precedente de colaboraci\u00f3n entre TV3 y TVE que fue muy bien: el Canal Ol\u00edmpico. Dialogar y pactar fortalece, no debilita.<\/p>\n","protected":false},"excerpt":{"rendered":"Ma\u00f1ana, en Catalu\u00f1a, La 2 de TVE pasar\u00e1 a llamarse La 2 Cat. No es un cambio cosm\u00e9tico&hellip;\n","protected":false},"author":2,"featured_media":173274,"comment_status":"","ping_status":"","sticky":false,"template":"","format":"standard","meta":{"footnotes":""},"categories":[171],"tags":[1773,6061,1980,146,147,25,24,13037,23,807,49985,214,7151,3156],"class_list":{"0":"post-173273","1":"post","2":"type-post","3":"status-publish","4":"format-standard","5":"has-post-thumbnail","7":"category-tv","8":"tag-audiovisuales","9":"tag-catalan","10":"tag-cataluna","11":"tag-entertainment","12":"tag-entretenimiento","13":"tag-es","14":"tag-espana","15":"tag-la-2","16":"tag-spain","17":"tag-television","18":"tag-television-autonomica","19":"tag-tv","20":"tag-tv3","21":"tag-tve"},"share_on_mastodon":{"url":"","error":""},"_links":{"self":[{"href":"https:\/\/www.europesays.com\/es\/wp-json\/wp\/v2\/posts\/173273","targetHints":{"allow":["GET"]}}],"collection":[{"href":"https:\/\/www.europesays.com\/es\/wp-json\/wp\/v2\/posts"}],"about":[{"href":"https:\/\/www.europesays.com\/es\/wp-json\/wp\/v2\/types\/post"}],"author":[{"embeddable":true,"href":"https:\/\/www.europesays.com\/es\/wp-json\/wp\/v2\/users\/2"}],"replies":[{"embeddable":true,"href":"https:\/\/www.europesays.com\/es\/wp-json\/wp\/v2\/comments?post=173273"}],"version-history":[{"count":0,"href":"https:\/\/www.europesays.com\/es\/wp-json\/wp\/v2\/posts\/173273\/revisions"}],"wp:featuredmedia":[{"embeddable":true,"href":"https:\/\/www.europesays.com\/es\/wp-json\/wp\/v2\/media\/173274"}],"wp:attachment":[{"href":"https:\/\/www.europesays.com\/es\/wp-json\/wp\/v2\/media?parent=173273"}],"wp:term":[{"taxonomy":"category","embeddable":true,"href":"https:\/\/www.europesays.com\/es\/wp-json\/wp\/v2\/categories?post=173273"},{"taxonomy":"post_tag","embeddable":true,"href":"https:\/\/www.europesays.com\/es\/wp-json\/wp\/v2\/tags?post=173273"}],"curies":[{"name":"wp","href":"https:\/\/api.w.org\/{rel}","templated":true}]}}