{"id":173275,"date":"2025-10-13T05:32:13","date_gmt":"2025-10-13T05:32:13","guid":{"rendered":"https:\/\/www.europesays.com\/es\/173275\/"},"modified":"2025-10-13T05:32:13","modified_gmt":"2025-10-13T05:32:13","slug":"estar-cerca-de-el-me-ayudo","status":"publish","type":"post","link":"https:\/\/www.europesays.com\/es\/173275\/","title":{"rendered":"Estar cerca de \u00e9l me ayud\u00f3&#8230;"},"content":{"rendered":"\n<p> 2025-10-12<br \/>\n           <\/p>\n<p class=\"p_0\"><b>Kylian Mbapp\u00e9 <\/b>se ha sincerado como nunca antes en una charla profunda con Jorge Valdano en Universo Valdano para Movistar+. El delantero del <b>Real Madrid<\/b>, que ha sido protagonista de una de las transferencias m\u00e1s comentadas de la \u00faltima d\u00e9cada, ha compartido detalles de su carrera, su relaci\u00f3n con <b>Lionel Messi <\/b>y su decisi\u00f3n de rechazar a la Casa Blanca en 2017.<\/p>\n<p class=\"p_1\">Durante la entrevista, <b><a rel=\"noopener noreferrer nofollow\" href=\"https:\/\/www.diez.hn\/internacionales\/mbappe-silencia-espana-lamine-yamal-mensaje-inesperado-tienen-jugadores-no-saben-que-es-un-mundial-KD27711874\" target=\"_blank\">Mbapp\u00e9<\/a> <\/b>record\u00f3 con cari\u00f1o sus dos temporadas en las que comparti\u00f3 vestuario con Messi en el PSG. \u201cFue una suerte jugar con Leo. No pensaba que iba a hacerlo en mi carrera, porque mi sue\u00f1o siempre fue el Real Madrid y pensaba que \u00e9l estar\u00eda toda su vida en el Barcelona. Agradezco todo lo que aprend\u00ed de un jugador tan especial\u201d.<\/p>\n<p>    <a class=\"priority-content\" href=\"https:\/\/www.diez.hn\/internacionales\/mbappe-silencia-espana-lamine-yamal-mensaje-inesperado-tienen-jugadores-no-saben-que-es-un-mundial-KD27711874\" data-embedded-article=\"27711874\" data-embedded-template=\"\/T\/IMG_TIT_LEAD\" rel=\"nofollow noopener\" target=\"_blank\">Mbapp\u00e9 silencia a toda Espa\u00f1a con mensaje inesperado: \u00abTienen jugadores que no saben lo que es un Mundial\u00bb<\/a>   <\/p>\n<p class=\"p_2\">&#8216;Kiki&#8217; no solo destac\u00f3 las cualidades futbol\u00edsticas de <b><a rel=\"noopener noreferrer nofollow\" href=\"https:\/\/www.diez.hn\/mls\/messi-firma-otro-recital-mls-victima-atlanta-united-joven-hondureno-mascherano-FD27710621\" target=\"_blank\">Messi<\/a><\/b>, sino tambi\u00e9n su humanidad. \u201cEs una persona que me sorprendi\u00f3 porque es muy normal dentro del vestuario. Lleg\u00f3 con respeto a todo el mundo y como jugador es \u00fanico. Hab\u00eda que estar cerca de \u00e9l, mirar c\u00f3mo toca el bal\u00f3n, c\u00f3mo finaliza, c\u00f3mo ve el juego. Estar cerca de \u00e9l me ayud\u00f3 much\u00edsimo a entender m\u00e1s el juego\u201d, confes\u00f3 el &#8217;10&#8217; franc\u00e9s.<\/p>\n<p class=\"p_3\">Aunque su paso por Par\u00eds ha sido muy especial, el delantero dej\u00f3 claro que su sue\u00f1o siempre fue el <b><a rel=\"noopener noreferrer nofollow\" href=\"https:\/\/www.diez.hn\/internacionales\/real-madrid-en-vilo-este-es-el-tiempo-que-estara-de-baja-de-mbappe-y-la-otra-figura-que-fue-afectada-por-la-fecha-fifa-CC27706163\" target=\"_blank\">Real Madrid<\/a><\/b>. Sin embargo, la oportunidad no lleg\u00f3 en 2017 cuando, tras su paso por el M\u00f3naco, pero en el club blanco estaba en plena era de <b>Cristiano Ronaldo<\/b>, <b>Karim Benzema <\/b>y <b>Gareth Bale: <\/b>\u201cEn ese momento fue muy claro. Cuando me fui del M\u00f3naco, el objetivo claro era jugar. En el Madrid estaban Benzema, Cristiano y Bale y yo no quer\u00eda estar en el banquillo. Todos los clubes de Europa me dec\u00edan que iba a jugar y en el Madrid sab\u00eda que no lo har\u00eda\u201d, afirm\u00f3 Mbapp\u00e9.<\/p>\n<p class=\"p_4\">\u201cClaro que era mi sue\u00f1o, pero jugar titular es un privilegio y ten\u00eda la oportunidad de estar en casa, en Par\u00eds. Tuve siete a\u00f1os incre\u00edbles ah\u00ed. El orgullo de jugar d\u00f3nde naciste es especial, pero claro que ten\u00eda el sue\u00f1o de jugar en el Madrid. Fue incre\u00edble jugar en Par\u00eds\u201d, expres\u00f3.<\/p>\n<p class=\"p_5\">A pesar de haber tomado la decisi\u00f3n de quedarse en el <b>PSG<\/b>, <b>Mbapp\u00e9 <\/b>asegura que no se arrepiente de su trayectoria, aunque fue consciente de los errores que cometi\u00f3. \u201cToda experiencia, como los errores que cometes, te ayudan en tu carrera. Yo he cometido muchos errores en mi carrera y estoy orgulloso de haberlos cometido, porque no son muy graves y, sin embargo, te ayudan en el camino. A ser la persona que soy hoy. Alguien que puede estar muy arriba en el campo, pero en la vida luego es normal: con momentos felices, tristes; con cosas que sabes hacer, otras que no&#8230; La clave es escuchar. Y no hacer siempre lo mismo\u201d.<\/p>\n<p class=\"p_6\">Ya establecido como una de las grandes figuras del <b>Real Madrid<\/b>, <b>Mbapp\u00e9 <\/b>tambi\u00e9n habl\u00f3 de su adaptaci\u00f3n al club. \u201cParece que soy jugador espa\u00f1ol por el cari\u00f1o que me muestran. Al llegar, el club me pidi\u00f3 que no saliera mucho, pero ahora veo que se respeta mucho la privacidad. Me sorprendi\u00f3 lo bien que me han tratado desde el primer d\u00eda\u201d.<\/p>\n<p>   <a class=\"priority-content\" href=\"https:\/\/www.diez.hn\/fotogalerias\/lamine-yamal-desconvocado-espana-lesion-reaparece-nicky-nicole-polemicas-vacaciones-DD27713176\" data-embedded-article=\"27713176\" data-embedded-template=\"\/T\/IMG_TIT_LEAD\" rel=\"nofollow noopener\" target=\"_blank\">Lamine Yamal fue desconvocado de Espa\u00f1a por lesi\u00f3n y causa pol\u00e9mica al reaparecer de vacaciones junto a Nicky Nicole<\/a>   <\/p>\n<p class=\"p_7\">El delantero tambi\u00e9n detall\u00f3 c\u00f3mo ha vivido el cambio de <b>Ancelotti <\/b>a <b>Xabi Alonso<\/b>, reconociendo las diferencias entre ambos entrenadores: \u201cSon diferentes, dos generaciones de entrenadores que se cruzan. Ancelotti es uno de los mejores de la historia y Xabi quiere demostrar su valor. Es joven, tiene muchas ganas de conseguir cosas y nosotros queremos ayudarle a ganar todos los t\u00edtulos posibles\u201d.<\/p>\n<p class=\"p_8\">Otro aspecto que sorprendi\u00f3 en la charla fue su cambio f\u00edsico tras una enfermedad que le hizo perder peso. \u201cPerd\u00ed siete kilos cuando estuve enfermo y recuper\u00e9 dos o tres. Tengo menos peso que el a\u00f1o pasado y me siento muy bien. Es un a\u00f1o importante con el Real Madrid y la selecci\u00f3n. Ya empezamos a entender lo que el m\u00edster quiere de nosotros, pero tenemos que mejorar para llegar donde queremos\u201d, concluy\u00f3 diciendo el goleador del conjunto merengue.<\/p>\n","protected":false},"excerpt":{"rendered":"2025-10-12 Kylian Mbapp\u00e9 se ha sincerado como nunca antes en una charla profunda con Jorge Valdano en Universo&hellip;\n","protected":false},"author":2,"featured_media":173276,"comment_status":"","ping_status":"","sticky":false,"template":"","format":"standard","meta":{"footnotes":""},"categories":[93],"tags":[168,25,24,3048,23,167],"class_list":{"0":"post-173275","1":"post","2":"type-post","3":"status-publish","4":"format-standard","5":"has-post-thumbnail","7":"category-deportes","8":"tag-deportes","9":"tag-es","10":"tag-espana","11":"tag-real-madrid","12":"tag-spain","13":"tag-sports"},"share_on_mastodon":{"url":"","error":""},"_links":{"self":[{"href":"https:\/\/www.europesays.com\/es\/wp-json\/wp\/v2\/posts\/173275","targetHints":{"allow":["GET"]}}],"collection":[{"href":"https:\/\/www.europesays.com\/es\/wp-json\/wp\/v2\/posts"}],"about":[{"href":"https:\/\/www.europesays.com\/es\/wp-json\/wp\/v2\/types\/post"}],"author":[{"embeddable":true,"href":"https:\/\/www.europesays.com\/es\/wp-json\/wp\/v2\/users\/2"}],"replies":[{"embeddable":true,"href":"https:\/\/www.europesays.com\/es\/wp-json\/wp\/v2\/comments?post=173275"}],"version-history":[{"count":0,"href":"https:\/\/www.europesays.com\/es\/wp-json\/wp\/v2\/posts\/173275\/revisions"}],"wp:featuredmedia":[{"embeddable":true,"href":"https:\/\/www.europesays.com\/es\/wp-json\/wp\/v2\/media\/173276"}],"wp:attachment":[{"href":"https:\/\/www.europesays.com\/es\/wp-json\/wp\/v2\/media?parent=173275"}],"wp:term":[{"taxonomy":"category","embeddable":true,"href":"https:\/\/www.europesays.com\/es\/wp-json\/wp\/v2\/categories?post=173275"},{"taxonomy":"post_tag","embeddable":true,"href":"https:\/\/www.europesays.com\/es\/wp-json\/wp\/v2\/tags?post=173275"}],"curies":[{"name":"wp","href":"https:\/\/api.w.org\/{rel}","templated":true}]}}