{"id":173314,"date":"2025-10-13T06:05:17","date_gmt":"2025-10-13T06:05:17","guid":{"rendered":"https:\/\/www.europesays.com\/es\/173314\/"},"modified":"2025-10-13T06:05:17","modified_gmt":"2025-10-13T06:05:17","slug":"volkanovski-releva-a-topuria-y-recupera-su-trono-en-el-peso-pluma-relevo","status":"publish","type":"post","link":"https:\/\/www.europesays.com\/es\/173314\/","title":{"rendered":"Volkanovski releva a Topuria y recupera su trono en el peso pluma\n| Relevo"},"content":{"rendered":"<p class=\"paragraph\" data-mrf-recirculation=\"Links art\u00edculo\">En una noche cargada de expectaci\u00f3n en el Kaseya Center de Miami, <strong>Alexander Volkanovski volvi\u00f3 a mirar desde lo m\u00e1s alto.<\/strong> El australiano se reencontr\u00f3 con la victoria grande, esa que redime y que silencia dudas, <strong>al imponerse a Diego Lopes por decisi\u00f3n un\u00e1nime<\/strong>, tras cinco asaltos intensos y t\u00e1cticos<strong>, para alzar el Campeonato de <\/strong><a class=\"link\" href=\"https:\/\/www.relevo.com\/mma\/ufc\/\" target=\"_self\" rel=\"nofollow noopener\"><strong>UFC<\/strong><\/a><strong> del peso pluma <\/strong>(estaba vacante tras la renuncia de Topuria para subir al <a class=\"link\" data-voc-vtm-id=\"in-text-traffic\" href=\"https:\/\/www.relevo.com\/mma\/ufc\/categorias-peso-20221219102356-nt.html\" target=\"_self\" rel=\"nofollow noopener\">peso ligero<\/a>). Fue un combate m\u00e1s cerebral que visceral, en el que la experiencia y la capacidad de adaptaci\u00f3n del excampe\u00f3n marcaron la diferencia.<\/p>\n<p class=\"paragraph\" data-mrf-recirculation=\"Links art\u00edculo\">Volkanovski no ven\u00eda solo con el peso del reto deportivo. A sus 36 a\u00f1os cargaba tambi\u00e9n con las secuelas de dos nocauts brutales (<a class=\"link\" data-voc-vtm-id=\"in-text-traffic\" href=\"https:\/\/www.relevo.com\/mma\/ufc\/makhachev-despeja-dudas-espectacular-sobre-20231021223010-nt.html\" target=\"_self\" rel=\"nofollow noopener\">Makhachev<\/a> y <a class=\"link\" data-voc-vtm-id=\"in-text-traffic\" href=\"https:\/\/www.relevo.com\/mma\/ufc\/cronica-20240216020612-nt.html\" target=\"_self\" rel=\"nofollow noopener\">Topuria<\/a>) y con el murmullo de quienes ya le ve\u00edan superado. <strong>Pero el s\u00e1bado, dentro del oct\u00e1gono, mostr\u00f3 una versi\u00f3n pulida, calculadora y profundamente determinada<\/strong>. Volk ten\u00eda menor alcance y lo intent\u00f3 solventar con velocidad. Lopes le conect\u00f3 con alguna acci\u00f3n, pero el asalto fue para el australiano. <strong>En el segundo acto la pelea se puso todav\u00eda m\u00e1s vibrante.<\/strong> El excampe\u00f3n mandaba, pero <strong>Lopes le envi\u00f3 al suelo con un mano, lo que puso en tablas el pleito y dej\u00f3 claro que todo pod\u00eda suceder<\/strong>. El brasile\u00f1o era muy peligroso y era algo con lo que Volkanovski deb\u00eda jugar. Adem\u00e1s, tras un golpe fue cortado en el ojo izquierdo, lo que podr\u00eda afectarle en la visi\u00f3n. <\/p>\n<p class=\"paragraph\" data-mrf-recirculation=\"Links art\u00edculo\">A partir del tercero, eso s\u00ed, todo pareci\u00f3 encauzarse. El australiano tom\u00f3 el mando con su estilo caracter\u00edstico: pasos laterales, cambio de ritmos, combinaciones al cuerpo y el uso de las fintas para frenar la agresividad del brasile\u00f1o. <strong>Cuando estaba en el centro del oct\u00e1gono dominaba y se vio.<\/strong> La pelea fue igualada, con opciones para la promesa, pero Volk estaba c\u00f3modo y supo ofrecer lo que ped\u00eda la pelea en cada momento. Las tarjetas cayeron del lado de la leyenda: <strong>49-46, 49-46 y 48-47.<\/strong> Volkanovski todav\u00eda tiene cuerda para rato y Miami lo confirm\u00f3. <\/p>\n<p class=\"paragraph\" data-mrf-recirculation=\"Links art\u00edculo\">La imagen del final fue poderosa. Cuando le colocaron el cintur\u00f3n, <strong>Volkanovski rompi\u00f3 en emoci\u00f3n contenida, con la mirada al cielo y los labios temblorosos.<\/strong> \u00abLa adversidad es un privilegio\u00bb, dijo segundos despu\u00e9s, y esas palabras pesaron tanto como los golpes que hab\u00eda lanzado: no hablaba solo de la pelea, hablaba de todo lo que lo hab\u00eda tra\u00eddo hasta all\u00ed.<\/p>\n<p class=\"paragraph\" data-mrf-recirculation=\"Links art\u00edculo\">La cartelera estelar de UFC 314 acompa\u00f1\u00f3 con nombres y actuaciones que tambi\u00e9n dejaron huella. <strong>Paddy Pimblett sorprendi\u00f3 al mundo al noquear a Michael Chandler<\/strong> en el tercer asalto con un derechazo perfecto que lo posiciona como un top10 de la divisi\u00f3n. <strong>Yair Rodr\u00edguez, por su parte, fren\u00f3 el debut de <\/strong><a class=\"link\" href=\"https:\/\/www.relevo.com\/mma\/ufc\/pesca-descalabro-principal-rival-ficha-20250410220148-nt.html\" target=\"_self\" rel=\"nofollow noopener\"><strong>Patr\u00edcio \u00abPitbull\u00bb Freire<\/strong><\/a> con una victoria clara por decisi\u00f3n un\u00e1nime (triple 30-27), en un combate que mezcl\u00f3 lo t\u00e9cnico con lo emocional. Tambi\u00e9n brill\u00f3<strong> Jean Silva<\/strong>, quien someti\u00f3 a Bryce Mitchell con un \u00abninja choke\u00bb impecable en el segundo asalto, confirmando su amenaza en el peso pluma. Y cerrando la lista, <strong>Dominick Reyes<\/strong> volvi\u00f3 a saborear el triunfo tras a\u00f1os de altibajos, noqueando a Nikita Krylov en el primer round y dejando claro que a\u00fan tiene p\u00f3lvora en los pu\u00f1os.<\/p>\n<p class=\"paragraph\" data-mrf-recirculation=\"Links art\u00edculo\">Pero, por encima de todos, la noche fue de Volkanovski. Porque hay victorias que se celebran como campeonatos, y hay campeonatos que se celebran como redenciones. UFC 314 fue ambas cosas para \u00e9l.<\/p>\n<ul class=\"topics__content\" data-mrf-recirculation=\"Topics\">\n<li class=\"topics__item-link\">\nTEMAS:\n<\/li>\n<li class=\"topics__item-link\">\n<a href=\"https:\/\/www.relevo.com\/mma\/luchadores\/volkanovski\/\" class=\"topics__item\" title=\"Alexander Volkanovski\" rel=\"nofollow noopener\" target=\"_blank\">Alexander Volkanovski<\/a>\n<\/li>\n<li class=\"topics__item-link\">\n<a href=\"https:\/\/www.relevo.com\/mma\/luchadores\/ilia-topuria\/\" class=\"topics__item\" title=\"Ilia Topuria\" rel=\"nofollow noopener\" target=\"_blank\">Ilia Topuria<\/a>\n<\/li>\n<\/ul>\n","protected":false},"excerpt":{"rendered":"En una noche cargada de expectaci\u00f3n en el Kaseya Center de Miami, Alexander Volkanovski volvi\u00f3 a mirar desde&hellip;\n","protected":false},"author":2,"featured_media":173315,"comment_status":"","ping_status":"","sticky":false,"template":"","format":"standard","meta":{"footnotes":""},"categories":[276],"tags":[168,25,24,853,20698,6833,16740,23,167,348,18226,343,8887],"class_list":{"0":"post-173314","1":"post","2":"type-post","3":"status-publish","4":"format-standard","5":"has-post-thumbnail","7":"category-ufc","8":"tag-deportes","9":"tag-es","10":"tag-espana","11":"tag-peso","12":"tag-pluma","13":"tag-recupera","14":"tag-releva","15":"tag-spain","16":"tag-sports","17":"tag-topuria","18":"tag-trono","19":"tag-ufc","20":"tag-volkanovski"},"share_on_mastodon":{"url":"","error":""},"_links":{"self":[{"href":"https:\/\/www.europesays.com\/es\/wp-json\/wp\/v2\/posts\/173314","targetHints":{"allow":["GET"]}}],"collection":[{"href":"https:\/\/www.europesays.com\/es\/wp-json\/wp\/v2\/posts"}],"about":[{"href":"https:\/\/www.europesays.com\/es\/wp-json\/wp\/v2\/types\/post"}],"author":[{"embeddable":true,"href":"https:\/\/www.europesays.com\/es\/wp-json\/wp\/v2\/users\/2"}],"replies":[{"embeddable":true,"href":"https:\/\/www.europesays.com\/es\/wp-json\/wp\/v2\/comments?post=173314"}],"version-history":[{"count":0,"href":"https:\/\/www.europesays.com\/es\/wp-json\/wp\/v2\/posts\/173314\/revisions"}],"wp:featuredmedia":[{"embeddable":true,"href":"https:\/\/www.europesays.com\/es\/wp-json\/wp\/v2\/media\/173315"}],"wp:attachment":[{"href":"https:\/\/www.europesays.com\/es\/wp-json\/wp\/v2\/media?parent=173314"}],"wp:term":[{"taxonomy":"category","embeddable":true,"href":"https:\/\/www.europesays.com\/es\/wp-json\/wp\/v2\/categories?post=173314"},{"taxonomy":"post_tag","embeddable":true,"href":"https:\/\/www.europesays.com\/es\/wp-json\/wp\/v2\/tags?post=173314"}],"curies":[{"name":"wp","href":"https:\/\/api.w.org\/{rel}","templated":true}]}}