{"id":173326,"date":"2025-10-13T06:13:22","date_gmt":"2025-10-13T06:13:22","guid":{"rendered":"https:\/\/www.europesays.com\/es\/173326\/"},"modified":"2025-10-13T06:13:22","modified_gmt":"2025-10-13T06:13:22","slug":"el-pionero-de-la-fotografia-que-creo-300-empleos-en-alhaurin-de-la-torre","status":"publish","type":"post","link":"https:\/\/www.europesays.com\/es\/173326\/","title":{"rendered":"El pionero de la fotograf\u00eda que cre\u00f3 300 empleos en Alhaur\u00edn de la Torre"},"content":{"rendered":"<p>Si fuera un personaje de c\u00f3mic, podr\u00eda ser Jimmy Olsen, el amigo de Superman, fot\u00f3grafo del Daily Planet, que, como si fuera Cartier-Bresson, no  &#8230; quer\u00eda soltar la c\u00e1mara, por si se le escapaba el instante decisivo. Bartolom\u00e9 Ros no es ficci\u00f3n. Naci\u00f3 en Los Dolores, una pedan\u00eda de Cartagena, en 1906, y en 1918, lleg\u00f3 a Ceuta, con su padre, su madre y su hermana.<\/p>\n<p class=\"v-p\">En la ciudad norteafricana, con apenas estudios, por la escasez de recursos familiares, despert\u00f3 su talento con la fotograf\u00eda y, tras conocer los rudimentos de este oficio y arte, en el estudio de los hermanos Calatayud, cuando no ten\u00eda todav\u00eda 14 a\u00f1os, pidi\u00f3 prestado a su padre dinero para comprar una c\u00e1mara Contessa Nettel de Zeiss y un peque\u00f1o laboratorio, se hizo un experto en revelar en el hueco de la escalera de su casa. Comenz\u00f3 a trabajar, como recuerda su hija Rosa Ros Amador, con una clientela de militares, aficionados a los toros o personas que iban por la calle.<\/p>\n<p class=\"v-p\">Tuvo la oportunidad de plasmar visitas de personalidades, la vida militar, la creaci\u00f3n del Tercio de Extranjeros y estampas \u00fanicas del Protectorado Espa\u00f1ol de Marruecos. Ilustr\u00f3 las p\u00e1ginas de ABC, Blanco y Negro y un sinf\u00edn de publicaciones, hasta el n\u00famero especial de marzo de 1929 que, la revista norteamericana National Geographic Magazine, dedic\u00f3 a Espa\u00f1a. Tras llegar a un acuerdo con AGFA, cuando todav\u00eda era menor de edad, lo que hizo que el contrato lo firmara su progenitor, crea Casa Ros en Ceuta y empieza a colaborar con la empresa Philips. Su negocio se expande por T\u00e1nger y otras ciudades importantes y, en 1952, instala los laboratorios centrales en Tetu\u00e1n. En 1955, la independencia marroqu\u00ed, le obliga a volver a la pen\u00ednsula y, aunque tiene que empezar de cero, en 1963 logra fundar el laboratorio Ros Fotocolor en Madrid que, en 1969 abre una sucursal en Alhaur\u00edn de la Torre. Fue cinco a\u00f1os antes de fallecer en la capital de Espa\u00f1a, el 29 de diciembre de 1974. En el municipio alhaurino lo recuerdan con exposici\u00f3n en el Centro Cultural &#8216;Vicente Aleixandre&#8217;, abierta hasta el 31 de octubre.<\/p>\n<p>El trasatl\u00e1ntico Roma-Ceuta. 1924; Primera jura de bandera de la Legi\u00f3n, en Ceuta, octubre de 1920 e inauguraci\u00f3n del muelle &#8216;Alfonso XIII&#8217;, en Ceuta, 1928.<\/p>\n<p>Bartolom\u00e9 Ros<\/p>\n<p><img decoding=\"async\" loading=\"lazy\" src=\"https:\/\/www.europesays.com\/es\/wp-content\/uploads\/2025\/10\/barco_20251010212443-U07521004757WGN-1200x841@Diario Sur.jpg\" class=\"v-mdl__img-z\" width=\"1200\" height=\"841\" alt=\"Imagen principal - El trasatl\u00e1ntico Roma-Ceuta. 1924; Primera jura de bandera de la Legi\u00f3n, en Ceuta, octubre de 1920 e inauguraci\u00f3n del muelle 'Alfonso XIII', en Ceuta, 1928.\"\/><\/p>\n<p><img decoding=\"async\" loading=\"lazy\" src=\"https:\/\/www.europesays.com\/es\/wp-content\/uploads\/2025\/10\/legion_20251010212458-U54535418573gJj-1200x851@Diario Sur.jpg\" class=\"v-mdl__img-z\" width=\"1200\" height=\"851\" alt=\"Imagen secundaria 1 - El trasatl\u00e1ntico Roma-Ceuta. 1924; Primera jura de bandera de la Legi\u00f3n, en Ceuta, octubre de 1920 e inauguraci\u00f3n del muelle 'Alfonso XIII', en Ceuta, 1928.\"\/><\/p>\n<p><img decoding=\"async\" loading=\"lazy\" src=\"https:\/\/www.europesays.com\/es\/wp-content\/uploads\/2025\/10\/muelle_20251010212510-U32155355138QuH-711x841@Diario Sur.jpg\" class=\"v-mdl__img-z\" width=\"711\" height=\"841\" alt=\"Imagen secundaria 2 - El trasatl\u00e1ntico Roma-Ceuta. 1924; Primera jura de bandera de la Legi\u00f3n, en Ceuta, octubre de 1920 e inauguraci\u00f3n del muelle 'Alfonso XIII', en Ceuta, 1928.\"\/><\/p>\n<p class=\"v-p\">El alcalde, Joaqu\u00edn Villanova; el concejal de Cultura, Manuel L\u00f3pez, y la hija del protagonista, Rosa Ros, inauguraron la retrospectiva en la que el m\u00e1ximo responsable municipal asegur\u00f3: \u00abEra un fot\u00f3grafo brillante y cre\u00f3 la mejor empresa de revelado de toda Espa\u00f1a en Madrid y en Alhaur\u00edn de la Torre, con m\u00e1s de 300 puestos de trabajo directos en el municipio. Estamos muy agradecidos\u00bb.<\/p>\n<p><img decoding=\"async\" loading=\"lazy\" src=\"https:\/\/www.europesays.com\/es\/wp-content\/uploads\/2025\/10\/expo-U78826474528otY-650x455@Diario Sur.jpeg\" class=\"v-a-img\" width=\"650\" height=\"455\" alt=\"Dos mujeres observan, en la muestra inaugurada  en Alhaur\u00edn de la Torre,  la famosa fotograf\u00eda que Bartolom\u00e9 Ros tom\u00f3 a Franco y Mill\u00e1n Astray, abrazados, mientras entonaban c\u00e1nticos legionarios.\" data-voc-vtm-id=\"in-text-traffic\"\/><\/p>\n<p>Dos mujeres observan, en la muestra inaugurada  en Alhaur\u00edn de la Torre,  la famosa fotograf\u00eda que Bartolom\u00e9 Ros tom\u00f3 a Franco y Mill\u00e1n Astray, abrazados, mientras entonaban c\u00e1nticos legionarios.<\/p>\n<p>SUR<\/p>\n<p><img loading=\"lazy\" decoding=\"async\" src=\"https:\/\/www.europesays.com\/es\/wp-content\/uploads\/2025\/10\/expo_20251010213208-U75105403207ccU-1920x1344@Diario Sur.jpeg\" class=\"v-mdl__img-z\" width=\"1920\" height=\"1344\" alt=\"\"\/><\/p>\n<p class=\"v-p\">Despu\u00e9s de diez a\u00f1os de estudio y catalogaci\u00f3n, el archivo fotogr\u00e1fico personal de Ros, que fue hallado en 1983, fue expuesto en Ceuta y recogido en el cat\u00e1logo \u00abMemorias de ausencia\u00bb.<\/p>\n<p>Llegada al cuartel de Dar Riffien del Rey Alfonso XIII. 5 de octubre de 1927; Zoco del trigo. Tetu\u00e1n, 1928 y retrato del gran visir Sidi Mohamed Ben Azuz.<\/p>\n<p>Bartolom\u00e9 Ros<\/p>\n<p><img decoding=\"async\" loading=\"lazy\" src=\"https:\/\/www.europesays.com\/es\/wp-content\/uploads\/2025\/10\/alfonso-U63417140638xMW-1200x841@Diario Sur.jpg\" class=\"v-mdl__img-z\" width=\"1200\" height=\"841\" alt=\"Imagen principal - Llegada al cuartel de Dar Riffien del Rey Alfonso XIII. 5 de octubre de 1927; Zoco del trigo. Tetu\u00e1n, 1928 y retrato del gran visir Sidi Mohamed Ben Azuz.\"\/><\/p>\n<p><img decoding=\"async\" loading=\"lazy\" src=\"https:\/\/www.europesays.com\/es\/wp-content\/uploads\/2025\/10\/zoco-U48322804463wvL-1200x851@Diario Sur.jpg\" class=\"v-mdl__img-z\" width=\"1200\" height=\"851\" alt=\"Imagen secundaria 1 - Llegada al cuartel de Dar Riffien del Rey Alfonso XIII. 5 de octubre de 1927; Zoco del trigo. Tetu\u00e1n, 1928 y retrato del gran visir Sidi Mohamed Ben Azuz.\"\/><\/p>\n<p><img decoding=\"async\" loading=\"lazy\" src=\"https:\/\/www.europesays.com\/es\/wp-content\/uploads\/2025\/10\/visir-U12003115646vOq-711x841@Diario Sur.jpg\" class=\"v-mdl__img-z\" width=\"711\" height=\"841\" alt=\"Imagen secundaria 2 - Llegada al cuartel de Dar Riffien del Rey Alfonso XIII. 5 de octubre de 1927; Zoco del trigo. Tetu\u00e1n, 1928 y retrato del gran visir Sidi Mohamed Ben Azuz.\"\/><\/p>\n<p class=\"v-p\">Desde entonces, precisa orgullosa Rosa Ros, este tesoro se ha exhibido en numerosas ciudades espa\u00f1olas, en la London School of Economics, presentado por el historiador Paul Preston o en el Instituto Cervantes, que las expuso en sus cinco sedes marroqu\u00edes, adem\u00e1s de mantener una exposici\u00f3n virtual en redes. Un premio con el nombre de Bartolom\u00e9 Ros fue entregado, hasta 2019, en el marco del festival PhotoEspa\u00f1a, como prueba de su prestigio. <\/p>\n<p class=\"v-p\">Recientemente, su familia ha alcanzado un acuerdo con Ciudad Aut\u00f3noma de Ceuta para que este patrimonio visual tenga all\u00ed su sede.<\/p>\n","protected":false},"excerpt":{"rendered":"Si fuera un personaje de c\u00f3mic, podr\u00eda ser Jimmy Olsen, el amigo de Superman, fot\u00f3grafo del Daily Planet,&hellip;\n","protected":false},"author":2,"featured_media":173327,"comment_status":"","ping_status":"","sticky":false,"template":"","format":"standard","meta":{"footnotes":""},"categories":[173],"tags":[914,14827,229,233,231,230,10345,232,234,2737,146,147,25,24,244,15159,23,5344],"class_list":{"0":"post-173326","1":"post","2":"type-post","3":"status-publish","4":"format-standard","5":"has-post-thumbnail","7":"category-arte-y-diseno","8":"tag-914","9":"tag-alhaurin","10":"tag-arte","11":"tag-arte-y-diseno","12":"tag-arts","13":"tag-arts-and-design","14":"tag-creo","15":"tag-design","16":"tag-diseno","17":"tag-empleos","18":"tag-entertainment","19":"tag-entretenimiento","20":"tag-es","21":"tag-espana","22":"tag-fotografia","23":"tag-pionero","24":"tag-spain","25":"tag-torre"},"share_on_mastodon":{"url":"","error":""},"_links":{"self":[{"href":"https:\/\/www.europesays.com\/es\/wp-json\/wp\/v2\/posts\/173326","targetHints":{"allow":["GET"]}}],"collection":[{"href":"https:\/\/www.europesays.com\/es\/wp-json\/wp\/v2\/posts"}],"about":[{"href":"https:\/\/www.europesays.com\/es\/wp-json\/wp\/v2\/types\/post"}],"author":[{"embeddable":true,"href":"https:\/\/www.europesays.com\/es\/wp-json\/wp\/v2\/users\/2"}],"replies":[{"embeddable":true,"href":"https:\/\/www.europesays.com\/es\/wp-json\/wp\/v2\/comments?post=173326"}],"version-history":[{"count":0,"href":"https:\/\/www.europesays.com\/es\/wp-json\/wp\/v2\/posts\/173326\/revisions"}],"wp:featuredmedia":[{"embeddable":true,"href":"https:\/\/www.europesays.com\/es\/wp-json\/wp\/v2\/media\/173327"}],"wp:attachment":[{"href":"https:\/\/www.europesays.com\/es\/wp-json\/wp\/v2\/media?parent=173326"}],"wp:term":[{"taxonomy":"category","embeddable":true,"href":"https:\/\/www.europesays.com\/es\/wp-json\/wp\/v2\/categories?post=173326"},{"taxonomy":"post_tag","embeddable":true,"href":"https:\/\/www.europesays.com\/es\/wp-json\/wp\/v2\/tags?post=173326"}],"curies":[{"name":"wp","href":"https:\/\/api.w.org\/{rel}","templated":true}]}}